{"id":7303,"date":"2021-10-02T07:51:13","date_gmt":"2021-10-02T05:51:13","guid":{"rendered":"https:\/\/kulturonline.tv\/?p=7303"},"modified":"2021-10-02T08:49:11","modified_gmt":"2021-10-02T06:49:11","slug":"bayerische-nationalmuseum-ausstellung-portraire-2-bis-31-oktober-2021","status":"publish","type":"post","link":"https:\/\/kulturonline.tv\/de\/bayerische-nationalmuseum-ausstellung-portraire-2-bis-31-oktober-2021\/","title":{"rendered":"Bayerische Nationalmuseum: Ausstellung \u201ePortraire\u201c 2.bis 31.Oktober 2021"},"content":{"rendered":"\n<p>Die <strong>Ausstellung \u201ePortraire\u201c mit Werken der K\u00fcnstler Johannes Brus, Kevin Clark<\/strong> <strong>und Kilian Saueressig<\/strong>.<\/p>\n\n\n\n<p><strong>Drei K\u00fcnstler \u2013 drei Herangehensweisen \u2013 ein Thema: Das Portr\u00e4t. \u00dcber Jahrhunderte machte diese Bildgattung unz\u00e4hlige Wandel durch und erfand sich immer wieder neu.\u00a0<\/strong><\/p>\n\n\n\n<figure class=\"wp-block-image size-large\"><img fetchpriority=\"high\" decoding=\"async\" width=\"1600\" height=\"800\" src=\"https:\/\/kulturonline.tv\/wp-content\/uploads\/2021\/10\/Kultur-Online-Tv-3-1600x800.png\" alt=\"\" class=\"wp-image-7333\" srcset=\"https:\/\/kulturonline.tv\/wp-content\/uploads\/2021\/10\/Kultur-Online-Tv-3-1600x800.png 1600w, https:\/\/kulturonline.tv\/wp-content\/uploads\/2021\/10\/Kultur-Online-Tv-3-600x300.png 600w, https:\/\/kulturonline.tv\/wp-content\/uploads\/2021\/10\/Kultur-Online-Tv-3-800x400.png 800w, https:\/\/kulturonline.tv\/wp-content\/uploads\/2021\/10\/Kultur-Online-Tv-3-768x384.png 768w, https:\/\/kulturonline.tv\/wp-content\/uploads\/2021\/10\/Kultur-Online-Tv-3-1536x768.png 1536w, https:\/\/kulturonline.tv\/wp-content\/uploads\/2021\/10\/Kultur-Online-Tv-3-2048x1024.png 2048w\" sizes=\"(max-width: 1600px) 100vw, 1600px\" \/><figcaption>Pressekonferenz: Manfred M\u00f6ller,Kevin Clarke, Kilian Saueressig, Dr.Frank Matthias Kammel&nbsp;<\/figcaption><\/figure>\n\n\n\n<p>Drei aktuelle Beispiele f\u00fcr Mischformen aus Malerei und Fotografie vereint die Ausstellung \u201ePortraire\u201c.&nbsp;Pr\u00e4sentiert werden K\u00fcnstler, deren Stil, Vorgehensweise und Lebensweg unterschiedlicher kaum sein k\u00f6nnten: Johannes Brus, Kevin Clarke und Kilian Saueressig.<\/p>\n\n\n\n<p>Den gr\u00f6\u00dften Entwicklungssprung erlebte die Gattung Portr\u00e4t mit Erfindung der Fotografie. Von Beginn an war das Bildnis das Lieblingsmotiv der Kamera. Dennoch bedeutete die zunehmende Verbreitung der neuen Technik, anders als seinerzeit bef\u00fcrchtet, nicht das Ende der Malerei. Vielmehr sorgte die Konkurrenzsituation daf\u00fcr, dass sich die Malerei selbst revolutionierte und zum Kontrapunkt der hyperrealistischen Reproduktion der Welt wurde.<\/p>\n\n\n\n<p>Immer weiter entfernte sie sich von der nat\u00fcrlichen Darstellung. Sp\u00e4ter begann auch die Fotografie, sich durch Abstraktions- und Fragmentierungsprozesse von der Abbildung der Realit\u00e4t zu entfernen. Doch beide Medien sind immer wieder zur figurativen Darstellung zur\u00fcckgekehrt und so behielt auch das Portr\u00e4t stets seine herausgehobene Bedeutung. Dar\u00fcber hinaus erfanden K\u00fcnstler immer wieder die interessantesten Mischformen aus Malerei und Fotografie.&nbsp;<\/p>\n\n\n\n<p><strong>Dr. Frank Matthias Kammel, Generaldirektor des Bayerischen Nationalmuseums<\/strong>: \u201eIn unserem Haus, das gro\u00dfartige Portr\u00e4ts aus den Epochen der \u00e4lteren Kunst beherbergt, birgt diese Einmischung der Gegenwart eine \u00fcberaus spannende Inspiration und eine erfrischende Anfrage an unser Sehgewohnheiten.\u201c<\/p>\n\n\n\n<p>Kultur Online FM &#8211; G\u00fcnter Wolfgang im Gespr\u00e4ch \u00fcber WhatsApp mit Dr.Frank Matthias Kammel<\/p>\n\n\n\n<div class=\"wp-block-media-text alignwide is-stacked-on-mobile\" style=\"grid-template-columns:45% auto\"><figure class=\"wp-block-media-text__media\"><img decoding=\"async\" width=\"1080\" height=\"1080\" src=\"https:\/\/kulturonline.tv\/wp-content\/uploads\/2021\/09\/Kultur-Online-FM-8.png\" alt=\"\" class=\"wp-image-7312 size-full\" srcset=\"https:\/\/kulturonline.tv\/wp-content\/uploads\/2021\/09\/Kultur-Online-FM-8.png 1080w, https:\/\/kulturonline.tv\/wp-content\/uploads\/2021\/09\/Kultur-Online-FM-8-300x300.png 300w, https:\/\/kulturonline.tv\/wp-content\/uploads\/2021\/09\/Kultur-Online-FM-8-100x100.png 100w, https:\/\/kulturonline.tv\/wp-content\/uploads\/2021\/09\/Kultur-Online-FM-8-600x600.png 600w, https:\/\/kulturonline.tv\/wp-content\/uploads\/2021\/09\/Kultur-Online-FM-8-800x800.png 800w, https:\/\/kulturonline.tv\/wp-content\/uploads\/2021\/09\/Kultur-Online-FM-8-500x500.png 500w, https:\/\/kulturonline.tv\/wp-content\/uploads\/2021\/09\/Kultur-Online-FM-8-768x768.png 768w\" sizes=\"(max-width: 1080px) 100vw, 1080px\" \/><\/figure><div class=\"wp-block-media-text__content\">\n<p class=\"has-large-font-size\">    <\/p>\n<\/div><\/div>\n\n\n\n<figure class=\"wp-block-audio\"><audio controls src=\"https:\/\/kulturonline.tv\/wp-content\/uploads\/2021\/09\/BAYERISCHES-NATIONALMUSEUM-KAMMEL.mp3\"><\/audio><figcaption> \u00a9 Kultur Online TV-FM<\/figcaption><\/figure>\n\n\n\n<h5 class=\"wp-block-heading\"> <strong><em>Kultur Online FM &#8211; G\u00fcnter Wolfgang im Gespr\u00e4ch \u00fcber WhatsApp mit Dr.Frank Matthias Kammel<\/em><\/strong><\/h5>\n\n\n\n<p><\/p>\n\n\n\n<h2 class=\"wp-block-heading\"><strong>Die K\u00fcnstler<\/strong><\/h2>\n\n\n\n<h2 class=\"wp-block-heading\"><strong>Der Abstrakte: Kevin Clarke<\/strong><\/h2>\n\n\n\n<figure class=\"wp-block-image size-full\"><img decoding=\"async\" width=\"1038\" height=\"584\" src=\"https:\/\/kulturonline.tv\/wp-content\/uploads\/2021\/10\/Kevin-Clarke-Kultur-Online-TV-1-edited.jpg\" alt=\"\" class=\"wp-image-7359\" srcset=\"https:\/\/kulturonline.tv\/wp-content\/uploads\/2021\/10\/Kevin-Clarke-Kultur-Online-TV-1-edited.jpg 1038w, https:\/\/kulturonline.tv\/wp-content\/uploads\/2021\/10\/Kevin-Clarke-Kultur-Online-TV-1-edited-600x338.jpg 600w, https:\/\/kulturonline.tv\/wp-content\/uploads\/2021\/10\/Kevin-Clarke-Kultur-Online-TV-1-edited-800x450.jpg 800w, https:\/\/kulturonline.tv\/wp-content\/uploads\/2021\/10\/Kevin-Clarke-Kultur-Online-TV-1-edited-768x432.jpg 768w\" sizes=\"(max-width: 1038px) 100vw, 1038px\" \/><\/figure>\n\n\n\n<p>Kevin Clarke (*1953) studierte Bildhauerei an der Cooper Union in New York. W\u00e4hrend der Documenta 6 in Kassel lernte der New Yorker 1977 seinen sp\u00e4teren Freund und Mentor Josef Beuys kennen und war f\u00fcr viele Jahre sein Wegbegleiter. Nach seinem Studium wandte sich Clarke der konzeptuellen Fotografie zu und besch\u00e4ftigt sich seit \u00fcber 40 Jahren intensiv mit dem Portr\u00e4t. <\/p>\n\n\n\n<p>Er kam zu der Erkenntnis, dass selbst das naturalistischste Bildnis nicht erfassen k\u00f6nne, was hinter der Erscheinung des Dargestellten liegt. Er wollte die Gedanken, Gef\u00fchle und die Geschichte der Portr\u00e4tierten sichtbar machen und fand Ende der 1980er-Jahre die L\u00f6sung in den Naturwissenschaften, genauer in der Genetik. Seitdem entstehen seine \u201eDNA-Portraits\u201c, beispielsweise von K\u00fcnstlerfreunden wie Jeff Koons, John Cage oder seinem Mentor Josef Beuys. Kevin Clarke entnimmt hierf\u00fcr den Portr\u00e4tierten Blut- oder Speichelproben und schickt sie zur DNA-Analyse in ein Labor. Die einzigartigen Linien, rhythmisierten Kurven oder Buchstabenfolgen der jeweiligen DNA, welche die gesamte Erbinformation der dargestellten Person beinhaltet, \u00fcbertr\u00e4gt er auf seine Portraits. <\/p>\n\n\n\n<p>Diese DNA-Informationen kombiniert Clarke mit einer Metapher, die f\u00fcr die Pers\u00f6nlichkeit oder eine bestimmte Charaktereigenschaft des Models steht. Hierbei verweist er sowohl auf literarische Quellen als auch auf Aspekte der Wissenschaft. Dem Betrachter wird das Gesicht des Subjekts vorenthalten. Sein Aussehen bleibt stark abstrakt. Damit fordert der K\u00fcnstler den Betrachtenden zur intellektuellen Mitarbeit heraus, um das Wesen, die Einzigartigkeit des Portr\u00e4tierten zu erkennen.&nbsp;<\/p>\n\n\n\n<p><\/p>\n\n\n\n<div class=\"wp-block-media-text alignwide is-stacked-on-mobile\" style=\"grid-template-columns:45% auto\"><figure class=\"wp-block-media-text__media\"><img loading=\"lazy\" decoding=\"async\" width=\"1080\" height=\"1080\" src=\"https:\/\/kulturonline.tv\/wp-content\/uploads\/2021\/10\/Kevin-Clarke-Kultur-Online-TV.png\" alt=\"\" class=\"wp-image-7317 size-full\" srcset=\"https:\/\/kulturonline.tv\/wp-content\/uploads\/2021\/10\/Kevin-Clarke-Kultur-Online-TV.png 1080w, https:\/\/kulturonline.tv\/wp-content\/uploads\/2021\/10\/Kevin-Clarke-Kultur-Online-TV-300x300.png 300w, https:\/\/kulturonline.tv\/wp-content\/uploads\/2021\/10\/Kevin-Clarke-Kultur-Online-TV-100x100.png 100w, https:\/\/kulturonline.tv\/wp-content\/uploads\/2021\/10\/Kevin-Clarke-Kultur-Online-TV-600x600.png 600w, https:\/\/kulturonline.tv\/wp-content\/uploads\/2021\/10\/Kevin-Clarke-Kultur-Online-TV-800x800.png 800w, https:\/\/kulturonline.tv\/wp-content\/uploads\/2021\/10\/Kevin-Clarke-Kultur-Online-TV-500x500.png 500w, https:\/\/kulturonline.tv\/wp-content\/uploads\/2021\/10\/Kevin-Clarke-Kultur-Online-TV-768x768.png 768w\" sizes=\"(max-width: 1080px) 100vw, 1080px\" \/><\/figure><div class=\"wp-block-media-text__content\">\n<p class=\"has-large-font-size\">  <\/p>\n<\/div><\/div>\n\n\n\n<figure class=\"wp-block-audio\"><audio controls src=\"https:\/\/kulturonline.tv\/wp-content\/uploads\/2021\/10\/Kevin.mp3\"><\/audio><figcaption>\u00a9 Kultur Online TV<\/figcaption><\/figure>\n\n\n\n<h5 class=\"wp-block-heading\"><strong><em>Kultur Online FM &#8211; G\u00fcnter Wolfgang im Gespr\u00e4ch \u00fcber WhatsApp mit Kevin Clarke<\/em><\/strong><\/h5>\n\n\n\n<p><\/p>\n\n\n\n<h2 class=\"wp-block-heading\"><strong>Der Forscher: Kilian Saueressig<\/strong><\/h2>\n\n\n\n<figure class=\"wp-block-image size-large\"><img loading=\"lazy\" decoding=\"async\" width=\"2560\" height=\"1440\" src=\"https:\/\/kulturonline.tv\/wp-content\/uploads\/2021\/10\/Kilian-Saueressig-Kultur-Online-TV-edited-scaled.jpg\" alt=\"\" class=\"wp-image-7357\" srcset=\"https:\/\/kulturonline.tv\/wp-content\/uploads\/2021\/10\/Kilian-Saueressig-Kultur-Online-TV-edited-scaled.jpg 2560w, https:\/\/kulturonline.tv\/wp-content\/uploads\/2021\/10\/Kilian-Saueressig-Kultur-Online-TV-edited-scaled-600x338.jpg 600w, https:\/\/kulturonline.tv\/wp-content\/uploads\/2021\/10\/Kilian-Saueressig-Kultur-Online-TV-edited-800x450.jpg 800w, https:\/\/kulturonline.tv\/wp-content\/uploads\/2021\/10\/Kilian-Saueressig-Kultur-Online-TV-edited-1600x900.jpg 1600w, https:\/\/kulturonline.tv\/wp-content\/uploads\/2021\/10\/Kilian-Saueressig-Kultur-Online-TV-edited-768x432.jpg 768w, https:\/\/kulturonline.tv\/wp-content\/uploads\/2021\/10\/Kilian-Saueressig-Kultur-Online-TV-edited-1536x864.jpg 1536w, https:\/\/kulturonline.tv\/wp-content\/uploads\/2021\/10\/Kilian-Saueressig-Kultur-Online-TV-edited-2048x1152.jpg 2048w\" sizes=\"(max-width: 2560px) 100vw, 2560px\" \/><\/figure>\n\n\n\n<p>Kilian Saueressig zeigt in der Ausstellung vor allem eindrucksvolle LichtWandSkulpturen, die nicht nur durch ihre Ausstrahlung, sondern auch durch ihre technische Ausf\u00fchrung faszinieren. In ihnen setzt sich der K\u00fcnstler mit philosophischen, politischen, wissenschaftlichen, religi\u00f6sen und gesellschaftlichen Themen auseinander, die das Leben im 21. Jahrhundert bestimmen und l\u00e4dt die Betrachtenden dazu ein, es ihm gleichzutun. In seinen Portr\u00e4ts spielt Saueressig mit selbst entwickelten innovativen Verfahren zur Farb- und Formgebung, die \u00fcber die derzeit bekannten Ans\u00e4tze weit hinausgehen. Die strukturierten Lichtskulpturen werden ganz im Sinne der Nachhaltigkeit mit Materialien hergestellt, die frei von umweltsch\u00e4dlichen Stoffen sind. Hierauf legt der passionierte Erfinder und gelernte Maschinenbauingenieur besonderen Wert.<\/p>\n\n\n\n<p>Saueressigs Arbeiten setzen sich aus zahlreichen \u00fcbereinandergelegten Bildebenen zusammen, die jede f\u00fcr sich von LEDs erleuchtet werden. Sobald die interne Lichtquelle eingeschaltet und in Farbe und Helligkeit variiert wird, entstehen durch die sich \u00fcberlagernden Bildmotive in den unterschiedlichen Ebenen immer neue Anmutungen. Der Betrachtende kann die LEDs mittels einer Fernbedienung selbst aktivieren und wird damit integraler Bestandteil des Kunstwerks. Es bieten sich unendlich viele M\u00f6glichkeiten, den Portr\u00e4tierten ins \u201erichtige Licht\u201c zu r\u00fccken. So sind Saueressigs Portraits die Reflexion des Portraitierten durch den K\u00fcnstler und durch den Betrachter. Sie komprimieren das Leben eines Menschen, frieren den Moment ein und erwecken ihn immerzu neu. Das Abbild ist somit so dynamisch und vielf\u00e4ltig wie der Portraitierte selbst.<\/p>\n\n\n\n<p><\/p>\n\n\n\n<div class=\"wp-block-media-text alignwide is-stacked-on-mobile\" style=\"grid-template-columns:45% auto\"><figure class=\"wp-block-media-text__media\"><img loading=\"lazy\" decoding=\"async\" width=\"1080\" height=\"1080\" src=\"https:\/\/kulturonline.tv\/wp-content\/uploads\/2021\/10\/Kilian-Saueressig-Kultur-Online-TV.png\" alt=\"\" class=\"wp-image-7328 size-full\" srcset=\"https:\/\/kulturonline.tv\/wp-content\/uploads\/2021\/10\/Kilian-Saueressig-Kultur-Online-TV.png 1080w, https:\/\/kulturonline.tv\/wp-content\/uploads\/2021\/10\/Kilian-Saueressig-Kultur-Online-TV-300x300.png 300w, https:\/\/kulturonline.tv\/wp-content\/uploads\/2021\/10\/Kilian-Saueressig-Kultur-Online-TV-100x100.png 100w, https:\/\/kulturonline.tv\/wp-content\/uploads\/2021\/10\/Kilian-Saueressig-Kultur-Online-TV-600x600.png 600w, https:\/\/kulturonline.tv\/wp-content\/uploads\/2021\/10\/Kilian-Saueressig-Kultur-Online-TV-800x800.png 800w, https:\/\/kulturonline.tv\/wp-content\/uploads\/2021\/10\/Kilian-Saueressig-Kultur-Online-TV-500x500.png 500w, https:\/\/kulturonline.tv\/wp-content\/uploads\/2021\/10\/Kilian-Saueressig-Kultur-Online-TV-768x768.png 768w\" sizes=\"(max-width: 1080px) 100vw, 1080px\" \/><\/figure><div class=\"wp-block-media-text__content\">\n<p class=\"has-large-font-size\">   <\/p>\n<\/div><\/div>\n\n\n\n<figure class=\"wp-block-audio\"><audio controls src=\"https:\/\/kulturonline.tv\/wp-content\/uploads\/2021\/10\/Kilian-Saueressig.mp3\"><\/audio><figcaption> \u00a9 Kultur Online TV <\/figcaption><\/figure>\n\n\n\n<h5 class=\"wp-block-heading\"> <em><strong>Kultur Online FM &#8211; G\u00fcnter Wolfgang im Gespr\u00e4ch \u00fcber WhatsApp mit Kilian Saueressig <\/strong><\/em><\/h5>\n\n\n\n<p><\/p>\n\n\n\n<h2 class=\"wp-block-heading\"><strong>Der Experimentelle: Johannes Brus<\/strong><\/h2>\n\n\n\n<figure class=\"wp-block-image size-large\"><img loading=\"lazy\" decoding=\"async\" width=\"1600\" height=\"800\" src=\"https:\/\/kulturonline.tv\/wp-content\/uploads\/2021\/10\/Ausstellung-Kultur-Online-TV-1600x800.png\" alt=\"\" class=\"wp-image-7355\" srcset=\"https:\/\/kulturonline.tv\/wp-content\/uploads\/2021\/10\/Ausstellung-Kultur-Online-TV-1600x800.png 1600w, https:\/\/kulturonline.tv\/wp-content\/uploads\/2021\/10\/Ausstellung-Kultur-Online-TV-600x300.png 600w, https:\/\/kulturonline.tv\/wp-content\/uploads\/2021\/10\/Ausstellung-Kultur-Online-TV-800x400.png 800w, https:\/\/kulturonline.tv\/wp-content\/uploads\/2021\/10\/Ausstellung-Kultur-Online-TV-768x384.png 768w, https:\/\/kulturonline.tv\/wp-content\/uploads\/2021\/10\/Ausstellung-Kultur-Online-TV-1536x768.png 1536w, https:\/\/kulturonline.tv\/wp-content\/uploads\/2021\/10\/Ausstellung-Kultur-Online-TV-2048x1024.png 2048w\" sizes=\"(max-width: 1600px) 100vw, 1600px\" \/><\/figure>\n\n\n\n<p>Johannes Brus (*1942), von 1986 bis 2007 Professor an der Hochschule f\u00fcr Bildende K\u00fcnste Braunschweig, stellt mit seinen Skulpturen und Fotoarbeiten immer wieder Gattungsgrenzen und \u00fcberkommene Konventionen infrage. Schon als Student an der D\u00fcsseldorfer Akademie, wo er in der Bildhauerklasse von Joseph Beuys mit dessen Erweiterten Kunstbegriff konfrontiert wurde, der den Sinn von Kunst als T\u00e4tigkeit hinterfragt, experimentierte Brus intensiv mit dem Medium Fotografie.<\/p>\n\n\n\n<p>Bis heute ganz der Analogfotografie verpflichtet, erschlie\u00dft er sich in diesem Medium auch mit malerischen Mitteln immer wieder neue M\u00f6glichkeiten der Bildfindung. In seinem Fotolabor, das mehr einer Werkstatt gleicht, vollziehen sich komplexe Verwandlungsprozesse. Handwerkliche, k\u00fcnstlerische und wissenschaftliche Praktiken gehen hier ineinander \u00fcber. Dabei arbeitet Brus bewusst mit dem Zufallsprinzip, l\u00e4sst fotochemische Prozesse interagieren, die immer wieder zu \u00fcberraschenden Ergebnissen f\u00fchren.<\/p>\n\n\n\n<p>In einem Arbeitsprozess, der Au\u00dfenstehenden willk\u00fcrlich erscheinen mag, bearbeitet Brus seine fotografischen Vorlagen und erzielt durch das Zusammenspiel von Zufall und punktuellen Eingriffen in chemische Prozesse verbl\u00fcffende Ergebnisse. Das Zusammenspiel von fotografischer Vorlage, Licht und Dunkelheit, Werkzeug, Chemie und K\u00fcnstlerhand entzieht den Bildern ihre Eindeutigkeit und l\u00e4sst etwas Neues, Fremdes entstehen. Das Ergebnis ist nur teilweise kalkulierbar und immer wieder \u00fcberraschend. Mit seiner humoristischen Herangehensweise thematisiert der K\u00fcnstler nicht nur das kulturelle Ged\u00e4chtnis, er hinterfragt auch die Funktionen des Bildes.<\/p>\n\n\n\n<p>Kultur Online TV<\/p>\n\n\n\n<p>#kunst #museum #ausstellungen<\/p>\n","protected":false},"excerpt":{"rendered":"<p>Die Ausstellung \u201ePortraire\u201c mit Werken der K\u00fcnstler Johannes Brus, Kevin Clark und Kilian Saueressig. Drei K\u00fcnstler \u2013 drei Herangehensweisen \u2013 ein Thema: Das Portr\u00e4t. \u00dcber Jahrhunderte machte diese Bildgattung unz\u00e4hlige Wandel durch und erfand sich immer wieder neu.\u00a0 Drei aktuelle Beispiele f\u00fcr Mischformen aus Malerei und Fotografie vereint die Ausstellung \u201ePortraire\u201c.&nbsp;Pr\u00e4sentiert werden K\u00fcnstler, deren Stil, [&hellip;]<\/p>\n","protected":false},"author":2,"featured_media":7355,"comment_status":"closed","ping_status":"closed","sticky":false,"template":"","format":"standard","meta":{"_acf_changed":false,"footnotes":""},"categories":[107,3],"tags":[],"class_list":["post-7303","post","type-post","status-publish","format-standard","has-post-thumbnail","hentry","category-kunst","category-newsflash"],"acf":[],"yoast_head":"<!-- This site is optimized with the Yoast SEO plugin v26.1.1 - https:\/\/yoast.com\/wordpress\/plugins\/seo\/ -->\n<title>Bayerische Nationalmuseum: Ausstellung \u201ePortraire\u201c 2.bis 31.Oktober 2021 - Kultur Online TV &amp; FM<\/title>\n<meta name=\"description\" content=\"Kultur sehen und H\u00f6ren\" \/>\n<meta name=\"robots\" content=\"index, follow, max-snippet:-1, max-image-preview:large, max-video-preview:-1\" \/>\n<link rel=\"canonical\" href=\"https:\/\/kulturonline.tv\/de\/bayerische-nationalmuseum-ausstellung-portraire-2-bis-31-oktober-2021\/\" \/>\n<meta property=\"og:locale\" content=\"de_DE\" \/>\n<meta property=\"og:type\" content=\"article\" \/>\n<meta property=\"og:title\" content=\"Bayerische Nationalmuseum: Ausstellung \u201ePortraire\u201c 2.bis 31.Oktober 2021 - Kultur Online TV &amp; FM\" \/>\n<meta property=\"og:description\" content=\"Kultur sehen und H\u00f6ren\" \/>\n<meta property=\"og:url\" content=\"https:\/\/kulturonline.tv\/de\/bayerische-nationalmuseum-ausstellung-portraire-2-bis-31-oktober-2021\/\" \/>\n<meta property=\"og:site_name\" content=\"Kultur Online TV &amp; FM\" \/>\n<meta property=\"article:publisher\" content=\"https:\/\/www.facebook.com\/kulturonline.tv\" \/>\n<meta property=\"article:published_time\" content=\"2021-10-02T05:51:13+00:00\" \/>\n<meta property=\"article:modified_time\" content=\"2021-10-02T06:49:11+00:00\" \/>\n<meta property=\"og:image\" content=\"https:\/\/kulturonline.tv\/wp-content\/uploads\/2021\/10\/Ausstellung-Kultur-Online-TV-1600x800.png\" \/>\n\t<meta property=\"og:image:width\" content=\"1600\" \/>\n\t<meta property=\"og:image:height\" content=\"800\" \/>\n\t<meta property=\"og:image:type\" content=\"image\/png\" \/>\n<meta name=\"author\" content=\"guenter.wolfgang\" \/>\n<meta name=\"twitter:card\" content=\"summary_large_image\" \/>\n<meta name=\"twitter:label1\" content=\"Verfasst von\" \/>\n\t<meta name=\"twitter:data1\" content=\"guenter.wolfgang\" \/>\n\t<meta name=\"twitter:label2\" content=\"Gesch\u00e4tzte Lesezeit\" \/>\n\t<meta name=\"twitter:data2\" content=\"6\u00a0Minuten\" \/>\n<script type=\"application\/ld+json\" class=\"yoast-schema-graph\">{\"@context\":\"https:\/\/schema.org\",\"@graph\":[{\"@type\":\"Article\",\"@id\":\"https:\/\/kulturonline.tv\/de\/bayerische-nationalmuseum-ausstellung-portraire-2-bis-31-oktober-2021\/#article\",\"isPartOf\":{\"@id\":\"https:\/\/kulturonline.tv\/de\/bayerische-nationalmuseum-ausstellung-portraire-2-bis-31-oktober-2021\/\"},\"author\":{\"name\":\"guenter.wolfgang\",\"@id\":\"https:\/\/kulturonline.tv\/de\/#\/schema\/person\/b0fac729bb9a0c193fb1df23449df4fe\"},\"headline\":\"Bayerische Nationalmuseum: Ausstellung \u201ePortraire\u201c 2.bis 31.Oktober 2021\",\"datePublished\":\"2021-10-02T05:51:13+00:00\",\"dateModified\":\"2021-10-02T06:49:11+00:00\",\"mainEntityOfPage\":{\"@id\":\"https:\/\/kulturonline.tv\/de\/bayerische-nationalmuseum-ausstellung-portraire-2-bis-31-oktober-2021\/\"},\"wordCount\":1045,\"publisher\":{\"@id\":\"https:\/\/kulturonline.tv\/de\/#organization\"},\"image\":{\"@id\":\"https:\/\/kulturonline.tv\/de\/bayerische-nationalmuseum-ausstellung-portraire-2-bis-31-oktober-2021\/#primaryimage\"},\"thumbnailUrl\":\"https:\/\/kulturonline.tv\/wp-content\/uploads\/2021\/10\/Ausstellung-Kultur-Online-TV.png\",\"articleSection\":[\"Kunst\",\"Newsflash\"],\"inLanguage\":\"de\"},{\"@type\":\"WebPage\",\"@id\":\"https:\/\/kulturonline.tv\/de\/bayerische-nationalmuseum-ausstellung-portraire-2-bis-31-oktober-2021\/\",\"url\":\"https:\/\/kulturonline.tv\/de\/bayerische-nationalmuseum-ausstellung-portraire-2-bis-31-oktober-2021\/\",\"name\":\"Bayerische Nationalmuseum: Ausstellung \u201ePortraire\u201c 2.bis 31.Oktober 2021 - Kultur Online TV &amp; FM\",\"isPartOf\":{\"@id\":\"https:\/\/kulturonline.tv\/de\/#website\"},\"primaryImageOfPage\":{\"@id\":\"https:\/\/kulturonline.tv\/de\/bayerische-nationalmuseum-ausstellung-portraire-2-bis-31-oktober-2021\/#primaryimage\"},\"image\":{\"@id\":\"https:\/\/kulturonline.tv\/de\/bayerische-nationalmuseum-ausstellung-portraire-2-bis-31-oktober-2021\/#primaryimage\"},\"thumbnailUrl\":\"https:\/\/kulturonline.tv\/wp-content\/uploads\/2021\/10\/Ausstellung-Kultur-Online-TV.png\",\"datePublished\":\"2021-10-02T05:51:13+00:00\",\"dateModified\":\"2021-10-02T06:49:11+00:00\",\"description\":\"Kultur sehen und H\u00f6ren\",\"breadcrumb\":{\"@id\":\"https:\/\/kulturonline.tv\/de\/bayerische-nationalmuseum-ausstellung-portraire-2-bis-31-oktober-2021\/#breadcrumb\"},\"inLanguage\":\"de\",\"potentialAction\":[{\"@type\":\"ReadAction\",\"target\":[\"https:\/\/kulturonline.tv\/de\/bayerische-nationalmuseum-ausstellung-portraire-2-bis-31-oktober-2021\/\"]}]},{\"@type\":\"ImageObject\",\"inLanguage\":\"de\",\"@id\":\"https:\/\/kulturonline.tv\/de\/bayerische-nationalmuseum-ausstellung-portraire-2-bis-31-oktober-2021\/#primaryimage\",\"url\":\"https:\/\/kulturonline.tv\/wp-content\/uploads\/2021\/10\/Ausstellung-Kultur-Online-TV.png\",\"contentUrl\":\"https:\/\/kulturonline.tv\/wp-content\/uploads\/2021\/10\/Ausstellung-Kultur-Online-TV.png\",\"width\":2560,\"height\":1280},{\"@type\":\"BreadcrumbList\",\"@id\":\"https:\/\/kulturonline.tv\/de\/bayerische-nationalmuseum-ausstellung-portraire-2-bis-31-oktober-2021\/#breadcrumb\",\"itemListElement\":[{\"@type\":\"ListItem\",\"position\":1,\"name\":\"Startseite\",\"item\":\"https:\/\/kulturonline.tv\/de\/\"},{\"@type\":\"ListItem\",\"position\":2,\"name\":\"Bayerische Nationalmuseum: Ausstellung \u201ePortraire\u201c 2.bis 31.Oktober 2021\"}]},{\"@type\":\"WebSite\",\"@id\":\"https:\/\/kulturonline.tv\/de\/#website\",\"url\":\"https:\/\/kulturonline.tv\/de\/\",\"name\":\"Kultur Online TV &amp; FM\",\"description\":\"Wir sind Kultur 2.0 zum sehen &amp; h\u00f6ren\",\"publisher\":{\"@id\":\"https:\/\/kulturonline.tv\/de\/#organization\"},\"potentialAction\":[{\"@type\":\"SearchAction\",\"target\":{\"@type\":\"EntryPoint\",\"urlTemplate\":\"https:\/\/kulturonline.tv\/de\/?s={search_term_string}\"},\"query-input\":{\"@type\":\"PropertyValueSpecification\",\"valueRequired\":true,\"valueName\":\"search_term_string\"}}],\"inLanguage\":\"de\"},{\"@type\":\"Organization\",\"@id\":\"https:\/\/kulturonline.tv\/de\/#organization\",\"name\":\"Kultur Online TV\",\"url\":\"https:\/\/kulturonline.tv\/de\/\",\"logo\":{\"@type\":\"ImageObject\",\"inLanguage\":\"de\",\"@id\":\"https:\/\/kulturonline.tv\/de\/#\/schema\/logo\/image\/\",\"url\":\"https:\/\/kulturonline.tv\/wp-content\/uploads\/2021\/08\/Kultur-Online-Tv-Logo-Endversion-neu.png\",\"contentUrl\":\"https:\/\/kulturonline.tv\/wp-content\/uploads\/2021\/08\/Kultur-Online-Tv-Logo-Endversion-neu.png\",\"width\":200,\"height\":200,\"caption\":\"Kultur Online TV\"},\"image\":{\"@id\":\"https:\/\/kulturonline.tv\/de\/#\/schema\/logo\/image\/\"},\"sameAs\":[\"https:\/\/www.facebook.com\/kulturonline.tv\",\"https:\/\/www.instagram.com\/kulturonline.tv\"]},{\"@type\":\"Person\",\"@id\":\"https:\/\/kulturonline.tv\/de\/#\/schema\/person\/b0fac729bb9a0c193fb1df23449df4fe\",\"name\":\"guenter.wolfgang\"}]}<\/script>\n<!-- \/ Yoast SEO plugin. -->","yoast_head_json":{"title":"Bayerische Nationalmuseum: Ausstellung \u201ePortraire\u201c 2.bis 31.Oktober 2021 - Kultur Online TV &amp; FM","description":"Kultur sehen und H\u00f6ren","robots":{"index":"index","follow":"follow","max-snippet":"max-snippet:-1","max-image-preview":"max-image-preview:large","max-video-preview":"max-video-preview:-1"},"canonical":"https:\/\/kulturonline.tv\/de\/bayerische-nationalmuseum-ausstellung-portraire-2-bis-31-oktober-2021\/","og_locale":"de_DE","og_type":"article","og_title":"Bayerische Nationalmuseum: Ausstellung \u201ePortraire\u201c 2.bis 31.Oktober 2021 - Kultur Online TV &amp; FM","og_description":"Kultur sehen und H\u00f6ren","og_url":"https:\/\/kulturonline.tv\/de\/bayerische-nationalmuseum-ausstellung-portraire-2-bis-31-oktober-2021\/","og_site_name":"Kultur Online TV &amp; FM","article_publisher":"https:\/\/www.facebook.com\/kulturonline.tv","article_published_time":"2021-10-02T05:51:13+00:00","article_modified_time":"2021-10-02T06:49:11+00:00","og_image":[{"width":1600,"height":800,"url":"https:\/\/kulturonline.tv\/wp-content\/uploads\/2021\/10\/Ausstellung-Kultur-Online-TV-1600x800.png","type":"image\/png"}],"author":"guenter.wolfgang","twitter_card":"summary_large_image","twitter_misc":{"Verfasst von":"guenter.wolfgang","Gesch\u00e4tzte Lesezeit":"6\u00a0Minuten"},"schema":{"@context":"https:\/\/schema.org","@graph":[{"@type":"Article","@id":"https:\/\/kulturonline.tv\/de\/bayerische-nationalmuseum-ausstellung-portraire-2-bis-31-oktober-2021\/#article","isPartOf":{"@id":"https:\/\/kulturonline.tv\/de\/bayerische-nationalmuseum-ausstellung-portraire-2-bis-31-oktober-2021\/"},"author":{"name":"guenter.wolfgang","@id":"https:\/\/kulturonline.tv\/de\/#\/schema\/person\/b0fac729bb9a0c193fb1df23449df4fe"},"headline":"Bayerische Nationalmuseum: Ausstellung \u201ePortraire\u201c 2.bis 31.Oktober 2021","datePublished":"2021-10-02T05:51:13+00:00","dateModified":"2021-10-02T06:49:11+00:00","mainEntityOfPage":{"@id":"https:\/\/kulturonline.tv\/de\/bayerische-nationalmuseum-ausstellung-portraire-2-bis-31-oktober-2021\/"},"wordCount":1045,"publisher":{"@id":"https:\/\/kulturonline.tv\/de\/#organization"},"image":{"@id":"https:\/\/kulturonline.tv\/de\/bayerische-nationalmuseum-ausstellung-portraire-2-bis-31-oktober-2021\/#primaryimage"},"thumbnailUrl":"https:\/\/kulturonline.tv\/wp-content\/uploads\/2021\/10\/Ausstellung-Kultur-Online-TV.png","articleSection":["Kunst","Newsflash"],"inLanguage":"de"},{"@type":"WebPage","@id":"https:\/\/kulturonline.tv\/de\/bayerische-nationalmuseum-ausstellung-portraire-2-bis-31-oktober-2021\/","url":"https:\/\/kulturonline.tv\/de\/bayerische-nationalmuseum-ausstellung-portraire-2-bis-31-oktober-2021\/","name":"Bayerische Nationalmuseum: Ausstellung \u201ePortraire\u201c 2.bis 31.Oktober 2021 - Kultur Online TV &amp; FM","isPartOf":{"@id":"https:\/\/kulturonline.tv\/de\/#website"},"primaryImageOfPage":{"@id":"https:\/\/kulturonline.tv\/de\/bayerische-nationalmuseum-ausstellung-portraire-2-bis-31-oktober-2021\/#primaryimage"},"image":{"@id":"https:\/\/kulturonline.tv\/de\/bayerische-nationalmuseum-ausstellung-portraire-2-bis-31-oktober-2021\/#primaryimage"},"thumbnailUrl":"https:\/\/kulturonline.tv\/wp-content\/uploads\/2021\/10\/Ausstellung-Kultur-Online-TV.png","datePublished":"2021-10-02T05:51:13+00:00","dateModified":"2021-10-02T06:49:11+00:00","description":"Kultur sehen und H\u00f6ren","breadcrumb":{"@id":"https:\/\/kulturonline.tv\/de\/bayerische-nationalmuseum-ausstellung-portraire-2-bis-31-oktober-2021\/#breadcrumb"},"inLanguage":"de","potentialAction":[{"@type":"ReadAction","target":["https:\/\/kulturonline.tv\/de\/bayerische-nationalmuseum-ausstellung-portraire-2-bis-31-oktober-2021\/"]}]},{"@type":"ImageObject","inLanguage":"de","@id":"https:\/\/kulturonline.tv\/de\/bayerische-nationalmuseum-ausstellung-portraire-2-bis-31-oktober-2021\/#primaryimage","url":"https:\/\/kulturonline.tv\/wp-content\/uploads\/2021\/10\/Ausstellung-Kultur-Online-TV.png","contentUrl":"https:\/\/kulturonline.tv\/wp-content\/uploads\/2021\/10\/Ausstellung-Kultur-Online-TV.png","width":2560,"height":1280},{"@type":"BreadcrumbList","@id":"https:\/\/kulturonline.tv\/de\/bayerische-nationalmuseum-ausstellung-portraire-2-bis-31-oktober-2021\/#breadcrumb","itemListElement":[{"@type":"ListItem","position":1,"name":"Startseite","item":"https:\/\/kulturonline.tv\/de\/"},{"@type":"ListItem","position":2,"name":"Bayerische Nationalmuseum: Ausstellung \u201ePortraire\u201c 2.bis 31.Oktober 2021"}]},{"@type":"WebSite","@id":"https:\/\/kulturonline.tv\/de\/#website","url":"https:\/\/kulturonline.tv\/de\/","name":"Kultur Online TV &amp; FM","description":"Wir sind Kultur 2.0 zum sehen &amp; h\u00f6ren","publisher":{"@id":"https:\/\/kulturonline.tv\/de\/#organization"},"potentialAction":[{"@type":"SearchAction","target":{"@type":"EntryPoint","urlTemplate":"https:\/\/kulturonline.tv\/de\/?s={search_term_string}"},"query-input":{"@type":"PropertyValueSpecification","valueRequired":true,"valueName":"search_term_string"}}],"inLanguage":"de"},{"@type":"Organization","@id":"https:\/\/kulturonline.tv\/de\/#organization","name":"Kultur Online TV","url":"https:\/\/kulturonline.tv\/de\/","logo":{"@type":"ImageObject","inLanguage":"de","@id":"https:\/\/kulturonline.tv\/de\/#\/schema\/logo\/image\/","url":"https:\/\/kulturonline.tv\/wp-content\/uploads\/2021\/08\/Kultur-Online-Tv-Logo-Endversion-neu.png","contentUrl":"https:\/\/kulturonline.tv\/wp-content\/uploads\/2021\/08\/Kultur-Online-Tv-Logo-Endversion-neu.png","width":200,"height":200,"caption":"Kultur Online TV"},"image":{"@id":"https:\/\/kulturonline.tv\/de\/#\/schema\/logo\/image\/"},"sameAs":["https:\/\/www.facebook.com\/kulturonline.tv","https:\/\/www.instagram.com\/kulturonline.tv"]},{"@type":"Person","@id":"https:\/\/kulturonline.tv\/de\/#\/schema\/person\/b0fac729bb9a0c193fb1df23449df4fe","name":"guenter.wolfgang"}]}},"_links":{"self":[{"href":"https:\/\/kulturonline.tv\/de\/wp-json\/wp\/v2\/posts\/7303","targetHints":{"allow":["GET"]}}],"collection":[{"href":"https:\/\/kulturonline.tv\/de\/wp-json\/wp\/v2\/posts"}],"about":[{"href":"https:\/\/kulturonline.tv\/de\/wp-json\/wp\/v2\/types\/post"}],"author":[{"embeddable":true,"href":"https:\/\/kulturonline.tv\/de\/wp-json\/wp\/v2\/users\/2"}],"replies":[{"embeddable":true,"href":"https:\/\/kulturonline.tv\/de\/wp-json\/wp\/v2\/comments?post=7303"}],"version-history":[{"count":0,"href":"https:\/\/kulturonline.tv\/de\/wp-json\/wp\/v2\/posts\/7303\/revisions"}],"wp:featuredmedia":[{"embeddable":true,"href":"https:\/\/kulturonline.tv\/de\/wp-json\/wp\/v2\/media\/7355"}],"wp:attachment":[{"href":"https:\/\/kulturonline.tv\/de\/wp-json\/wp\/v2\/media?parent=7303"}],"wp:term":[{"taxonomy":"category","embeddable":true,"href":"https:\/\/kulturonline.tv\/de\/wp-json\/wp\/v2\/categories?post=7303"},{"taxonomy":"post_tag","embeddable":true,"href":"https:\/\/kulturonline.tv\/de\/wp-json\/wp\/v2\/tags?post=7303"}],"curies":[{"name":"wp","href":"https:\/\/api.w.org\/{rel}","templated":true}]}}