{"id":73322,"date":"2024-04-29T18:34:26","date_gmt":"2024-04-29T16:34:26","guid":{"rendered":"https:\/\/kulturonline.tv\/?p=73322"},"modified":"2024-05-01T13:13:11","modified_gmt":"2024-05-01T11:13:11","slug":"buchtipp-nice-to-meet-you-istanbul","status":"publish","type":"post","link":"https:\/\/kulturonline.tv\/de\/buchtipp-nice-to-meet-you-istanbul\/","title":{"rendered":"Buchtipp: \u201eNice to meet you, Istanbul!\u201c"},"content":{"rendered":"\n<div class=\"wp-block-media-text is-stacked-on-mobile\"><figure class=\"wp-block-media-text__media\"><img fetchpriority=\"high\" decoding=\"async\" width=\"1080\" height=\"1080\" src=\"https:\/\/kulturonline.tv\/wp-content\/uploads\/2024\/04\/33.jpg\" alt=\"\" class=\"wp-image-73398 size-full\" srcset=\"https:\/\/kulturonline.tv\/wp-content\/uploads\/2024\/04\/33.jpg 1080w, https:\/\/kulturonline.tv\/wp-content\/uploads\/2024\/04\/33-800x800.jpg 800w, https:\/\/kulturonline.tv\/wp-content\/uploads\/2024\/04\/33-500x500.jpg 500w, https:\/\/kulturonline.tv\/wp-content\/uploads\/2024\/04\/33-768x768.jpg 768w\" sizes=\"(max-width: 1080px) 100vw, 1080px\" \/><\/figure><div class=\"wp-block-media-text__content\">\n<p>Auf Entdeckungstour ins Herz der Stadt\u201eIstanbul ist ein wahres Fest f\u00fcr die Sinne\u201c schw\u00e4rmt Schauspieler Erol Sander \u2013 bekannt unter anderem<br>durch die Krimiserie \u201eMordkommission Istanbul\u201c.<\/p>\n\n\n\n<figure class=\"wp-block-audio\"><audio controls src=\"https:\/\/kulturonline.tv\/wp-content\/uploads\/2024\/05\/Beitrag_Nice_to_meet_you_Istanbul_radionews.mp3\"><\/audio><\/figure>\n\n\n\n<h6 class=\"wp-block-heading\">Kultur Online FM 2.0 <\/h6>\n\n\n\n<h4 class=\"wp-block-heading\"><a href=\"https:\/\/www.thalia.at\/shop\/home\/artikeldetails\/A1070103557\">Zur Bestellseite<\/a><\/h4>\n<\/div><\/div>\n\n\n\n<div style=\"height:31px\" aria-hidden=\"true\" class=\"wp-block-spacer\"><\/div>\n\n\n\n<p>In seinem neuen Buch \u201eNice to meet you, Istanbul!\u201c nimmt er uns mit in seine Geburtsstadt und zeigt uns die sch\u00f6nsten Pl\u00e4tze.  Ariane Stahn hat schon mal reingelesen und sich ein paar Tipps pers\u00f6nlich abgeholt<\/p>\n\n\n\n<p>Kultur Online FM<\/p>\n\n\n\n<p>#news #literatur #b\u00fccher<\/p>\n\n\n\n<p><\/p>\n","protected":false},"excerpt":{"rendered":"<p>In seinem neuen Buch \u201eNice to meet you, Istanbul!\u201c nimmt er uns mit in seine Geburtsstadt und zeigt uns die sch\u00f6nsten Pl\u00e4tze. Ariane Stahn hat schon mal reingelesen und sich ein paar Tipps pers\u00f6nlich abgeholt Kultur Online FM #news #literatur #b\u00fccher<\/p>\n","protected":false},"author":2,"featured_media":73398,"comment_status":"open","ping_status":"closed","sticky":false,"template":"","format":"standard","meta":{"_acf_changed":false,"footnotes":""},"categories":[586,590],"tags":[],"class_list":["post-73322","post","type-post","status-publish","format-standard","has-post-thumbnail","hentry","category-beitraege-sendungen-at","category-buchtipps-at"],"acf":[],"yoast_head":"<!-- This site is optimized with the Yoast SEO plugin v26.1.1 - https:\/\/yoast.com\/wordpress\/plugins\/seo\/ -->\n<title>Buchtipp: \u201eNice to meet you, Istanbul!\u201c - Kultur Online TV &amp; FM<\/title>\n<meta name=\"description\" content=\"Kultur Online FM Audiobeitrag: \u201eIstanbul ist ein wahres Fest f\u00fcr die Sinne\u201c schw\u00e4rmt Schauspieler Erol Sander \u2013 bekannt unter anderem durch die Krimiserie \u201eMordkommission Istanbul\u201c.\" \/>\n<meta name=\"robots\" content=\"index, follow, max-snippet:-1, max-image-preview:large, max-video-preview:-1\" \/>\n<link rel=\"canonical\" href=\"https:\/\/kulturonline.tv\/de\/buchtipp-nice-to-meet-you-istanbul\/\" \/>\n<meta property=\"og:locale\" content=\"de_DE\" \/>\n<meta property=\"og:type\" content=\"article\" \/>\n<meta property=\"og:title\" content=\"Buchtipp: \u201eNice to meet you, Istanbul!\u201c - Kultur Online TV &amp; FM\" \/>\n<meta property=\"og:description\" content=\"Kultur Online FM Audiobeitrag: \u201eIstanbul ist ein wahres Fest f\u00fcr die Sinne\u201c schw\u00e4rmt Schauspieler Erol Sander \u2013 bekannt unter anderem durch die Krimiserie \u201eMordkommission Istanbul\u201c.\" \/>\n<meta property=\"og:url\" content=\"https:\/\/kulturonline.tv\/de\/buchtipp-nice-to-meet-you-istanbul\/\" \/>\n<meta property=\"og:site_name\" content=\"Kultur Online TV &amp; FM\" \/>\n<meta property=\"article:publisher\" content=\"https:\/\/www.facebook.com\/kulturonline.tv\" \/>\n<meta property=\"article:published_time\" content=\"2024-04-29T16:34:26+00:00\" \/>\n<meta property=\"article:modified_time\" content=\"2024-05-01T11:13:11+00:00\" \/>\n<meta property=\"og:image\" content=\"https:\/\/kulturonline.tv\/wp-content\/uploads\/2024\/04\/33.jpg\" \/>\n\t<meta property=\"og:image:width\" content=\"1080\" \/>\n\t<meta property=\"og:image:height\" content=\"1080\" \/>\n\t<meta property=\"og:image:type\" content=\"image\/jpeg\" \/>\n<meta name=\"author\" content=\"guenter.wolfgang\" \/>\n<meta name=\"twitter:card\" content=\"summary_large_image\" \/>\n<meta name=\"twitter:label1\" content=\"Verfasst von\" \/>\n\t<meta name=\"twitter:data1\" content=\"guenter.wolfgang\" \/>\n<script type=\"application\/ld+json\" class=\"yoast-schema-graph\">{\"@context\":\"https:\/\/schema.org\",\"@graph\":[{\"@type\":\"Article\",\"@id\":\"https:\/\/kulturonline.tv\/de\/buchtipp-nice-to-meet-you-istanbul\/#article\",\"isPartOf\":{\"@id\":\"https:\/\/kulturonline.tv\/de\/buchtipp-nice-to-meet-you-istanbul\/\"},\"author\":{\"name\":\"guenter.wolfgang\",\"@id\":\"https:\/\/kulturonline.tv\/de\/#\/schema\/person\/b0fac729bb9a0c193fb1df23449df4fe\"},\"headline\":\"Buchtipp: \u201eNice to meet you, Istanbul!\u201c\",\"datePublished\":\"2024-04-29T16:34:26+00:00\",\"dateModified\":\"2024-05-01T11:13:11+00:00\",\"mainEntityOfPage\":{\"@id\":\"https:\/\/kulturonline.tv\/de\/buchtipp-nice-to-meet-you-istanbul\/\"},\"wordCount\":83,\"commentCount\":4,\"publisher\":{\"@id\":\"https:\/\/kulturonline.tv\/de\/#organization\"},\"image\":{\"@id\":\"https:\/\/kulturonline.tv\/de\/buchtipp-nice-to-meet-you-istanbul\/#primaryimage\"},\"thumbnailUrl\":\"https:\/\/kulturonline.tv\/wp-content\/uploads\/2024\/04\/33.jpg\",\"articleSection\":[\"Beitr\u00e4ge Sendungen\",\"Buchtipps\"],\"inLanguage\":\"de\",\"potentialAction\":[{\"@type\":\"CommentAction\",\"name\":\"Comment\",\"target\":[\"https:\/\/kulturonline.tv\/de\/buchtipp-nice-to-meet-you-istanbul\/#respond\"]}]},{\"@type\":\"WebPage\",\"@id\":\"https:\/\/kulturonline.tv\/de\/buchtipp-nice-to-meet-you-istanbul\/\",\"url\":\"https:\/\/kulturonline.tv\/de\/buchtipp-nice-to-meet-you-istanbul\/\",\"name\":\"Buchtipp: \u201eNice to meet you, Istanbul!\u201c - Kultur Online TV &amp; FM\",\"isPartOf\":{\"@id\":\"https:\/\/kulturonline.tv\/de\/#website\"},\"primaryImageOfPage\":{\"@id\":\"https:\/\/kulturonline.tv\/de\/buchtipp-nice-to-meet-you-istanbul\/#primaryimage\"},\"image\":{\"@id\":\"https:\/\/kulturonline.tv\/de\/buchtipp-nice-to-meet-you-istanbul\/#primaryimage\"},\"thumbnailUrl\":\"https:\/\/kulturonline.tv\/wp-content\/uploads\/2024\/04\/33.jpg\",\"datePublished\":\"2024-04-29T16:34:26+00:00\",\"dateModified\":\"2024-05-01T11:13:11+00:00\",\"description\":\"Kultur Online FM Audiobeitrag: \u201eIstanbul ist ein wahres Fest f\u00fcr die Sinne\u201c schw\u00e4rmt Schauspieler Erol Sander \u2013 bekannt unter anderem durch die Krimiserie \u201eMordkommission Istanbul\u201c.\",\"breadcrumb\":{\"@id\":\"https:\/\/kulturonline.tv\/de\/buchtipp-nice-to-meet-you-istanbul\/#breadcrumb\"},\"inLanguage\":\"de\",\"potentialAction\":[{\"@type\":\"ReadAction\",\"target\":[\"https:\/\/kulturonline.tv\/de\/buchtipp-nice-to-meet-you-istanbul\/\"]}]},{\"@type\":\"ImageObject\",\"inLanguage\":\"de\",\"@id\":\"https:\/\/kulturonline.tv\/de\/buchtipp-nice-to-meet-you-istanbul\/#primaryimage\",\"url\":\"https:\/\/kulturonline.tv\/wp-content\/uploads\/2024\/04\/33.jpg\",\"contentUrl\":\"https:\/\/kulturonline.tv\/wp-content\/uploads\/2024\/04\/33.jpg\",\"width\":1080,\"height\":1080},{\"@type\":\"BreadcrumbList\",\"@id\":\"https:\/\/kulturonline.tv\/de\/buchtipp-nice-to-meet-you-istanbul\/#breadcrumb\",\"itemListElement\":[{\"@type\":\"ListItem\",\"position\":1,\"name\":\"Startseite\",\"item\":\"https:\/\/kulturonline.tv\/de\/\"},{\"@type\":\"ListItem\",\"position\":2,\"name\":\"Buchtipp: \u201eNice to meet you, Istanbul!\u201c\"}]},{\"@type\":\"WebSite\",\"@id\":\"https:\/\/kulturonline.tv\/de\/#website\",\"url\":\"https:\/\/kulturonline.tv\/de\/\",\"name\":\"Kultur Online TV &amp; FM\",\"description\":\"Wir sind Kultur 2.0 zum sehen &amp; h\u00f6ren\",\"publisher\":{\"@id\":\"https:\/\/kulturonline.tv\/de\/#organization\"},\"potentialAction\":[{\"@type\":\"SearchAction\",\"target\":{\"@type\":\"EntryPoint\",\"urlTemplate\":\"https:\/\/kulturonline.tv\/de\/?s={search_term_string}\"},\"query-input\":{\"@type\":\"PropertyValueSpecification\",\"valueRequired\":true,\"valueName\":\"search_term_string\"}}],\"inLanguage\":\"de\"},{\"@type\":\"Organization\",\"@id\":\"https:\/\/kulturonline.tv\/de\/#organization\",\"name\":\"Kultur Online TV\",\"url\":\"https:\/\/kulturonline.tv\/de\/\",\"logo\":{\"@type\":\"ImageObject\",\"inLanguage\":\"de\",\"@id\":\"https:\/\/kulturonline.tv\/de\/#\/schema\/logo\/image\/\",\"url\":\"https:\/\/kulturonline.tv\/wp-content\/uploads\/2021\/08\/Kultur-Online-Tv-Logo-Endversion-neu.png\",\"contentUrl\":\"https:\/\/kulturonline.tv\/wp-content\/uploads\/2021\/08\/Kultur-Online-Tv-Logo-Endversion-neu.png\",\"width\":200,\"height\":200,\"caption\":\"Kultur Online TV\"},\"image\":{\"@id\":\"https:\/\/kulturonline.tv\/de\/#\/schema\/logo\/image\/\"},\"sameAs\":[\"https:\/\/www.facebook.com\/kulturonline.tv\",\"https:\/\/www.instagram.com\/kulturonline.tv\"]},{\"@type\":\"Person\",\"@id\":\"https:\/\/kulturonline.tv\/de\/#\/schema\/person\/b0fac729bb9a0c193fb1df23449df4fe\",\"name\":\"guenter.wolfgang\"}]}<\/script>\n<!-- \/ Yoast SEO plugin. -->","yoast_head_json":{"title":"Buchtipp: \u201eNice to meet you, Istanbul!\u201c - Kultur Online TV &amp; FM","description":"Kultur Online FM Audiobeitrag: \u201eIstanbul ist ein wahres Fest f\u00fcr die Sinne\u201c schw\u00e4rmt Schauspieler Erol Sander \u2013 bekannt unter anderem durch die Krimiserie \u201eMordkommission Istanbul\u201c.","robots":{"index":"index","follow":"follow","max-snippet":"max-snippet:-1","max-image-preview":"max-image-preview:large","max-video-preview":"max-video-preview:-1"},"canonical":"https:\/\/kulturonline.tv\/de\/buchtipp-nice-to-meet-you-istanbul\/","og_locale":"de_DE","og_type":"article","og_title":"Buchtipp: \u201eNice to meet you, Istanbul!\u201c - Kultur Online TV &amp; FM","og_description":"Kultur Online FM Audiobeitrag: \u201eIstanbul ist ein wahres Fest f\u00fcr die Sinne\u201c schw\u00e4rmt Schauspieler Erol Sander \u2013 bekannt unter anderem durch die Krimiserie \u201eMordkommission Istanbul\u201c.","og_url":"https:\/\/kulturonline.tv\/de\/buchtipp-nice-to-meet-you-istanbul\/","og_site_name":"Kultur Online TV &amp; FM","article_publisher":"https:\/\/www.facebook.com\/kulturonline.tv","article_published_time":"2024-04-29T16:34:26+00:00","article_modified_time":"2024-05-01T11:13:11+00:00","og_image":[{"width":1080,"height":1080,"url":"https:\/\/kulturonline.tv\/wp-content\/uploads\/2024\/04\/33.jpg","type":"image\/jpeg"}],"author":"guenter.wolfgang","twitter_card":"summary_large_image","twitter_misc":{"Verfasst von":"guenter.wolfgang"},"schema":{"@context":"https:\/\/schema.org","@graph":[{"@type":"Article","@id":"https:\/\/kulturonline.tv\/de\/buchtipp-nice-to-meet-you-istanbul\/#article","isPartOf":{"@id":"https:\/\/kulturonline.tv\/de\/buchtipp-nice-to-meet-you-istanbul\/"},"author":{"name":"guenter.wolfgang","@id":"https:\/\/kulturonline.tv\/de\/#\/schema\/person\/b0fac729bb9a0c193fb1df23449df4fe"},"headline":"Buchtipp: \u201eNice to meet you, Istanbul!\u201c","datePublished":"2024-04-29T16:34:26+00:00","dateModified":"2024-05-01T11:13:11+00:00","mainEntityOfPage":{"@id":"https:\/\/kulturonline.tv\/de\/buchtipp-nice-to-meet-you-istanbul\/"},"wordCount":83,"commentCount":4,"publisher":{"@id":"https:\/\/kulturonline.tv\/de\/#organization"},"image":{"@id":"https:\/\/kulturonline.tv\/de\/buchtipp-nice-to-meet-you-istanbul\/#primaryimage"},"thumbnailUrl":"https:\/\/kulturonline.tv\/wp-content\/uploads\/2024\/04\/33.jpg","articleSection":["Beitr\u00e4ge Sendungen","Buchtipps"],"inLanguage":"de","potentialAction":[{"@type":"CommentAction","name":"Comment","target":["https:\/\/kulturonline.tv\/de\/buchtipp-nice-to-meet-you-istanbul\/#respond"]}]},{"@type":"WebPage","@id":"https:\/\/kulturonline.tv\/de\/buchtipp-nice-to-meet-you-istanbul\/","url":"https:\/\/kulturonline.tv\/de\/buchtipp-nice-to-meet-you-istanbul\/","name":"Buchtipp: \u201eNice to meet you, Istanbul!\u201c - Kultur Online TV &amp; FM","isPartOf":{"@id":"https:\/\/kulturonline.tv\/de\/#website"},"primaryImageOfPage":{"@id":"https:\/\/kulturonline.tv\/de\/buchtipp-nice-to-meet-you-istanbul\/#primaryimage"},"image":{"@id":"https:\/\/kulturonline.tv\/de\/buchtipp-nice-to-meet-you-istanbul\/#primaryimage"},"thumbnailUrl":"https:\/\/kulturonline.tv\/wp-content\/uploads\/2024\/04\/33.jpg","datePublished":"2024-04-29T16:34:26+00:00","dateModified":"2024-05-01T11:13:11+00:00","description":"Kultur Online FM Audiobeitrag: \u201eIstanbul ist ein wahres Fest f\u00fcr die Sinne\u201c schw\u00e4rmt Schauspieler Erol Sander \u2013 bekannt unter anderem durch die Krimiserie \u201eMordkommission Istanbul\u201c.","breadcrumb":{"@id":"https:\/\/kulturonline.tv\/de\/buchtipp-nice-to-meet-you-istanbul\/#breadcrumb"},"inLanguage":"de","potentialAction":[{"@type":"ReadAction","target":["https:\/\/kulturonline.tv\/de\/buchtipp-nice-to-meet-you-istanbul\/"]}]},{"@type":"ImageObject","inLanguage":"de","@id":"https:\/\/kulturonline.tv\/de\/buchtipp-nice-to-meet-you-istanbul\/#primaryimage","url":"https:\/\/kulturonline.tv\/wp-content\/uploads\/2024\/04\/33.jpg","contentUrl":"https:\/\/kulturonline.tv\/wp-content\/uploads\/2024\/04\/33.jpg","width":1080,"height":1080},{"@type":"BreadcrumbList","@id":"https:\/\/kulturonline.tv\/de\/buchtipp-nice-to-meet-you-istanbul\/#breadcrumb","itemListElement":[{"@type":"ListItem","position":1,"name":"Startseite","item":"https:\/\/kulturonline.tv\/de\/"},{"@type":"ListItem","position":2,"name":"Buchtipp: \u201eNice to meet you, Istanbul!\u201c"}]},{"@type":"WebSite","@id":"https:\/\/kulturonline.tv\/de\/#website","url":"https:\/\/kulturonline.tv\/de\/","name":"Kultur Online TV &amp; FM","description":"Wir sind Kultur 2.0 zum sehen &amp; h\u00f6ren","publisher":{"@id":"https:\/\/kulturonline.tv\/de\/#organization"},"potentialAction":[{"@type":"SearchAction","target":{"@type":"EntryPoint","urlTemplate":"https:\/\/kulturonline.tv\/de\/?s={search_term_string}"},"query-input":{"@type":"PropertyValueSpecification","valueRequired":true,"valueName":"search_term_string"}}],"inLanguage":"de"},{"@type":"Organization","@id":"https:\/\/kulturonline.tv\/de\/#organization","name":"Kultur Online TV","url":"https:\/\/kulturonline.tv\/de\/","logo":{"@type":"ImageObject","inLanguage":"de","@id":"https:\/\/kulturonline.tv\/de\/#\/schema\/logo\/image\/","url":"https:\/\/kulturonline.tv\/wp-content\/uploads\/2021\/08\/Kultur-Online-Tv-Logo-Endversion-neu.png","contentUrl":"https:\/\/kulturonline.tv\/wp-content\/uploads\/2021\/08\/Kultur-Online-Tv-Logo-Endversion-neu.png","width":200,"height":200,"caption":"Kultur Online TV"},"image":{"@id":"https:\/\/kulturonline.tv\/de\/#\/schema\/logo\/image\/"},"sameAs":["https:\/\/www.facebook.com\/kulturonline.tv","https:\/\/www.instagram.com\/kulturonline.tv"]},{"@type":"Person","@id":"https:\/\/kulturonline.tv\/de\/#\/schema\/person\/b0fac729bb9a0c193fb1df23449df4fe","name":"guenter.wolfgang"}]}},"_links":{"self":[{"href":"https:\/\/kulturonline.tv\/de\/wp-json\/wp\/v2\/posts\/73322","targetHints":{"allow":["GET"]}}],"collection":[{"href":"https:\/\/kulturonline.tv\/de\/wp-json\/wp\/v2\/posts"}],"about":[{"href":"https:\/\/kulturonline.tv\/de\/wp-json\/wp\/v2\/types\/post"}],"author":[{"embeddable":true,"href":"https:\/\/kulturonline.tv\/de\/wp-json\/wp\/v2\/users\/2"}],"replies":[{"embeddable":true,"href":"https:\/\/kulturonline.tv\/de\/wp-json\/wp\/v2\/comments?post=73322"}],"version-history":[{"count":0,"href":"https:\/\/kulturonline.tv\/de\/wp-json\/wp\/v2\/posts\/73322\/revisions"}],"wp:featuredmedia":[{"embeddable":true,"href":"https:\/\/kulturonline.tv\/de\/wp-json\/wp\/v2\/media\/73398"}],"wp:attachment":[{"href":"https:\/\/kulturonline.tv\/de\/wp-json\/wp\/v2\/media?parent=73322"}],"wp:term":[{"taxonomy":"category","embeddable":true,"href":"https:\/\/kulturonline.tv\/de\/wp-json\/wp\/v2\/categories?post=73322"},{"taxonomy":"post_tag","embeddable":true,"href":"https:\/\/kulturonline.tv\/de\/wp-json\/wp\/v2\/tags?post=73322"}],"curies":[{"name":"wp","href":"https:\/\/api.w.org\/{rel}","templated":true}]}}