{"id":7371,"date":"2021-10-02T08:59:47","date_gmt":"2021-10-02T06:59:47","guid":{"rendered":"https:\/\/kulturonline.tv\/?p=7371"},"modified":"2021-10-02T12:22:28","modified_gmt":"2021-10-02T10:22:28","slug":"comicfestival-in-hamburg-jetzt-wirds-bunt","status":"publish","type":"post","link":"https:\/\/kulturonline.tv\/de\/comicfestival-in-hamburg-jetzt-wirds-bunt\/","title":{"rendered":"Comicfestival in Hamburg: Jetzt wird\u2019s bunt!"},"content":{"rendered":"\n<p>Vom 1. Oktober bis 3. Oktober 2021 steigt in Hamburg das Comicfestival. Ausstellungen nationaler und internationaler K\u00fcnstler sind vom Frappant in Altona bis ins G\u00e4ngeviertel, von der Schanze bis in die Neustadt zu finden.<\/p>\n\n\n\n<figure class=\"wp-block-image size-large\"><img fetchpriority=\"high\" decoding=\"async\" width=\"1930\" height=\"1085\" src=\"https:\/\/kulturonline.tv\/wp-content\/uploads\/2021\/10\/AnnaHeifisch_OdeAnDieFeder-ES3-edited.jpg\" alt=\"\" class=\"wp-image-7378\" srcset=\"https:\/\/kulturonline.tv\/wp-content\/uploads\/2021\/10\/AnnaHeifisch_OdeAnDieFeder-ES3-edited.jpg 1930w, https:\/\/kulturonline.tv\/wp-content\/uploads\/2021\/10\/AnnaHeifisch_OdeAnDieFeder-ES3-edited-600x337.jpg 600w, https:\/\/kulturonline.tv\/wp-content\/uploads\/2021\/10\/AnnaHeifisch_OdeAnDieFeder-ES3-edited-800x450.jpg 800w, https:\/\/kulturonline.tv\/wp-content\/uploads\/2021\/10\/AnnaHeifisch_OdeAnDieFeder-ES3-edited-1600x899.jpg 1600w, https:\/\/kulturonline.tv\/wp-content\/uploads\/2021\/10\/AnnaHeifisch_OdeAnDieFeder-ES3-edited-768x432.jpg 768w, https:\/\/kulturonline.tv\/wp-content\/uploads\/2021\/10\/AnnaHeifisch_OdeAnDieFeder-ES3-edited-1536x864.jpg 1536w\" sizes=\"(max-width: 1930px) 100vw, 1930px\" \/><\/figure>\n\n\n\n<p><meta charset=\"utf-8\">Im &#8222;K\u00f6libri&#8220; auf St. Pauli schl\u00e4gt das Herz des Festivals. Die neuesten Comics, Graphic Novels und vieles mehr wird dort von den Verlagen aus dem ganzen Land pr\u00e4sentiert. <\/p>\n\n\n\n<p>&#8222;Das 15. Hamburger Comicfestival nimmt den Maler Paul Klee beim Wort und l\u00e4sst gleich eine ganze Kunstform durch die Stadt wandern. In den ungewissen Zeiten, in denen wir seit Monaten festzustecken scheinen, hat sich das Comicfestival selbstbewusst mit Kreativit\u00e4t und Verve neu erfunden. \u201ePanel Walk\u201c hei\u00dft die Idee, die auch in diesem Jahr die Fans der grafischen Literatur auf Entdeckungsreise schickt, Begegnungen erm\u00f6glicht und Auseinandersetzungen anregt.&#8220;<\/p>\n\n\n\n<p>Textquelle: Aktuelles Programmheft des Comicfestivals <\/p>\n\n\n\n<p>Das aktuelle Programmheft und n\u00e4here Informationen sind auf folgender Homepage zu finden:<\/p>\n\n\n\n<p><a href=\"https:\/\/comicfestivalhamburg.de\/\">https:\/\/comicfestivalhamburg.de\/<\/a><\/p>\n\n\n\n<div data-wp-interactive=\"core\/file\" class=\"wp-block-file\"><object data-wp-bind--hidden=\"!state.hasPdfPreview\" hidden class=\"wp-block-file__embed\" data=\"https:\/\/kulturonline.tv\/wp-content\/uploads\/2021\/10\/Comicfestival_Programmheft-1.pdf\" type=\"application\/pdf\" style=\"width:100%;height:600px\" aria-label=\"Einbettung von Einbettung von Comicfestival_Programmheft-1..\"><\/object><a href=\"https:\/\/kulturonline.tv\/wp-content\/uploads\/2021\/10\/Comicfestival_Programmheft-1.pdf\">Comicfestival_Programmheft-1<\/a><a href=\"https:\/\/kulturonline.tv\/wp-content\/uploads\/2021\/10\/Comicfestival_Programmheft-1.pdf\" class=\"wp-block-file__button\" download>Herunterladen<\/a><\/div>\n\n\n\n<p>Kultur Online TV<\/p>\n\n\n\n<p>#hamburg #comic #graphicnovel #festival<\/p>\n","protected":false},"excerpt":{"rendered":"<p>Vom 1. Oktober bis 3. Oktober 2021 steigt in Hamburg das Comicfestival. Ausstellungen nationaler und internationaler K\u00fcnstler sind vom Frappant in Altona bis ins G\u00e4ngeviertel, von der Schanze bis in die Neustadt zu finden. Im &#8222;K\u00f6libri&#8220; auf St. Pauli schl\u00e4gt das Herz des Festivals. Die neuesten Comics, Graphic Novels und vieles mehr wird dort von [&hellip;]<\/p>\n","protected":false},"author":2,"featured_media":7378,"comment_status":"closed","ping_status":"closed","sticky":false,"template":"","format":"standard","meta":{"_acf_changed":false,"footnotes":""},"categories":[107,3],"tags":[],"class_list":["post-7371","post","type-post","status-publish","format-standard","has-post-thumbnail","hentry","category-kunst","category-newsflash"],"acf":[],"yoast_head":"<!-- This site is optimized with the Yoast SEO plugin v26.1.1 - https:\/\/yoast.com\/wordpress\/plugins\/seo\/ -->\n<title>Comicfestival in Hamburg: Jetzt wird\u2019s bunt! - Kultur Online TV &amp; FM<\/title>\n<meta name=\"description\" content=\"Kultur sehen und H\u00f6ren\" \/>\n<meta name=\"robots\" content=\"index, follow, max-snippet:-1, max-image-preview:large, max-video-preview:-1\" \/>\n<link rel=\"canonical\" href=\"https:\/\/kulturonline.tv\/de\/comicfestival-in-hamburg-jetzt-wirds-bunt\/\" \/>\n<meta property=\"og:locale\" content=\"de_DE\" \/>\n<meta property=\"og:type\" content=\"article\" \/>\n<meta property=\"og:title\" content=\"Comicfestival in Hamburg: Jetzt wird\u2019s bunt! - Kultur Online TV &amp; FM\" \/>\n<meta property=\"og:description\" content=\"Kultur sehen und H\u00f6ren\" \/>\n<meta property=\"og:url\" content=\"https:\/\/kulturonline.tv\/de\/comicfestival-in-hamburg-jetzt-wirds-bunt\/\" \/>\n<meta property=\"og:site_name\" content=\"Kultur Online TV &amp; FM\" \/>\n<meta property=\"article:publisher\" content=\"https:\/\/www.facebook.com\/kulturonline.tv\" \/>\n<meta property=\"article:published_time\" content=\"2021-10-02T06:59:47+00:00\" \/>\n<meta property=\"article:modified_time\" content=\"2021-10-02T10:22:28+00:00\" \/>\n<meta property=\"og:image\" content=\"https:\/\/kulturonline.tv\/wp-content\/uploads\/2021\/10\/AnnaHeifisch_OdeAnDieFeder-ES3-edited.jpg\" \/>\n\t<meta property=\"og:image:width\" content=\"1930\" \/>\n\t<meta property=\"og:image:height\" content=\"1085\" \/>\n\t<meta property=\"og:image:type\" content=\"image\/jpeg\" \/>\n<meta name=\"author\" content=\"guenter.wolfgang\" \/>\n<meta name=\"twitter:card\" content=\"summary_large_image\" \/>\n<meta name=\"twitter:label1\" content=\"Verfasst von\" \/>\n\t<meta name=\"twitter:data1\" content=\"guenter.wolfgang\" \/>\n\t<meta name=\"twitter:label2\" content=\"Gesch\u00e4tzte Lesezeit\" \/>\n\t<meta name=\"twitter:data2\" content=\"1\u00a0Minute\" \/>\n<script type=\"application\/ld+json\" class=\"yoast-schema-graph\">{\"@context\":\"https:\/\/schema.org\",\"@graph\":[{\"@type\":\"Article\",\"@id\":\"https:\/\/kulturonline.tv\/de\/comicfestival-in-hamburg-jetzt-wirds-bunt\/#article\",\"isPartOf\":{\"@id\":\"https:\/\/kulturonline.tv\/de\/comicfestival-in-hamburg-jetzt-wirds-bunt\/\"},\"author\":{\"name\":\"guenter.wolfgang\",\"@id\":\"https:\/\/kulturonline.tv\/de\/#\/schema\/person\/b0fac729bb9a0c193fb1df23449df4fe\"},\"headline\":\"Comicfestival in Hamburg: Jetzt wird\u2019s bunt!\",\"datePublished\":\"2021-10-02T06:59:47+00:00\",\"dateModified\":\"2021-10-02T10:22:28+00:00\",\"mainEntityOfPage\":{\"@id\":\"https:\/\/kulturonline.tv\/de\/comicfestival-in-hamburg-jetzt-wirds-bunt\/\"},\"wordCount\":171,\"publisher\":{\"@id\":\"https:\/\/kulturonline.tv\/de\/#organization\"},\"image\":{\"@id\":\"https:\/\/kulturonline.tv\/de\/comicfestival-in-hamburg-jetzt-wirds-bunt\/#primaryimage\"},\"thumbnailUrl\":\"https:\/\/kulturonline.tv\/wp-content\/uploads\/2021\/10\/AnnaHeifisch_OdeAnDieFeder-ES3-edited.jpg\",\"articleSection\":[\"Kunst\",\"Newsflash\"],\"inLanguage\":\"de\"},{\"@type\":\"WebPage\",\"@id\":\"https:\/\/kulturonline.tv\/de\/comicfestival-in-hamburg-jetzt-wirds-bunt\/\",\"url\":\"https:\/\/kulturonline.tv\/de\/comicfestival-in-hamburg-jetzt-wirds-bunt\/\",\"name\":\"Comicfestival in Hamburg: Jetzt wird\u2019s bunt! - Kultur Online TV &amp; FM\",\"isPartOf\":{\"@id\":\"https:\/\/kulturonline.tv\/de\/#website\"},\"primaryImageOfPage\":{\"@id\":\"https:\/\/kulturonline.tv\/de\/comicfestival-in-hamburg-jetzt-wirds-bunt\/#primaryimage\"},\"image\":{\"@id\":\"https:\/\/kulturonline.tv\/de\/comicfestival-in-hamburg-jetzt-wirds-bunt\/#primaryimage\"},\"thumbnailUrl\":\"https:\/\/kulturonline.tv\/wp-content\/uploads\/2021\/10\/AnnaHeifisch_OdeAnDieFeder-ES3-edited.jpg\",\"datePublished\":\"2021-10-02T06:59:47+00:00\",\"dateModified\":\"2021-10-02T10:22:28+00:00\",\"description\":\"Kultur sehen und H\u00f6ren\",\"breadcrumb\":{\"@id\":\"https:\/\/kulturonline.tv\/de\/comicfestival-in-hamburg-jetzt-wirds-bunt\/#breadcrumb\"},\"inLanguage\":\"de\",\"potentialAction\":[{\"@type\":\"ReadAction\",\"target\":[\"https:\/\/kulturonline.tv\/de\/comicfestival-in-hamburg-jetzt-wirds-bunt\/\"]}]},{\"@type\":\"ImageObject\",\"inLanguage\":\"de\",\"@id\":\"https:\/\/kulturonline.tv\/de\/comicfestival-in-hamburg-jetzt-wirds-bunt\/#primaryimage\",\"url\":\"https:\/\/kulturonline.tv\/wp-content\/uploads\/2021\/10\/AnnaHeifisch_OdeAnDieFeder-ES3-edited.jpg\",\"contentUrl\":\"https:\/\/kulturonline.tv\/wp-content\/uploads\/2021\/10\/AnnaHeifisch_OdeAnDieFeder-ES3-edited.jpg\",\"width\":1930,\"height\":1085},{\"@type\":\"BreadcrumbList\",\"@id\":\"https:\/\/kulturonline.tv\/de\/comicfestival-in-hamburg-jetzt-wirds-bunt\/#breadcrumb\",\"itemListElement\":[{\"@type\":\"ListItem\",\"position\":1,\"name\":\"Startseite\",\"item\":\"https:\/\/kulturonline.tv\/de\/\"},{\"@type\":\"ListItem\",\"position\":2,\"name\":\"Comicfestival in Hamburg: Jetzt wird\u2019s bunt!\"}]},{\"@type\":\"WebSite\",\"@id\":\"https:\/\/kulturonline.tv\/de\/#website\",\"url\":\"https:\/\/kulturonline.tv\/de\/\",\"name\":\"Kultur Online TV &amp; FM\",\"description\":\"Wir sind Kultur 2.0 zum sehen &amp; h\u00f6ren\",\"publisher\":{\"@id\":\"https:\/\/kulturonline.tv\/de\/#organization\"},\"potentialAction\":[{\"@type\":\"SearchAction\",\"target\":{\"@type\":\"EntryPoint\",\"urlTemplate\":\"https:\/\/kulturonline.tv\/de\/?s={search_term_string}\"},\"query-input\":{\"@type\":\"PropertyValueSpecification\",\"valueRequired\":true,\"valueName\":\"search_term_string\"}}],\"inLanguage\":\"de\"},{\"@type\":\"Organization\",\"@id\":\"https:\/\/kulturonline.tv\/de\/#organization\",\"name\":\"Kultur Online TV\",\"url\":\"https:\/\/kulturonline.tv\/de\/\",\"logo\":{\"@type\":\"ImageObject\",\"inLanguage\":\"de\",\"@id\":\"https:\/\/kulturonline.tv\/de\/#\/schema\/logo\/image\/\",\"url\":\"https:\/\/kulturonline.tv\/wp-content\/uploads\/2021\/08\/Kultur-Online-Tv-Logo-Endversion-neu.png\",\"contentUrl\":\"https:\/\/kulturonline.tv\/wp-content\/uploads\/2021\/08\/Kultur-Online-Tv-Logo-Endversion-neu.png\",\"width\":200,\"height\":200,\"caption\":\"Kultur Online TV\"},\"image\":{\"@id\":\"https:\/\/kulturonline.tv\/de\/#\/schema\/logo\/image\/\"},\"sameAs\":[\"https:\/\/www.facebook.com\/kulturonline.tv\",\"https:\/\/www.instagram.com\/kulturonline.tv\"]},{\"@type\":\"Person\",\"@id\":\"https:\/\/kulturonline.tv\/de\/#\/schema\/person\/b0fac729bb9a0c193fb1df23449df4fe\",\"name\":\"guenter.wolfgang\"}]}<\/script>\n<!-- \/ Yoast SEO plugin. -->","yoast_head_json":{"title":"Comicfestival in Hamburg: Jetzt wird\u2019s bunt! - Kultur Online TV &amp; FM","description":"Kultur sehen und H\u00f6ren","robots":{"index":"index","follow":"follow","max-snippet":"max-snippet:-1","max-image-preview":"max-image-preview:large","max-video-preview":"max-video-preview:-1"},"canonical":"https:\/\/kulturonline.tv\/de\/comicfestival-in-hamburg-jetzt-wirds-bunt\/","og_locale":"de_DE","og_type":"article","og_title":"Comicfestival in Hamburg: Jetzt wird\u2019s bunt! - Kultur Online TV &amp; FM","og_description":"Kultur sehen und H\u00f6ren","og_url":"https:\/\/kulturonline.tv\/de\/comicfestival-in-hamburg-jetzt-wirds-bunt\/","og_site_name":"Kultur Online TV &amp; FM","article_publisher":"https:\/\/www.facebook.com\/kulturonline.tv","article_published_time":"2021-10-02T06:59:47+00:00","article_modified_time":"2021-10-02T10:22:28+00:00","og_image":[{"width":1930,"height":1085,"url":"https:\/\/kulturonline.tv\/wp-content\/uploads\/2021\/10\/AnnaHeifisch_OdeAnDieFeder-ES3-edited.jpg","type":"image\/jpeg"}],"author":"guenter.wolfgang","twitter_card":"summary_large_image","twitter_misc":{"Verfasst von":"guenter.wolfgang","Gesch\u00e4tzte Lesezeit":"1\u00a0Minute"},"schema":{"@context":"https:\/\/schema.org","@graph":[{"@type":"Article","@id":"https:\/\/kulturonline.tv\/de\/comicfestival-in-hamburg-jetzt-wirds-bunt\/#article","isPartOf":{"@id":"https:\/\/kulturonline.tv\/de\/comicfestival-in-hamburg-jetzt-wirds-bunt\/"},"author":{"name":"guenter.wolfgang","@id":"https:\/\/kulturonline.tv\/de\/#\/schema\/person\/b0fac729bb9a0c193fb1df23449df4fe"},"headline":"Comicfestival in Hamburg: Jetzt wird\u2019s bunt!","datePublished":"2021-10-02T06:59:47+00:00","dateModified":"2021-10-02T10:22:28+00:00","mainEntityOfPage":{"@id":"https:\/\/kulturonline.tv\/de\/comicfestival-in-hamburg-jetzt-wirds-bunt\/"},"wordCount":171,"publisher":{"@id":"https:\/\/kulturonline.tv\/de\/#organization"},"image":{"@id":"https:\/\/kulturonline.tv\/de\/comicfestival-in-hamburg-jetzt-wirds-bunt\/#primaryimage"},"thumbnailUrl":"https:\/\/kulturonline.tv\/wp-content\/uploads\/2021\/10\/AnnaHeifisch_OdeAnDieFeder-ES3-edited.jpg","articleSection":["Kunst","Newsflash"],"inLanguage":"de"},{"@type":"WebPage","@id":"https:\/\/kulturonline.tv\/de\/comicfestival-in-hamburg-jetzt-wirds-bunt\/","url":"https:\/\/kulturonline.tv\/de\/comicfestival-in-hamburg-jetzt-wirds-bunt\/","name":"Comicfestival in Hamburg: Jetzt wird\u2019s bunt! - Kultur Online TV &amp; FM","isPartOf":{"@id":"https:\/\/kulturonline.tv\/de\/#website"},"primaryImageOfPage":{"@id":"https:\/\/kulturonline.tv\/de\/comicfestival-in-hamburg-jetzt-wirds-bunt\/#primaryimage"},"image":{"@id":"https:\/\/kulturonline.tv\/de\/comicfestival-in-hamburg-jetzt-wirds-bunt\/#primaryimage"},"thumbnailUrl":"https:\/\/kulturonline.tv\/wp-content\/uploads\/2021\/10\/AnnaHeifisch_OdeAnDieFeder-ES3-edited.jpg","datePublished":"2021-10-02T06:59:47+00:00","dateModified":"2021-10-02T10:22:28+00:00","description":"Kultur sehen und H\u00f6ren","breadcrumb":{"@id":"https:\/\/kulturonline.tv\/de\/comicfestival-in-hamburg-jetzt-wirds-bunt\/#breadcrumb"},"inLanguage":"de","potentialAction":[{"@type":"ReadAction","target":["https:\/\/kulturonline.tv\/de\/comicfestival-in-hamburg-jetzt-wirds-bunt\/"]}]},{"@type":"ImageObject","inLanguage":"de","@id":"https:\/\/kulturonline.tv\/de\/comicfestival-in-hamburg-jetzt-wirds-bunt\/#primaryimage","url":"https:\/\/kulturonline.tv\/wp-content\/uploads\/2021\/10\/AnnaHeifisch_OdeAnDieFeder-ES3-edited.jpg","contentUrl":"https:\/\/kulturonline.tv\/wp-content\/uploads\/2021\/10\/AnnaHeifisch_OdeAnDieFeder-ES3-edited.jpg","width":1930,"height":1085},{"@type":"BreadcrumbList","@id":"https:\/\/kulturonline.tv\/de\/comicfestival-in-hamburg-jetzt-wirds-bunt\/#breadcrumb","itemListElement":[{"@type":"ListItem","position":1,"name":"Startseite","item":"https:\/\/kulturonline.tv\/de\/"},{"@type":"ListItem","position":2,"name":"Comicfestival in Hamburg: Jetzt wird\u2019s bunt!"}]},{"@type":"WebSite","@id":"https:\/\/kulturonline.tv\/de\/#website","url":"https:\/\/kulturonline.tv\/de\/","name":"Kultur Online TV &amp; FM","description":"Wir sind Kultur 2.0 zum sehen &amp; h\u00f6ren","publisher":{"@id":"https:\/\/kulturonline.tv\/de\/#organization"},"potentialAction":[{"@type":"SearchAction","target":{"@type":"EntryPoint","urlTemplate":"https:\/\/kulturonline.tv\/de\/?s={search_term_string}"},"query-input":{"@type":"PropertyValueSpecification","valueRequired":true,"valueName":"search_term_string"}}],"inLanguage":"de"},{"@type":"Organization","@id":"https:\/\/kulturonline.tv\/de\/#organization","name":"Kultur Online TV","url":"https:\/\/kulturonline.tv\/de\/","logo":{"@type":"ImageObject","inLanguage":"de","@id":"https:\/\/kulturonline.tv\/de\/#\/schema\/logo\/image\/","url":"https:\/\/kulturonline.tv\/wp-content\/uploads\/2021\/08\/Kultur-Online-Tv-Logo-Endversion-neu.png","contentUrl":"https:\/\/kulturonline.tv\/wp-content\/uploads\/2021\/08\/Kultur-Online-Tv-Logo-Endversion-neu.png","width":200,"height":200,"caption":"Kultur Online TV"},"image":{"@id":"https:\/\/kulturonline.tv\/de\/#\/schema\/logo\/image\/"},"sameAs":["https:\/\/www.facebook.com\/kulturonline.tv","https:\/\/www.instagram.com\/kulturonline.tv"]},{"@type":"Person","@id":"https:\/\/kulturonline.tv\/de\/#\/schema\/person\/b0fac729bb9a0c193fb1df23449df4fe","name":"guenter.wolfgang"}]}},"_links":{"self":[{"href":"https:\/\/kulturonline.tv\/de\/wp-json\/wp\/v2\/posts\/7371","targetHints":{"allow":["GET"]}}],"collection":[{"href":"https:\/\/kulturonline.tv\/de\/wp-json\/wp\/v2\/posts"}],"about":[{"href":"https:\/\/kulturonline.tv\/de\/wp-json\/wp\/v2\/types\/post"}],"author":[{"embeddable":true,"href":"https:\/\/kulturonline.tv\/de\/wp-json\/wp\/v2\/users\/2"}],"replies":[{"embeddable":true,"href":"https:\/\/kulturonline.tv\/de\/wp-json\/wp\/v2\/comments?post=7371"}],"version-history":[{"count":0,"href":"https:\/\/kulturonline.tv\/de\/wp-json\/wp\/v2\/posts\/7371\/revisions"}],"wp:featuredmedia":[{"embeddable":true,"href":"https:\/\/kulturonline.tv\/de\/wp-json\/wp\/v2\/media\/7378"}],"wp:attachment":[{"href":"https:\/\/kulturonline.tv\/de\/wp-json\/wp\/v2\/media?parent=7371"}],"wp:term":[{"taxonomy":"category","embeddable":true,"href":"https:\/\/kulturonline.tv\/de\/wp-json\/wp\/v2\/categories?post=7371"},{"taxonomy":"post_tag","embeddable":true,"href":"https:\/\/kulturonline.tv\/de\/wp-json\/wp\/v2\/tags?post=7371"}],"curies":[{"name":"wp","href":"https:\/\/api.w.org\/{rel}","templated":true}]}}