{"id":74197,"date":"2024-05-02T15:22:38","date_gmt":"2024-05-02T13:22:38","guid":{"rendered":"https:\/\/kulturonline.tv\/?p=74197"},"modified":"2025-06-13T09:16:28","modified_gmt":"2025-06-13T07:16:28","slug":"lesung-mit-friedrich-ani-in-burghausen","status":"publish","type":"post","link":"https:\/\/kulturonline.tv\/de\/lesung-mit-friedrich-ani-in-burghausen\/","title":{"rendered":"Lesung mit Friedrich Ani in Burghausen"},"content":{"rendered":"\n<p>Eine vorweihnachtliche Lesung im Burghauser Helmbrechtsaal mit dem M\u00fcnchner Autor Friedrich Ani, veranstaltet durch die die \u201cStille-Nacht-Gesellschaft im ober\u00f6sterreichischen Oberndorf. Musikbegleitung Josef Irgmaier (Komponist, Pianist aus Tittmoning)<\/p>\n\n\n\n<figure class=\"wp-block-image size-full\"><img fetchpriority=\"high\" decoding=\"async\" width=\"1422\" height=\"800\" src=\"https:\/\/kulturonline.tv\/wp-content\/uploads\/2024\/05\/lesung-edited.png\" alt=\"\" class=\"wp-image-74200\" srcset=\"https:\/\/kulturonline.tv\/wp-content\/uploads\/2024\/05\/lesung-edited.png 1422w, https:\/\/kulturonline.tv\/wp-content\/uploads\/2024\/05\/lesung-edited-800x450.png 800w, https:\/\/kulturonline.tv\/wp-content\/uploads\/2024\/05\/lesung-edited-768x432.png 768w\" sizes=\"(max-width: 1422px) 100vw, 1422px\" \/><\/figure>\n\n\n\n<p>\u00a9 Kultur Online TV-FM Friedrich Ani w\u00e4hrend seiner Lesung im Burghauser Helmbrechtsaal.<\/p>\n\n\n\n<figure class=\"wp-block-audio\"><audio controls src=\"https:\/\/kulturonline.tv\/wp-content\/uploads\/2024\/01\/Buch-3-Lesung.mp3\"><\/audio><\/figure>\n\n\n\n<h5 class=\"wp-block-heading\"><strong>Friedrich Ani liest unter anderem aus neu erschienenen Band \u201cMeine stille Nacht \u2013 Geschichten vom Werden\u201c. Musik Josef Irgmaier, Tittmoning.<\/strong><\/h5>\n\n\n\n<p>Der M\u00fcnchner Autor Friedrich Ani kam vergangene Woche zu einer Lesung an die Salzach. Friedrich Ani ist vor allem f\u00fcr seine Kriminalromane bekannt. Neben seinem Text \u201cWoher ich komme\u201d, gerade erschienen in der Anthologie \u201cMeine stille Nacht \u2013 Geschichten vom Werden\u201d, las Ani auch eigene Gedichte.<\/p>\n\n\n\n<p>In Burghausen lernten die Zuh\u00f6rer eine besinnliche Seite des Autors kennen. Die Gedichte und Texte drehten sich vor allem um Themen wie Identit\u00e4t, des Heranwachsens und die menschliche Verg\u00e4nglichkeit.<\/p>\n\n\n\n<p>Der Abend wurde durch den Tittmoninger Komponisten und Pianisten Josef Irgmaierumrahmt, der \u00fcber die Melodien bekannter Weihnachtslieder improvisierte.<\/p>\n\n\n\n<p>Initiiert wurde die Veranstaltung durch die Stille-Nacht-Gesellschaft aus dem ober\u00f6sterreichischen Oberndorf.<\/p>\n\n\n\n<p>Wir von Kultur Online FM waren vor Ort mit dabei und haben die Veranstaltung aufgezeichnet und die gesammte Veranstaltung kann hier angeh\u00f6rt werden.<\/p>\n","protected":false},"excerpt":{"rendered":"<p>Eine vorweihnachtliche Lesung im Burghauser Helmbrechtsaal mit dem M\u00fcnchner Autor Friedrich Ani, veranstaltet durch die die \u201cStille-Nacht-Gesellschaft im ober\u00f6sterreichischen Oberndorf. Musikbegleitung Josef Irgmaier (Komponist, Pianist aus Tittmoning) \u00a9 Kultur Online TV-FM Friedrich Ani w\u00e4hrend seiner Lesung im Burghauser Helmbrechtsaal. Friedrich Ani liest unter anderem aus neu erschienenen Band \u201cMeine stille Nacht \u2013 Geschichten vom Werden\u201c. [&hellip;]<\/p>\n","protected":false},"author":2,"featured_media":68940,"comment_status":"open","ping_status":"closed","sticky":false,"template":"","format":"standard","meta":{"_acf_changed":false,"footnotes":""},"categories":[1],"tags":[],"class_list":["post-74197","post","type-post","status-publish","format-standard","has-post-thumbnail","hentry","category-unkategorisiert"],"acf":[],"yoast_head":"<!-- This site is optimized with the Yoast SEO plugin v26.1.1 - https:\/\/yoast.com\/wordpress\/plugins\/seo\/ -->\n<title>Lesung mit Friedrich Ani in Burghausen - Kultur Online TV &amp; FM<\/title>\n<meta name=\"description\" content=\"Kultur sehen und H\u00f6ren\" \/>\n<meta name=\"robots\" content=\"index, follow, max-snippet:-1, max-image-preview:large, max-video-preview:-1\" \/>\n<link rel=\"canonical\" href=\"https:\/\/kulturonline.tv\/de\/lesung-mit-friedrich-ani-in-burghausen\/\" \/>\n<meta property=\"og:locale\" content=\"de_DE\" \/>\n<meta property=\"og:type\" content=\"article\" \/>\n<meta property=\"og:title\" content=\"Lesung mit Friedrich Ani in Burghausen - Kultur Online TV &amp; FM\" \/>\n<meta property=\"og:description\" content=\"Kultur sehen und H\u00f6ren\" \/>\n<meta property=\"og:url\" content=\"https:\/\/kulturonline.tv\/de\/lesung-mit-friedrich-ani-in-burghausen\/\" \/>\n<meta property=\"og:site_name\" content=\"Kultur Online TV &amp; FM\" \/>\n<meta property=\"article:publisher\" content=\"https:\/\/www.facebook.com\/kulturonline.tv\" \/>\n<meta property=\"article:published_time\" content=\"2024-05-02T13:22:38+00:00\" \/>\n<meta property=\"article:modified_time\" content=\"2025-06-13T07:16:28+00:00\" \/>\n<meta property=\"og:image\" content=\"https:\/\/kulturonline.tv\/wp-content\/uploads\/2023\/12\/Bildschirmfoto-2023-12-08-um-21.54.18.png\" \/>\n\t<meta property=\"og:image:width\" content=\"1422\" \/>\n\t<meta property=\"og:image:height\" content=\"1060\" \/>\n\t<meta property=\"og:image:type\" content=\"image\/png\" \/>\n<meta name=\"author\" content=\"guenter.wolfgang\" \/>\n<meta name=\"twitter:card\" content=\"summary_large_image\" \/>\n<meta name=\"twitter:label1\" content=\"Verfasst von\" \/>\n\t<meta name=\"twitter:data1\" content=\"guenter.wolfgang\" \/>\n\t<meta name=\"twitter:label2\" content=\"Gesch\u00e4tzte Lesezeit\" \/>\n\t<meta name=\"twitter:data2\" content=\"1\u00a0Minute\" \/>\n<script type=\"application\/ld+json\" class=\"yoast-schema-graph\">{\"@context\":\"https:\/\/schema.org\",\"@graph\":[{\"@type\":\"Article\",\"@id\":\"https:\/\/kulturonline.tv\/de\/lesung-mit-friedrich-ani-in-burghausen\/#article\",\"isPartOf\":{\"@id\":\"https:\/\/kulturonline.tv\/de\/lesung-mit-friedrich-ani-in-burghausen\/\"},\"author\":{\"name\":\"guenter.wolfgang\",\"@id\":\"https:\/\/kulturonline.tv\/de\/#\/schema\/person\/b0fac729bb9a0c193fb1df23449df4fe\"},\"headline\":\"Lesung mit Friedrich Ani in Burghausen\",\"datePublished\":\"2024-05-02T13:22:38+00:00\",\"dateModified\":\"2025-06-13T07:16:28+00:00\",\"mainEntityOfPage\":{\"@id\":\"https:\/\/kulturonline.tv\/de\/lesung-mit-friedrich-ani-in-burghausen\/\"},\"wordCount\":199,\"commentCount\":1,\"publisher\":{\"@id\":\"https:\/\/kulturonline.tv\/de\/#organization\"},\"image\":{\"@id\":\"https:\/\/kulturonline.tv\/de\/lesung-mit-friedrich-ani-in-burghausen\/#primaryimage\"},\"thumbnailUrl\":\"https:\/\/kulturonline.tv\/wp-content\/uploads\/2023\/12\/Bildschirmfoto-2023-12-08-um-21.54.18.png\",\"articleSection\":[\"Unkategorisiert\"],\"inLanguage\":\"de\",\"potentialAction\":[{\"@type\":\"CommentAction\",\"name\":\"Comment\",\"target\":[\"https:\/\/kulturonline.tv\/de\/lesung-mit-friedrich-ani-in-burghausen\/#respond\"]}]},{\"@type\":\"WebPage\",\"@id\":\"https:\/\/kulturonline.tv\/de\/lesung-mit-friedrich-ani-in-burghausen\/\",\"url\":\"https:\/\/kulturonline.tv\/de\/lesung-mit-friedrich-ani-in-burghausen\/\",\"name\":\"Lesung mit Friedrich Ani in Burghausen - Kultur Online TV &amp; FM\",\"isPartOf\":{\"@id\":\"https:\/\/kulturonline.tv\/de\/#website\"},\"primaryImageOfPage\":{\"@id\":\"https:\/\/kulturonline.tv\/de\/lesung-mit-friedrich-ani-in-burghausen\/#primaryimage\"},\"image\":{\"@id\":\"https:\/\/kulturonline.tv\/de\/lesung-mit-friedrich-ani-in-burghausen\/#primaryimage\"},\"thumbnailUrl\":\"https:\/\/kulturonline.tv\/wp-content\/uploads\/2023\/12\/Bildschirmfoto-2023-12-08-um-21.54.18.png\",\"datePublished\":\"2024-05-02T13:22:38+00:00\",\"dateModified\":\"2025-06-13T07:16:28+00:00\",\"description\":\"Kultur sehen und H\u00f6ren\",\"breadcrumb\":{\"@id\":\"https:\/\/kulturonline.tv\/de\/lesung-mit-friedrich-ani-in-burghausen\/#breadcrumb\"},\"inLanguage\":\"de\",\"potentialAction\":[{\"@type\":\"ReadAction\",\"target\":[\"https:\/\/kulturonline.tv\/de\/lesung-mit-friedrich-ani-in-burghausen\/\"]}]},{\"@type\":\"ImageObject\",\"inLanguage\":\"de\",\"@id\":\"https:\/\/kulturonline.tv\/de\/lesung-mit-friedrich-ani-in-burghausen\/#primaryimage\",\"url\":\"https:\/\/kulturonline.tv\/wp-content\/uploads\/2023\/12\/Bildschirmfoto-2023-12-08-um-21.54.18.png\",\"contentUrl\":\"https:\/\/kulturonline.tv\/wp-content\/uploads\/2023\/12\/Bildschirmfoto-2023-12-08-um-21.54.18.png\",\"width\":1422,\"height\":1060,\"caption\":\"Der Autor Friedrich Ani bei seiner vorweihnachtlichen Lesung im Burghauser Ankersaal\"},{\"@type\":\"BreadcrumbList\",\"@id\":\"https:\/\/kulturonline.tv\/de\/lesung-mit-friedrich-ani-in-burghausen\/#breadcrumb\",\"itemListElement\":[{\"@type\":\"ListItem\",\"position\":1,\"name\":\"Startseite\",\"item\":\"https:\/\/kulturonline.tv\/de\/\"},{\"@type\":\"ListItem\",\"position\":2,\"name\":\"Lesung mit Friedrich Ani in Burghausen\"}]},{\"@type\":\"WebSite\",\"@id\":\"https:\/\/kulturonline.tv\/de\/#website\",\"url\":\"https:\/\/kulturonline.tv\/de\/\",\"name\":\"Kultur Online TV &amp; FM\",\"description\":\"Wir sind Kultur 2.0 zum sehen &amp; h\u00f6ren\",\"publisher\":{\"@id\":\"https:\/\/kulturonline.tv\/de\/#organization\"},\"potentialAction\":[{\"@type\":\"SearchAction\",\"target\":{\"@type\":\"EntryPoint\",\"urlTemplate\":\"https:\/\/kulturonline.tv\/de\/?s={search_term_string}\"},\"query-input\":{\"@type\":\"PropertyValueSpecification\",\"valueRequired\":true,\"valueName\":\"search_term_string\"}}],\"inLanguage\":\"de\"},{\"@type\":\"Organization\",\"@id\":\"https:\/\/kulturonline.tv\/de\/#organization\",\"name\":\"Kultur Online TV\",\"url\":\"https:\/\/kulturonline.tv\/de\/\",\"logo\":{\"@type\":\"ImageObject\",\"inLanguage\":\"de\",\"@id\":\"https:\/\/kulturonline.tv\/de\/#\/schema\/logo\/image\/\",\"url\":\"https:\/\/kulturonline.tv\/wp-content\/uploads\/2021\/08\/Kultur-Online-Tv-Logo-Endversion-neu.png\",\"contentUrl\":\"https:\/\/kulturonline.tv\/wp-content\/uploads\/2021\/08\/Kultur-Online-Tv-Logo-Endversion-neu.png\",\"width\":200,\"height\":200,\"caption\":\"Kultur Online TV\"},\"image\":{\"@id\":\"https:\/\/kulturonline.tv\/de\/#\/schema\/logo\/image\/\"},\"sameAs\":[\"https:\/\/www.facebook.com\/kulturonline.tv\",\"https:\/\/www.instagram.com\/kulturonline.tv\"]},{\"@type\":\"Person\",\"@id\":\"https:\/\/kulturonline.tv\/de\/#\/schema\/person\/b0fac729bb9a0c193fb1df23449df4fe\",\"name\":\"guenter.wolfgang\"}]}<\/script>\n<!-- \/ Yoast SEO plugin. -->","yoast_head_json":{"title":"Lesung mit Friedrich Ani in Burghausen - Kultur Online TV &amp; FM","description":"Kultur sehen und H\u00f6ren","robots":{"index":"index","follow":"follow","max-snippet":"max-snippet:-1","max-image-preview":"max-image-preview:large","max-video-preview":"max-video-preview:-1"},"canonical":"https:\/\/kulturonline.tv\/de\/lesung-mit-friedrich-ani-in-burghausen\/","og_locale":"de_DE","og_type":"article","og_title":"Lesung mit Friedrich Ani in Burghausen - Kultur Online TV &amp; FM","og_description":"Kultur sehen und H\u00f6ren","og_url":"https:\/\/kulturonline.tv\/de\/lesung-mit-friedrich-ani-in-burghausen\/","og_site_name":"Kultur Online TV &amp; FM","article_publisher":"https:\/\/www.facebook.com\/kulturonline.tv","article_published_time":"2024-05-02T13:22:38+00:00","article_modified_time":"2025-06-13T07:16:28+00:00","og_image":[{"width":1422,"height":1060,"url":"https:\/\/kulturonline.tv\/wp-content\/uploads\/2023\/12\/Bildschirmfoto-2023-12-08-um-21.54.18.png","type":"image\/png"}],"author":"guenter.wolfgang","twitter_card":"summary_large_image","twitter_misc":{"Verfasst von":"guenter.wolfgang","Gesch\u00e4tzte Lesezeit":"1\u00a0Minute"},"schema":{"@context":"https:\/\/schema.org","@graph":[{"@type":"Article","@id":"https:\/\/kulturonline.tv\/de\/lesung-mit-friedrich-ani-in-burghausen\/#article","isPartOf":{"@id":"https:\/\/kulturonline.tv\/de\/lesung-mit-friedrich-ani-in-burghausen\/"},"author":{"name":"guenter.wolfgang","@id":"https:\/\/kulturonline.tv\/de\/#\/schema\/person\/b0fac729bb9a0c193fb1df23449df4fe"},"headline":"Lesung mit Friedrich Ani in Burghausen","datePublished":"2024-05-02T13:22:38+00:00","dateModified":"2025-06-13T07:16:28+00:00","mainEntityOfPage":{"@id":"https:\/\/kulturonline.tv\/de\/lesung-mit-friedrich-ani-in-burghausen\/"},"wordCount":199,"commentCount":1,"publisher":{"@id":"https:\/\/kulturonline.tv\/de\/#organization"},"image":{"@id":"https:\/\/kulturonline.tv\/de\/lesung-mit-friedrich-ani-in-burghausen\/#primaryimage"},"thumbnailUrl":"https:\/\/kulturonline.tv\/wp-content\/uploads\/2023\/12\/Bildschirmfoto-2023-12-08-um-21.54.18.png","articleSection":["Unkategorisiert"],"inLanguage":"de","potentialAction":[{"@type":"CommentAction","name":"Comment","target":["https:\/\/kulturonline.tv\/de\/lesung-mit-friedrich-ani-in-burghausen\/#respond"]}]},{"@type":"WebPage","@id":"https:\/\/kulturonline.tv\/de\/lesung-mit-friedrich-ani-in-burghausen\/","url":"https:\/\/kulturonline.tv\/de\/lesung-mit-friedrich-ani-in-burghausen\/","name":"Lesung mit Friedrich Ani in Burghausen - Kultur Online TV &amp; FM","isPartOf":{"@id":"https:\/\/kulturonline.tv\/de\/#website"},"primaryImageOfPage":{"@id":"https:\/\/kulturonline.tv\/de\/lesung-mit-friedrich-ani-in-burghausen\/#primaryimage"},"image":{"@id":"https:\/\/kulturonline.tv\/de\/lesung-mit-friedrich-ani-in-burghausen\/#primaryimage"},"thumbnailUrl":"https:\/\/kulturonline.tv\/wp-content\/uploads\/2023\/12\/Bildschirmfoto-2023-12-08-um-21.54.18.png","datePublished":"2024-05-02T13:22:38+00:00","dateModified":"2025-06-13T07:16:28+00:00","description":"Kultur sehen und H\u00f6ren","breadcrumb":{"@id":"https:\/\/kulturonline.tv\/de\/lesung-mit-friedrich-ani-in-burghausen\/#breadcrumb"},"inLanguage":"de","potentialAction":[{"@type":"ReadAction","target":["https:\/\/kulturonline.tv\/de\/lesung-mit-friedrich-ani-in-burghausen\/"]}]},{"@type":"ImageObject","inLanguage":"de","@id":"https:\/\/kulturonline.tv\/de\/lesung-mit-friedrich-ani-in-burghausen\/#primaryimage","url":"https:\/\/kulturonline.tv\/wp-content\/uploads\/2023\/12\/Bildschirmfoto-2023-12-08-um-21.54.18.png","contentUrl":"https:\/\/kulturonline.tv\/wp-content\/uploads\/2023\/12\/Bildschirmfoto-2023-12-08-um-21.54.18.png","width":1422,"height":1060,"caption":"Der Autor Friedrich Ani bei seiner vorweihnachtlichen Lesung im Burghauser Ankersaal"},{"@type":"BreadcrumbList","@id":"https:\/\/kulturonline.tv\/de\/lesung-mit-friedrich-ani-in-burghausen\/#breadcrumb","itemListElement":[{"@type":"ListItem","position":1,"name":"Startseite","item":"https:\/\/kulturonline.tv\/de\/"},{"@type":"ListItem","position":2,"name":"Lesung mit Friedrich Ani in Burghausen"}]},{"@type":"WebSite","@id":"https:\/\/kulturonline.tv\/de\/#website","url":"https:\/\/kulturonline.tv\/de\/","name":"Kultur Online TV &amp; FM","description":"Wir sind Kultur 2.0 zum sehen &amp; h\u00f6ren","publisher":{"@id":"https:\/\/kulturonline.tv\/de\/#organization"},"potentialAction":[{"@type":"SearchAction","target":{"@type":"EntryPoint","urlTemplate":"https:\/\/kulturonline.tv\/de\/?s={search_term_string}"},"query-input":{"@type":"PropertyValueSpecification","valueRequired":true,"valueName":"search_term_string"}}],"inLanguage":"de"},{"@type":"Organization","@id":"https:\/\/kulturonline.tv\/de\/#organization","name":"Kultur Online TV","url":"https:\/\/kulturonline.tv\/de\/","logo":{"@type":"ImageObject","inLanguage":"de","@id":"https:\/\/kulturonline.tv\/de\/#\/schema\/logo\/image\/","url":"https:\/\/kulturonline.tv\/wp-content\/uploads\/2021\/08\/Kultur-Online-Tv-Logo-Endversion-neu.png","contentUrl":"https:\/\/kulturonline.tv\/wp-content\/uploads\/2021\/08\/Kultur-Online-Tv-Logo-Endversion-neu.png","width":200,"height":200,"caption":"Kultur Online TV"},"image":{"@id":"https:\/\/kulturonline.tv\/de\/#\/schema\/logo\/image\/"},"sameAs":["https:\/\/www.facebook.com\/kulturonline.tv","https:\/\/www.instagram.com\/kulturonline.tv"]},{"@type":"Person","@id":"https:\/\/kulturonline.tv\/de\/#\/schema\/person\/b0fac729bb9a0c193fb1df23449df4fe","name":"guenter.wolfgang"}]}},"_links":{"self":[{"href":"https:\/\/kulturonline.tv\/de\/wp-json\/wp\/v2\/posts\/74197","targetHints":{"allow":["GET"]}}],"collection":[{"href":"https:\/\/kulturonline.tv\/de\/wp-json\/wp\/v2\/posts"}],"about":[{"href":"https:\/\/kulturonline.tv\/de\/wp-json\/wp\/v2\/types\/post"}],"author":[{"embeddable":true,"href":"https:\/\/kulturonline.tv\/de\/wp-json\/wp\/v2\/users\/2"}],"replies":[{"embeddable":true,"href":"https:\/\/kulturonline.tv\/de\/wp-json\/wp\/v2\/comments?post=74197"}],"version-history":[{"count":1,"href":"https:\/\/kulturonline.tv\/de\/wp-json\/wp\/v2\/posts\/74197\/revisions"}],"predecessor-version":[{"id":110320,"href":"https:\/\/kulturonline.tv\/de\/wp-json\/wp\/v2\/posts\/74197\/revisions\/110320"}],"wp:featuredmedia":[{"embeddable":true,"href":"https:\/\/kulturonline.tv\/de\/wp-json\/wp\/v2\/media\/68940"}],"wp:attachment":[{"href":"https:\/\/kulturonline.tv\/de\/wp-json\/wp\/v2\/media?parent=74197"}],"wp:term":[{"taxonomy":"category","embeddable":true,"href":"https:\/\/kulturonline.tv\/de\/wp-json\/wp\/v2\/categories?post=74197"},{"taxonomy":"post_tag","embeddable":true,"href":"https:\/\/kulturonline.tv\/de\/wp-json\/wp\/v2\/tags?post=74197"}],"curies":[{"name":"wp","href":"https:\/\/api.w.org\/{rel}","templated":true}]}}