{"id":74657,"date":"2024-05-03T18:45:07","date_gmt":"2024-05-03T16:45:07","guid":{"rendered":"https:\/\/kulturonline.tv\/?p=74657"},"modified":"2024-05-03T18:45:28","modified_gmt":"2024-05-03T16:45:28","slug":"hier-ist-platz-fuer-ihre-werbung","status":"publish","type":"post","link":"https:\/\/kulturonline.tv\/de\/hier-ist-platz-fuer-ihre-werbung\/","title":{"rendered":"Hier ist platz f\u00fcr Ihre Werbung"},"content":{"rendered":"\n<p><strong>Suchen Sie nach einer M\u00f6glichkeit, Ihre Zielgruppe zu erreichen und Ihr Gesch\u00e4ft anzukurbeln?<\/strong><\/p>\n\n\n\n<p>Dann haben Sie hier die perfekte Gelegenheit! Nutzen Sie diesen prominenten Platz, um Ihre Werbung zu platzieren und die Aufmerksamkeit potenzieller Kunden auf sich zu ziehen.<\/p>\n\n\n\n<p><strong>Egal, ob Sie ein kleines Unternehmen oder eine gro\u00dfe Marke sind, diese Werbefl\u00e4che bietet Ihnen:<\/strong><\/p>\n\n\n\n<figure class=\"wp-block-image size-large\"><img fetchpriority=\"high\" decoding=\"async\" width=\"1600\" height=\"400\" src=\"https:\/\/kulturonline.tv\/wp-content\/uploads\/2024\/05\/Blau-Weiss-Goldfarben-Hochschule-Abschluss-Banner-1-1600x400.jpg\" alt=\"\" class=\"wp-image-74658\" srcset=\"https:\/\/kulturonline.tv\/wp-content\/uploads\/2024\/05\/Blau-Weiss-Goldfarben-Hochschule-Abschluss-Banner-1-1600x400.jpg 1600w, https:\/\/kulturonline.tv\/wp-content\/uploads\/2024\/05\/Blau-Weiss-Goldfarben-Hochschule-Abschluss-Banner-1-800x200.jpg 800w, https:\/\/kulturonline.tv\/wp-content\/uploads\/2024\/05\/Blau-Weiss-Goldfarben-Hochschule-Abschluss-Banner-1-768x192.jpg 768w, https:\/\/kulturonline.tv\/wp-content\/uploads\/2024\/05\/Blau-Weiss-Goldfarben-Hochschule-Abschluss-Banner-1-1536x384.jpg 1536w, https:\/\/kulturonline.tv\/wp-content\/uploads\/2024\/05\/Blau-Weiss-Goldfarben-Hochschule-Abschluss-Banner-1-2048x512.jpg 2048w\" sizes=\"(max-width: 1600px) 100vw, 1600px\" \/><\/figure>\n\n\n\n<ul class=\"wp-block-list\">\n<li><strong>Hohe Sichtbarkeit:<\/strong> Ihre Anzeige wird an prominenter Stelle platziert, wo sie von einer gro\u00dfen Anzahl von Menschen gesehen wird.<\/li>\n\n\n\n<li><strong>Zielgruppenorientierung:<\/strong> Sie k\u00f6nnen Ihre Anzeige so gestalten, dass sie Ihre ideale Zielgruppe anspricht.<\/li>\n\n\n\n<li><strong>Flexibilit\u00e4t:<\/strong> Sie k\u00f6nnen Ihre Anzeige jederzeit \u00e4ndern, um neue Produkte, Angebote oder Veranstaltungen zu bewerben.<\/li>\n\n\n\n<li><strong>Erschwinglichkeit:<\/strong> Diese Werbefl\u00e4che ist preisg\u00fcnstig und bietet ein hervorragendes Preis-Leistungs-Verh\u00e4ltnis.<\/li>\n<\/ul>\n\n\n\n<p><strong>Kontaktieren Sie uns noch heute, um Ihre Werbung zu platzieren!<\/strong><\/p>\n\n\n\n<p><strong>Hier k\u00f6nnen Sie Ihre Werbung personalisieren:<\/strong><\/p>\n\n\n\n<ul class=\"wp-block-list\">\n<li><strong>F\u00fcgen Sie Ihr Logo und Ihren Markennamen hinzu.<\/strong><\/li>\n\n\n\n<li><strong>Schreiben Sie einen kurzen und pr\u00e4gnanten Slogan.<\/strong><\/li>\n\n\n\n<li><strong>Heben Sie Ihre wichtigsten Verkaufsargumente hervor.<\/strong><\/li>\n\n\n\n<li><strong>F\u00fcgen Sie einen Call-to-Action hinzu, der die Leute ermutigt, mehr zu erfahren.<\/strong><\/li>\n<\/ul>\n\n\n\n<p><strong>Mit der richtigen Werbung k\u00f6nnen Sie Ihre Bekanntheit steigern, mehr Kunden gewinnen und Ihren Umsatz steigern.<\/strong><\/p>\n","protected":false},"excerpt":{"rendered":"<p>Suchen Sie nach einer M\u00f6glichkeit, Ihre Zielgruppe zu erreichen und Ihr Gesch\u00e4ft anzukurbeln? Dann haben Sie hier die perfekte Gelegenheit! Nutzen Sie diesen prominenten Platz, um Ihre Werbung zu platzieren und die Aufmerksamkeit potenzieller Kunden auf sich zu ziehen. Egal, ob Sie ein kleines Unternehmen oder eine gro\u00dfe Marke sind, diese Werbefl\u00e4che bietet Ihnen: Kontaktieren [&hellip;]<\/p>\n","protected":false},"author":2,"featured_media":74658,"comment_status":"open","ping_status":"closed","sticky":false,"template":"","format":"standard","meta":{"_acf_changed":false,"footnotes":""},"categories":[567],"tags":[],"class_list":["post-74657","post","type-post","status-publish","format-standard","has-post-thumbnail","hentry","category-werbung"],"acf":[],"yoast_head":"<!-- This site is optimized with the Yoast SEO plugin v26.1.1 - https:\/\/yoast.com\/wordpress\/plugins\/seo\/ -->\n<title>Hier ist platz f\u00fcr Ihre Werbung - Kultur Online TV &amp; FM<\/title>\n<meta name=\"description\" content=\"Kultur sehen und H\u00f6ren\" \/>\n<meta name=\"robots\" content=\"index, follow, max-snippet:-1, max-image-preview:large, max-video-preview:-1\" \/>\n<link rel=\"canonical\" href=\"https:\/\/kulturonline.tv\/de\/hier-ist-platz-fuer-ihre-werbung\/\" \/>\n<meta property=\"og:locale\" content=\"de_DE\" \/>\n<meta property=\"og:type\" content=\"article\" \/>\n<meta property=\"og:title\" content=\"Hier ist platz f\u00fcr Ihre Werbung - Kultur Online TV &amp; FM\" \/>\n<meta property=\"og:description\" content=\"Kultur sehen und H\u00f6ren\" \/>\n<meta property=\"og:url\" content=\"https:\/\/kulturonline.tv\/de\/hier-ist-platz-fuer-ihre-werbung\/\" \/>\n<meta property=\"og:site_name\" content=\"Kultur Online TV &amp; FM\" \/>\n<meta property=\"article:publisher\" content=\"https:\/\/www.facebook.com\/kulturonline.tv\" \/>\n<meta property=\"article:published_time\" content=\"2024-05-03T16:45:07+00:00\" \/>\n<meta property=\"article:modified_time\" content=\"2024-05-03T16:45:28+00:00\" \/>\n<meta property=\"og:image\" content=\"https:\/\/kulturonline.tv\/wp-content\/uploads\/2024\/05\/Blau-Weiss-Goldfarben-Hochschule-Abschluss-Banner-1-scaled.jpg\" \/>\n\t<meta property=\"og:image:width\" content=\"2560\" \/>\n\t<meta property=\"og:image:height\" content=\"640\" \/>\n\t<meta property=\"og:image:type\" content=\"image\/jpeg\" \/>\n<meta name=\"author\" content=\"guenter.wolfgang\" \/>\n<meta name=\"twitter:card\" content=\"summary_large_image\" \/>\n<meta name=\"twitter:label1\" content=\"Verfasst von\" \/>\n\t<meta name=\"twitter:data1\" content=\"guenter.wolfgang\" \/>\n\t<meta name=\"twitter:label2\" content=\"Gesch\u00e4tzte Lesezeit\" \/>\n\t<meta name=\"twitter:data2\" content=\"1\u00a0Minute\" \/>\n<script type=\"application\/ld+json\" class=\"yoast-schema-graph\">{\"@context\":\"https:\/\/schema.org\",\"@graph\":[{\"@type\":\"Article\",\"@id\":\"https:\/\/kulturonline.tv\/de\/hier-ist-platz-fuer-ihre-werbung\/#article\",\"isPartOf\":{\"@id\":\"https:\/\/kulturonline.tv\/de\/hier-ist-platz-fuer-ihre-werbung\/\"},\"author\":{\"name\":\"guenter.wolfgang\",\"@id\":\"https:\/\/kulturonline.tv\/de\/#\/schema\/person\/b0fac729bb9a0c193fb1df23449df4fe\"},\"headline\":\"Hier ist platz f\u00fcr Ihre Werbung\",\"datePublished\":\"2024-05-03T16:45:07+00:00\",\"dateModified\":\"2024-05-03T16:45:28+00:00\",\"mainEntityOfPage\":{\"@id\":\"https:\/\/kulturonline.tv\/de\/hier-ist-platz-fuer-ihre-werbung\/\"},\"wordCount\":199,\"commentCount\":5,\"publisher\":{\"@id\":\"https:\/\/kulturonline.tv\/de\/#organization\"},\"image\":{\"@id\":\"https:\/\/kulturonline.tv\/de\/hier-ist-platz-fuer-ihre-werbung\/#primaryimage\"},\"thumbnailUrl\":\"https:\/\/kulturonline.tv\/wp-content\/uploads\/2024\/05\/Blau-Weiss-Goldfarben-Hochschule-Abschluss-Banner-1-scaled.jpg\",\"articleSection\":[\"Werbung\"],\"inLanguage\":\"de\",\"potentialAction\":[{\"@type\":\"CommentAction\",\"name\":\"Comment\",\"target\":[\"https:\/\/kulturonline.tv\/de\/hier-ist-platz-fuer-ihre-werbung\/#respond\"]}]},{\"@type\":\"WebPage\",\"@id\":\"https:\/\/kulturonline.tv\/de\/hier-ist-platz-fuer-ihre-werbung\/\",\"url\":\"https:\/\/kulturonline.tv\/de\/hier-ist-platz-fuer-ihre-werbung\/\",\"name\":\"Hier ist platz f\u00fcr Ihre Werbung - Kultur Online TV &amp; FM\",\"isPartOf\":{\"@id\":\"https:\/\/kulturonline.tv\/de\/#website\"},\"primaryImageOfPage\":{\"@id\":\"https:\/\/kulturonline.tv\/de\/hier-ist-platz-fuer-ihre-werbung\/#primaryimage\"},\"image\":{\"@id\":\"https:\/\/kulturonline.tv\/de\/hier-ist-platz-fuer-ihre-werbung\/#primaryimage\"},\"thumbnailUrl\":\"https:\/\/kulturonline.tv\/wp-content\/uploads\/2024\/05\/Blau-Weiss-Goldfarben-Hochschule-Abschluss-Banner-1-scaled.jpg\",\"datePublished\":\"2024-05-03T16:45:07+00:00\",\"dateModified\":\"2024-05-03T16:45:28+00:00\",\"description\":\"Kultur sehen und H\u00f6ren\",\"breadcrumb\":{\"@id\":\"https:\/\/kulturonline.tv\/de\/hier-ist-platz-fuer-ihre-werbung\/#breadcrumb\"},\"inLanguage\":\"de\",\"potentialAction\":[{\"@type\":\"ReadAction\",\"target\":[\"https:\/\/kulturonline.tv\/de\/hier-ist-platz-fuer-ihre-werbung\/\"]}]},{\"@type\":\"ImageObject\",\"inLanguage\":\"de\",\"@id\":\"https:\/\/kulturonline.tv\/de\/hier-ist-platz-fuer-ihre-werbung\/#primaryimage\",\"url\":\"https:\/\/kulturonline.tv\/wp-content\/uploads\/2024\/05\/Blau-Weiss-Goldfarben-Hochschule-Abschluss-Banner-1-scaled.jpg\",\"contentUrl\":\"https:\/\/kulturonline.tv\/wp-content\/uploads\/2024\/05\/Blau-Weiss-Goldfarben-Hochschule-Abschluss-Banner-1-scaled.jpg\",\"width\":2560,\"height\":640},{\"@type\":\"BreadcrumbList\",\"@id\":\"https:\/\/kulturonline.tv\/de\/hier-ist-platz-fuer-ihre-werbung\/#breadcrumb\",\"itemListElement\":[{\"@type\":\"ListItem\",\"position\":1,\"name\":\"Startseite\",\"item\":\"https:\/\/kulturonline.tv\/de\/\"},{\"@type\":\"ListItem\",\"position\":2,\"name\":\"Hier ist platz f\u00fcr Ihre Werbung\"}]},{\"@type\":\"WebSite\",\"@id\":\"https:\/\/kulturonline.tv\/de\/#website\",\"url\":\"https:\/\/kulturonline.tv\/de\/\",\"name\":\"Kultur Online TV &amp; FM\",\"description\":\"Wir sind Kultur 2.0 zum sehen &amp; h\u00f6ren\",\"publisher\":{\"@id\":\"https:\/\/kulturonline.tv\/de\/#organization\"},\"potentialAction\":[{\"@type\":\"SearchAction\",\"target\":{\"@type\":\"EntryPoint\",\"urlTemplate\":\"https:\/\/kulturonline.tv\/de\/?s={search_term_string}\"},\"query-input\":{\"@type\":\"PropertyValueSpecification\",\"valueRequired\":true,\"valueName\":\"search_term_string\"}}],\"inLanguage\":\"de\"},{\"@type\":\"Organization\",\"@id\":\"https:\/\/kulturonline.tv\/de\/#organization\",\"name\":\"Kultur Online TV\",\"url\":\"https:\/\/kulturonline.tv\/de\/\",\"logo\":{\"@type\":\"ImageObject\",\"inLanguage\":\"de\",\"@id\":\"https:\/\/kulturonline.tv\/de\/#\/schema\/logo\/image\/\",\"url\":\"https:\/\/kulturonline.tv\/wp-content\/uploads\/2021\/08\/Kultur-Online-Tv-Logo-Endversion-neu.png\",\"contentUrl\":\"https:\/\/kulturonline.tv\/wp-content\/uploads\/2021\/08\/Kultur-Online-Tv-Logo-Endversion-neu.png\",\"width\":200,\"height\":200,\"caption\":\"Kultur Online TV\"},\"image\":{\"@id\":\"https:\/\/kulturonline.tv\/de\/#\/schema\/logo\/image\/\"},\"sameAs\":[\"https:\/\/www.facebook.com\/kulturonline.tv\",\"https:\/\/www.instagram.com\/kulturonline.tv\"]},{\"@type\":\"Person\",\"@id\":\"https:\/\/kulturonline.tv\/de\/#\/schema\/person\/b0fac729bb9a0c193fb1df23449df4fe\",\"name\":\"guenter.wolfgang\"}]}<\/script>\n<!-- \/ Yoast SEO plugin. -->","yoast_head_json":{"title":"Hier ist platz f\u00fcr Ihre Werbung - Kultur Online TV &amp; FM","description":"Kultur sehen und H\u00f6ren","robots":{"index":"index","follow":"follow","max-snippet":"max-snippet:-1","max-image-preview":"max-image-preview:large","max-video-preview":"max-video-preview:-1"},"canonical":"https:\/\/kulturonline.tv\/de\/hier-ist-platz-fuer-ihre-werbung\/","og_locale":"de_DE","og_type":"article","og_title":"Hier ist platz f\u00fcr Ihre Werbung - Kultur Online TV &amp; FM","og_description":"Kultur sehen und H\u00f6ren","og_url":"https:\/\/kulturonline.tv\/de\/hier-ist-platz-fuer-ihre-werbung\/","og_site_name":"Kultur Online TV &amp; FM","article_publisher":"https:\/\/www.facebook.com\/kulturonline.tv","article_published_time":"2024-05-03T16:45:07+00:00","article_modified_time":"2024-05-03T16:45:28+00:00","og_image":[{"width":2560,"height":640,"url":"https:\/\/kulturonline.tv\/wp-content\/uploads\/2024\/05\/Blau-Weiss-Goldfarben-Hochschule-Abschluss-Banner-1-scaled.jpg","type":"image\/jpeg"}],"author":"guenter.wolfgang","twitter_card":"summary_large_image","twitter_misc":{"Verfasst von":"guenter.wolfgang","Gesch\u00e4tzte Lesezeit":"1\u00a0Minute"},"schema":{"@context":"https:\/\/schema.org","@graph":[{"@type":"Article","@id":"https:\/\/kulturonline.tv\/de\/hier-ist-platz-fuer-ihre-werbung\/#article","isPartOf":{"@id":"https:\/\/kulturonline.tv\/de\/hier-ist-platz-fuer-ihre-werbung\/"},"author":{"name":"guenter.wolfgang","@id":"https:\/\/kulturonline.tv\/de\/#\/schema\/person\/b0fac729bb9a0c193fb1df23449df4fe"},"headline":"Hier ist platz f\u00fcr Ihre Werbung","datePublished":"2024-05-03T16:45:07+00:00","dateModified":"2024-05-03T16:45:28+00:00","mainEntityOfPage":{"@id":"https:\/\/kulturonline.tv\/de\/hier-ist-platz-fuer-ihre-werbung\/"},"wordCount":199,"commentCount":5,"publisher":{"@id":"https:\/\/kulturonline.tv\/de\/#organization"},"image":{"@id":"https:\/\/kulturonline.tv\/de\/hier-ist-platz-fuer-ihre-werbung\/#primaryimage"},"thumbnailUrl":"https:\/\/kulturonline.tv\/wp-content\/uploads\/2024\/05\/Blau-Weiss-Goldfarben-Hochschule-Abschluss-Banner-1-scaled.jpg","articleSection":["Werbung"],"inLanguage":"de","potentialAction":[{"@type":"CommentAction","name":"Comment","target":["https:\/\/kulturonline.tv\/de\/hier-ist-platz-fuer-ihre-werbung\/#respond"]}]},{"@type":"WebPage","@id":"https:\/\/kulturonline.tv\/de\/hier-ist-platz-fuer-ihre-werbung\/","url":"https:\/\/kulturonline.tv\/de\/hier-ist-platz-fuer-ihre-werbung\/","name":"Hier ist platz f\u00fcr Ihre Werbung - Kultur Online TV &amp; FM","isPartOf":{"@id":"https:\/\/kulturonline.tv\/de\/#website"},"primaryImageOfPage":{"@id":"https:\/\/kulturonline.tv\/de\/hier-ist-platz-fuer-ihre-werbung\/#primaryimage"},"image":{"@id":"https:\/\/kulturonline.tv\/de\/hier-ist-platz-fuer-ihre-werbung\/#primaryimage"},"thumbnailUrl":"https:\/\/kulturonline.tv\/wp-content\/uploads\/2024\/05\/Blau-Weiss-Goldfarben-Hochschule-Abschluss-Banner-1-scaled.jpg","datePublished":"2024-05-03T16:45:07+00:00","dateModified":"2024-05-03T16:45:28+00:00","description":"Kultur sehen und H\u00f6ren","breadcrumb":{"@id":"https:\/\/kulturonline.tv\/de\/hier-ist-platz-fuer-ihre-werbung\/#breadcrumb"},"inLanguage":"de","potentialAction":[{"@type":"ReadAction","target":["https:\/\/kulturonline.tv\/de\/hier-ist-platz-fuer-ihre-werbung\/"]}]},{"@type":"ImageObject","inLanguage":"de","@id":"https:\/\/kulturonline.tv\/de\/hier-ist-platz-fuer-ihre-werbung\/#primaryimage","url":"https:\/\/kulturonline.tv\/wp-content\/uploads\/2024\/05\/Blau-Weiss-Goldfarben-Hochschule-Abschluss-Banner-1-scaled.jpg","contentUrl":"https:\/\/kulturonline.tv\/wp-content\/uploads\/2024\/05\/Blau-Weiss-Goldfarben-Hochschule-Abschluss-Banner-1-scaled.jpg","width":2560,"height":640},{"@type":"BreadcrumbList","@id":"https:\/\/kulturonline.tv\/de\/hier-ist-platz-fuer-ihre-werbung\/#breadcrumb","itemListElement":[{"@type":"ListItem","position":1,"name":"Startseite","item":"https:\/\/kulturonline.tv\/de\/"},{"@type":"ListItem","position":2,"name":"Hier ist platz f\u00fcr Ihre Werbung"}]},{"@type":"WebSite","@id":"https:\/\/kulturonline.tv\/de\/#website","url":"https:\/\/kulturonline.tv\/de\/","name":"Kultur Online TV &amp; FM","description":"Wir sind Kultur 2.0 zum sehen &amp; h\u00f6ren","publisher":{"@id":"https:\/\/kulturonline.tv\/de\/#organization"},"potentialAction":[{"@type":"SearchAction","target":{"@type":"EntryPoint","urlTemplate":"https:\/\/kulturonline.tv\/de\/?s={search_term_string}"},"query-input":{"@type":"PropertyValueSpecification","valueRequired":true,"valueName":"search_term_string"}}],"inLanguage":"de"},{"@type":"Organization","@id":"https:\/\/kulturonline.tv\/de\/#organization","name":"Kultur Online TV","url":"https:\/\/kulturonline.tv\/de\/","logo":{"@type":"ImageObject","inLanguage":"de","@id":"https:\/\/kulturonline.tv\/de\/#\/schema\/logo\/image\/","url":"https:\/\/kulturonline.tv\/wp-content\/uploads\/2021\/08\/Kultur-Online-Tv-Logo-Endversion-neu.png","contentUrl":"https:\/\/kulturonline.tv\/wp-content\/uploads\/2021\/08\/Kultur-Online-Tv-Logo-Endversion-neu.png","width":200,"height":200,"caption":"Kultur Online TV"},"image":{"@id":"https:\/\/kulturonline.tv\/de\/#\/schema\/logo\/image\/"},"sameAs":["https:\/\/www.facebook.com\/kulturonline.tv","https:\/\/www.instagram.com\/kulturonline.tv"]},{"@type":"Person","@id":"https:\/\/kulturonline.tv\/de\/#\/schema\/person\/b0fac729bb9a0c193fb1df23449df4fe","name":"guenter.wolfgang"}]}},"_links":{"self":[{"href":"https:\/\/kulturonline.tv\/de\/wp-json\/wp\/v2\/posts\/74657","targetHints":{"allow":["GET"]}}],"collection":[{"href":"https:\/\/kulturonline.tv\/de\/wp-json\/wp\/v2\/posts"}],"about":[{"href":"https:\/\/kulturonline.tv\/de\/wp-json\/wp\/v2\/types\/post"}],"author":[{"embeddable":true,"href":"https:\/\/kulturonline.tv\/de\/wp-json\/wp\/v2\/users\/2"}],"replies":[{"embeddable":true,"href":"https:\/\/kulturonline.tv\/de\/wp-json\/wp\/v2\/comments?post=74657"}],"version-history":[{"count":0,"href":"https:\/\/kulturonline.tv\/de\/wp-json\/wp\/v2\/posts\/74657\/revisions"}],"wp:featuredmedia":[{"embeddable":true,"href":"https:\/\/kulturonline.tv\/de\/wp-json\/wp\/v2\/media\/74658"}],"wp:attachment":[{"href":"https:\/\/kulturonline.tv\/de\/wp-json\/wp\/v2\/media?parent=74657"}],"wp:term":[{"taxonomy":"category","embeddable":true,"href":"https:\/\/kulturonline.tv\/de\/wp-json\/wp\/v2\/categories?post=74657"},{"taxonomy":"post_tag","embeddable":true,"href":"https:\/\/kulturonline.tv\/de\/wp-json\/wp\/v2\/tags?post=74657"}],"curies":[{"name":"wp","href":"https:\/\/api.w.org\/{rel}","templated":true}]}}