{"id":76027,"date":"2024-05-12T00:05:02","date_gmt":"2024-05-11T22:05:02","guid":{"rendered":"https:\/\/kulturonline.tv\/?p=76027"},"modified":"2024-07-07T11:01:47","modified_gmt":"2024-07-07T09:01:47","slug":"warum-sollten-sie-mit-uns-werben-oder-kooperieren","status":"publish","type":"post","link":"https:\/\/kulturonline.tv\/de\/warum-sollten-sie-mit-uns-werben-oder-kooperieren\/","title":{"rendered":"Darum sollten Sie mit uns werben oder kooperieren"},"content":{"rendered":"\n<figure class=\"wp-block-image size-large\"><img fetchpriority=\"high\" decoding=\"async\" width=\"1600\" height=\"901\" src=\"https:\/\/kulturonline.tv\/wp-content\/uploads\/2024\/05\/werbung-kultur-online-tv-1600x901.png\" alt=\"\" class=\"wp-image-76029\" srcset=\"https:\/\/kulturonline.tv\/wp-content\/uploads\/2024\/05\/werbung-kultur-online-tv-1600x901.png 1600w, https:\/\/kulturonline.tv\/wp-content\/uploads\/2024\/05\/werbung-kultur-online-tv-800x451.png 800w, https:\/\/kulturonline.tv\/wp-content\/uploads\/2024\/05\/werbung-kultur-online-tv-768x433.png 768w, https:\/\/kulturonline.tv\/wp-content\/uploads\/2024\/05\/werbung-kultur-online-tv-1536x865.png 1536w, https:\/\/kulturonline.tv\/wp-content\/uploads\/2024\/05\/werbung-kultur-online-tv.png 1640w\" sizes=\"(max-width: 1600px) 100vw, 1600px\" \/><\/figure>\n\n\n\n<p>Unser Online Magazin ist eine innovative Plattform, die Kunst und Kultur f\u00fcr alle zug\u00e4nglich macht. Mit unseren vielf\u00e4ltigen Angeboten erreichen wir mit unseren Lesern ein breites Publikum in Deutschland und \u00d6sterreich.<\/p>\n\n\n\n<p><strong>Warum sollten Sie mit uns werben oder kooperieren?<\/strong><\/p>\n\n\n\n<ul class=\"wp-block-list\">\n<li><strong>Reichweite und Zielgruppe:<\/strong> Erreichen Sie mit Ihren Werbebotschaften ein kulturbegeistertes Publikum und steigern Sie die Bekanntheit Ihrer Marke.<\/li>\n\n\n\n<li><strong>Vielf\u00e4ltige Werbeformate:<\/strong> Nutzen Sie verschiedene Werbeformate wie Banner, Pre-Rolls, Sponsored Content, Social-Media-Marketing und Kooperationen, um Ihre Zielgruppe individuell anzusprechen.<\/li>\n\n\n\n<li><strong>Umfeld und Engagement:<\/strong> Profitieren Sie von unserem hochwertigen Umfeld und dem hohen Engagement unserer Nutzer, die sich aktiv mit unseren Inhalten auseinandersetzen.<\/li>\n\n\n\n<li><strong>Unterst\u00fctzung der Kulturszene:<\/strong> Mit Ihrer Zusammenarbeit f\u00f6rdern Sie aktiv die freie Kulturszene und tragen zur kulturellen Vielfalt bei.<\/li>\n\n\n\n<li><strong>Individuelle L\u00f6sungen:<\/strong> Wir entwickeln gemeinsam mit Ihnen ma\u00dfgeschneiderte Konzepte, die perfekt zu Ihren Bed\u00fcrfnissen und Zielen passen.<\/li>\n<\/ul>\n\n\n\n<p><strong>Kooperationsm\u00f6glichkeiten:<\/strong><\/p>\n\n\n\n<ul class=\"wp-block-list\">\n<li><strong>Sponsoring:<\/strong> Werden Sie Sponsor unserer innovativen Plattform und unterst\u00fctzen Sie unsere vielf\u00e4ltigen Kulturprojekte.<\/li>\n\n\n\n<li><strong>Medienpartnerschaften:<\/strong> Kooperieren Sie mit uns in den Bereichen Fernsehen, Radio, Online und Events und profitieren Sie von unserer reichweitenstarken Infrastruktur.<\/li>\n\n\n\n<li><strong>Kooperationsprojekte:<\/strong> Entwickeln Sie gemeinsam mit uns neue, kreative Formate und Projekte, um die Welt der Kunst und Kultur noch vielf\u00e4ltiger zu gestalten.<\/li>\n<\/ul>\n\n\n\n<p><strong>Werden Sie Teil der Kultur Online TV-FM Community!<\/strong><\/p>\n\n\n\n<p>Nehmen Sie Kontakt mit uns auf und lassen Sie uns gemeinsam die Zukunft der Kunst und Kultur gestalten.<\/p>\n","protected":false},"excerpt":{"rendered":"<p>Unser Online Magazin ist eine innovative Plattform, die Kunst und Kultur f\u00fcr alle zug\u00e4nglich macht. Mit unseren vielf\u00e4ltigen Angeboten erreichen wir mit unseren Lesern ein breites Publikum in Deutschland und \u00d6sterreich. Warum sollten Sie mit uns werben oder kooperieren? Kooperationsm\u00f6glichkeiten: Werden Sie Teil der Kultur Online TV-FM Community! Nehmen Sie Kontakt mit uns auf und [&hellip;]<\/p>\n","protected":false},"author":2,"featured_media":76029,"comment_status":"open","ping_status":"closed","sticky":false,"template":"","format":"standard","meta":{"_acf_changed":false,"footnotes":""},"categories":[644],"tags":[],"class_list":["post-76027","post","type-post","status-publish","format-standard","has-post-thumbnail","hentry","category-ueber-uns-werbung-und-kooperationen"],"acf":[],"yoast_head":"<!-- This site is optimized with the Yoast SEO plugin v26.1.1 - https:\/\/yoast.com\/wordpress\/plugins\/seo\/ -->\n<title>Darum sollten Sie mit uns werben oder kooperieren - Kultur Online TV &amp; FM<\/title>\n<meta name=\"description\" content=\"Mit unseren vielf\u00e4ltigen Angeboten erreichen wir mit unseren Lesern ein breites Publikum in Deutschland und \u00d6sterreich.\" \/>\n<meta name=\"robots\" content=\"index, follow, max-snippet:-1, max-image-preview:large, max-video-preview:-1\" \/>\n<link rel=\"canonical\" href=\"https:\/\/kulturonline.tv\/de\/warum-sollten-sie-mit-uns-werben-oder-kooperieren\/\" \/>\n<meta property=\"og:locale\" content=\"de_DE\" \/>\n<meta property=\"og:type\" content=\"article\" \/>\n<meta property=\"og:title\" content=\"Darum sollten Sie mit uns werben oder kooperieren - Kultur Online TV &amp; FM\" \/>\n<meta property=\"og:description\" content=\"Mit unseren vielf\u00e4ltigen Angeboten erreichen wir mit unseren Lesern ein breites Publikum in Deutschland und \u00d6sterreich.\" \/>\n<meta property=\"og:url\" content=\"https:\/\/kulturonline.tv\/de\/warum-sollten-sie-mit-uns-werben-oder-kooperieren\/\" \/>\n<meta property=\"og:site_name\" content=\"Kultur Online TV &amp; FM\" \/>\n<meta property=\"article:publisher\" content=\"https:\/\/www.facebook.com\/kulturonline.tv\" \/>\n<meta property=\"article:published_time\" content=\"2024-05-11T22:05:02+00:00\" \/>\n<meta property=\"article:modified_time\" content=\"2024-07-07T09:01:47+00:00\" \/>\n<meta property=\"og:image\" content=\"https:\/\/kulturonline.tv\/wp-content\/uploads\/2024\/05\/werbung-kultur-online-tv-768x433.png\" \/>\n\t<meta property=\"og:image:width\" content=\"768\" \/>\n\t<meta property=\"og:image:height\" content=\"433\" \/>\n\t<meta property=\"og:image:type\" content=\"image\/png\" \/>\n<meta name=\"author\" content=\"guenter.wolfgang\" \/>\n<meta name=\"twitter:card\" content=\"summary_large_image\" \/>\n<meta name=\"twitter:label1\" content=\"Verfasst von\" \/>\n\t<meta name=\"twitter:data1\" content=\"guenter.wolfgang\" \/>\n\t<meta name=\"twitter:label2\" content=\"Gesch\u00e4tzte Lesezeit\" \/>\n\t<meta name=\"twitter:data2\" content=\"1\u00a0Minute\" \/>\n<script type=\"application\/ld+json\" class=\"yoast-schema-graph\">{\"@context\":\"https:\/\/schema.org\",\"@graph\":[{\"@type\":\"Article\",\"@id\":\"https:\/\/kulturonline.tv\/de\/warum-sollten-sie-mit-uns-werben-oder-kooperieren\/#article\",\"isPartOf\":{\"@id\":\"https:\/\/kulturonline.tv\/de\/warum-sollten-sie-mit-uns-werben-oder-kooperieren\/\"},\"author\":{\"name\":\"guenter.wolfgang\",\"@id\":\"https:\/\/kulturonline.tv\/de\/#\/schema\/person\/b0fac729bb9a0c193fb1df23449df4fe\"},\"headline\":\"Darum sollten Sie mit uns werben oder kooperieren\",\"datePublished\":\"2024-05-11T22:05:02+00:00\",\"dateModified\":\"2024-07-07T09:01:47+00:00\",\"mainEntityOfPage\":{\"@id\":\"https:\/\/kulturonline.tv\/de\/warum-sollten-sie-mit-uns-werben-oder-kooperieren\/\"},\"wordCount\":236,\"commentCount\":0,\"publisher\":{\"@id\":\"https:\/\/kulturonline.tv\/de\/#organization\"},\"image\":{\"@id\":\"https:\/\/kulturonline.tv\/de\/warum-sollten-sie-mit-uns-werben-oder-kooperieren\/#primaryimage\"},\"thumbnailUrl\":\"https:\/\/kulturonline.tv\/wp-content\/uploads\/2024\/05\/werbung-kultur-online-tv.png\",\"articleSection\":[\"\u00dcber uns Werbung und Kooperationen\"],\"inLanguage\":\"de\",\"potentialAction\":[{\"@type\":\"CommentAction\",\"name\":\"Comment\",\"target\":[\"https:\/\/kulturonline.tv\/de\/warum-sollten-sie-mit-uns-werben-oder-kooperieren\/#respond\"]}]},{\"@type\":\"WebPage\",\"@id\":\"https:\/\/kulturonline.tv\/de\/warum-sollten-sie-mit-uns-werben-oder-kooperieren\/\",\"url\":\"https:\/\/kulturonline.tv\/de\/warum-sollten-sie-mit-uns-werben-oder-kooperieren\/\",\"name\":\"Darum sollten Sie mit uns werben oder kooperieren - Kultur Online TV &amp; FM\",\"isPartOf\":{\"@id\":\"https:\/\/kulturonline.tv\/de\/#website\"},\"primaryImageOfPage\":{\"@id\":\"https:\/\/kulturonline.tv\/de\/warum-sollten-sie-mit-uns-werben-oder-kooperieren\/#primaryimage\"},\"image\":{\"@id\":\"https:\/\/kulturonline.tv\/de\/warum-sollten-sie-mit-uns-werben-oder-kooperieren\/#primaryimage\"},\"thumbnailUrl\":\"https:\/\/kulturonline.tv\/wp-content\/uploads\/2024\/05\/werbung-kultur-online-tv.png\",\"datePublished\":\"2024-05-11T22:05:02+00:00\",\"dateModified\":\"2024-07-07T09:01:47+00:00\",\"description\":\"Mit unseren vielf\u00e4ltigen Angeboten erreichen wir mit unseren Lesern ein breites Publikum in Deutschland und \u00d6sterreich.\",\"breadcrumb\":{\"@id\":\"https:\/\/kulturonline.tv\/de\/warum-sollten-sie-mit-uns-werben-oder-kooperieren\/#breadcrumb\"},\"inLanguage\":\"de\",\"potentialAction\":[{\"@type\":\"ReadAction\",\"target\":[\"https:\/\/kulturonline.tv\/de\/warum-sollten-sie-mit-uns-werben-oder-kooperieren\/\"]}]},{\"@type\":\"ImageObject\",\"inLanguage\":\"de\",\"@id\":\"https:\/\/kulturonline.tv\/de\/warum-sollten-sie-mit-uns-werben-oder-kooperieren\/#primaryimage\",\"url\":\"https:\/\/kulturonline.tv\/wp-content\/uploads\/2024\/05\/werbung-kultur-online-tv.png\",\"contentUrl\":\"https:\/\/kulturonline.tv\/wp-content\/uploads\/2024\/05\/werbung-kultur-online-tv.png\",\"width\":1640,\"height\":924},{\"@type\":\"BreadcrumbList\",\"@id\":\"https:\/\/kulturonline.tv\/de\/warum-sollten-sie-mit-uns-werben-oder-kooperieren\/#breadcrumb\",\"itemListElement\":[{\"@type\":\"ListItem\",\"position\":1,\"name\":\"Startseite\",\"item\":\"https:\/\/kulturonline.tv\/de\/\"},{\"@type\":\"ListItem\",\"position\":2,\"name\":\"Darum sollten Sie mit uns werben oder kooperieren\"}]},{\"@type\":\"WebSite\",\"@id\":\"https:\/\/kulturonline.tv\/de\/#website\",\"url\":\"https:\/\/kulturonline.tv\/de\/\",\"name\":\"Kultur Online TV &amp; FM\",\"description\":\"Wir sind Kultur 2.0 zum sehen &amp; h\u00f6ren\",\"publisher\":{\"@id\":\"https:\/\/kulturonline.tv\/de\/#organization\"},\"potentialAction\":[{\"@type\":\"SearchAction\",\"target\":{\"@type\":\"EntryPoint\",\"urlTemplate\":\"https:\/\/kulturonline.tv\/de\/?s={search_term_string}\"},\"query-input\":{\"@type\":\"PropertyValueSpecification\",\"valueRequired\":true,\"valueName\":\"search_term_string\"}}],\"inLanguage\":\"de\"},{\"@type\":\"Organization\",\"@id\":\"https:\/\/kulturonline.tv\/de\/#organization\",\"name\":\"Kultur Online TV\",\"url\":\"https:\/\/kulturonline.tv\/de\/\",\"logo\":{\"@type\":\"ImageObject\",\"inLanguage\":\"de\",\"@id\":\"https:\/\/kulturonline.tv\/de\/#\/schema\/logo\/image\/\",\"url\":\"https:\/\/kulturonline.tv\/wp-content\/uploads\/2021\/08\/Kultur-Online-Tv-Logo-Endversion-neu.png\",\"contentUrl\":\"https:\/\/kulturonline.tv\/wp-content\/uploads\/2021\/08\/Kultur-Online-Tv-Logo-Endversion-neu.png\",\"width\":200,\"height\":200,\"caption\":\"Kultur Online TV\"},\"image\":{\"@id\":\"https:\/\/kulturonline.tv\/de\/#\/schema\/logo\/image\/\"},\"sameAs\":[\"https:\/\/www.facebook.com\/kulturonline.tv\",\"https:\/\/www.instagram.com\/kulturonline.tv\"]},{\"@type\":\"Person\",\"@id\":\"https:\/\/kulturonline.tv\/de\/#\/schema\/person\/b0fac729bb9a0c193fb1df23449df4fe\",\"name\":\"guenter.wolfgang\"}]}<\/script>\n<!-- \/ Yoast SEO plugin. -->","yoast_head_json":{"title":"Darum sollten Sie mit uns werben oder kooperieren - Kultur Online TV &amp; FM","description":"Mit unseren vielf\u00e4ltigen Angeboten erreichen wir mit unseren Lesern ein breites Publikum in Deutschland und \u00d6sterreich.","robots":{"index":"index","follow":"follow","max-snippet":"max-snippet:-1","max-image-preview":"max-image-preview:large","max-video-preview":"max-video-preview:-1"},"canonical":"https:\/\/kulturonline.tv\/de\/warum-sollten-sie-mit-uns-werben-oder-kooperieren\/","og_locale":"de_DE","og_type":"article","og_title":"Darum sollten Sie mit uns werben oder kooperieren - Kultur Online TV &amp; FM","og_description":"Mit unseren vielf\u00e4ltigen Angeboten erreichen wir mit unseren Lesern ein breites Publikum in Deutschland und \u00d6sterreich.","og_url":"https:\/\/kulturonline.tv\/de\/warum-sollten-sie-mit-uns-werben-oder-kooperieren\/","og_site_name":"Kultur Online TV &amp; FM","article_publisher":"https:\/\/www.facebook.com\/kulturonline.tv","article_published_time":"2024-05-11T22:05:02+00:00","article_modified_time":"2024-07-07T09:01:47+00:00","og_image":[{"width":768,"height":433,"url":"https:\/\/kulturonline.tv\/wp-content\/uploads\/2024\/05\/werbung-kultur-online-tv-768x433.png","type":"image\/png"}],"author":"guenter.wolfgang","twitter_card":"summary_large_image","twitter_misc":{"Verfasst von":"guenter.wolfgang","Gesch\u00e4tzte Lesezeit":"1\u00a0Minute"},"schema":{"@context":"https:\/\/schema.org","@graph":[{"@type":"Article","@id":"https:\/\/kulturonline.tv\/de\/warum-sollten-sie-mit-uns-werben-oder-kooperieren\/#article","isPartOf":{"@id":"https:\/\/kulturonline.tv\/de\/warum-sollten-sie-mit-uns-werben-oder-kooperieren\/"},"author":{"name":"guenter.wolfgang","@id":"https:\/\/kulturonline.tv\/de\/#\/schema\/person\/b0fac729bb9a0c193fb1df23449df4fe"},"headline":"Darum sollten Sie mit uns werben oder kooperieren","datePublished":"2024-05-11T22:05:02+00:00","dateModified":"2024-07-07T09:01:47+00:00","mainEntityOfPage":{"@id":"https:\/\/kulturonline.tv\/de\/warum-sollten-sie-mit-uns-werben-oder-kooperieren\/"},"wordCount":236,"commentCount":0,"publisher":{"@id":"https:\/\/kulturonline.tv\/de\/#organization"},"image":{"@id":"https:\/\/kulturonline.tv\/de\/warum-sollten-sie-mit-uns-werben-oder-kooperieren\/#primaryimage"},"thumbnailUrl":"https:\/\/kulturonline.tv\/wp-content\/uploads\/2024\/05\/werbung-kultur-online-tv.png","articleSection":["\u00dcber uns Werbung und Kooperationen"],"inLanguage":"de","potentialAction":[{"@type":"CommentAction","name":"Comment","target":["https:\/\/kulturonline.tv\/de\/warum-sollten-sie-mit-uns-werben-oder-kooperieren\/#respond"]}]},{"@type":"WebPage","@id":"https:\/\/kulturonline.tv\/de\/warum-sollten-sie-mit-uns-werben-oder-kooperieren\/","url":"https:\/\/kulturonline.tv\/de\/warum-sollten-sie-mit-uns-werben-oder-kooperieren\/","name":"Darum sollten Sie mit uns werben oder kooperieren - Kultur Online TV &amp; FM","isPartOf":{"@id":"https:\/\/kulturonline.tv\/de\/#website"},"primaryImageOfPage":{"@id":"https:\/\/kulturonline.tv\/de\/warum-sollten-sie-mit-uns-werben-oder-kooperieren\/#primaryimage"},"image":{"@id":"https:\/\/kulturonline.tv\/de\/warum-sollten-sie-mit-uns-werben-oder-kooperieren\/#primaryimage"},"thumbnailUrl":"https:\/\/kulturonline.tv\/wp-content\/uploads\/2024\/05\/werbung-kultur-online-tv.png","datePublished":"2024-05-11T22:05:02+00:00","dateModified":"2024-07-07T09:01:47+00:00","description":"Mit unseren vielf\u00e4ltigen Angeboten erreichen wir mit unseren Lesern ein breites Publikum in Deutschland und \u00d6sterreich.","breadcrumb":{"@id":"https:\/\/kulturonline.tv\/de\/warum-sollten-sie-mit-uns-werben-oder-kooperieren\/#breadcrumb"},"inLanguage":"de","potentialAction":[{"@type":"ReadAction","target":["https:\/\/kulturonline.tv\/de\/warum-sollten-sie-mit-uns-werben-oder-kooperieren\/"]}]},{"@type":"ImageObject","inLanguage":"de","@id":"https:\/\/kulturonline.tv\/de\/warum-sollten-sie-mit-uns-werben-oder-kooperieren\/#primaryimage","url":"https:\/\/kulturonline.tv\/wp-content\/uploads\/2024\/05\/werbung-kultur-online-tv.png","contentUrl":"https:\/\/kulturonline.tv\/wp-content\/uploads\/2024\/05\/werbung-kultur-online-tv.png","width":1640,"height":924},{"@type":"BreadcrumbList","@id":"https:\/\/kulturonline.tv\/de\/warum-sollten-sie-mit-uns-werben-oder-kooperieren\/#breadcrumb","itemListElement":[{"@type":"ListItem","position":1,"name":"Startseite","item":"https:\/\/kulturonline.tv\/de\/"},{"@type":"ListItem","position":2,"name":"Darum sollten Sie mit uns werben oder kooperieren"}]},{"@type":"WebSite","@id":"https:\/\/kulturonline.tv\/de\/#website","url":"https:\/\/kulturonline.tv\/de\/","name":"Kultur Online TV &amp; FM","description":"Wir sind Kultur 2.0 zum sehen &amp; h\u00f6ren","publisher":{"@id":"https:\/\/kulturonline.tv\/de\/#organization"},"potentialAction":[{"@type":"SearchAction","target":{"@type":"EntryPoint","urlTemplate":"https:\/\/kulturonline.tv\/de\/?s={search_term_string}"},"query-input":{"@type":"PropertyValueSpecification","valueRequired":true,"valueName":"search_term_string"}}],"inLanguage":"de"},{"@type":"Organization","@id":"https:\/\/kulturonline.tv\/de\/#organization","name":"Kultur Online TV","url":"https:\/\/kulturonline.tv\/de\/","logo":{"@type":"ImageObject","inLanguage":"de","@id":"https:\/\/kulturonline.tv\/de\/#\/schema\/logo\/image\/","url":"https:\/\/kulturonline.tv\/wp-content\/uploads\/2021\/08\/Kultur-Online-Tv-Logo-Endversion-neu.png","contentUrl":"https:\/\/kulturonline.tv\/wp-content\/uploads\/2021\/08\/Kultur-Online-Tv-Logo-Endversion-neu.png","width":200,"height":200,"caption":"Kultur Online TV"},"image":{"@id":"https:\/\/kulturonline.tv\/de\/#\/schema\/logo\/image\/"},"sameAs":["https:\/\/www.facebook.com\/kulturonline.tv","https:\/\/www.instagram.com\/kulturonline.tv"]},{"@type":"Person","@id":"https:\/\/kulturonline.tv\/de\/#\/schema\/person\/b0fac729bb9a0c193fb1df23449df4fe","name":"guenter.wolfgang"}]}},"_links":{"self":[{"href":"https:\/\/kulturonline.tv\/de\/wp-json\/wp\/v2\/posts\/76027","targetHints":{"allow":["GET"]}}],"collection":[{"href":"https:\/\/kulturonline.tv\/de\/wp-json\/wp\/v2\/posts"}],"about":[{"href":"https:\/\/kulturonline.tv\/de\/wp-json\/wp\/v2\/types\/post"}],"author":[{"embeddable":true,"href":"https:\/\/kulturonline.tv\/de\/wp-json\/wp\/v2\/users\/2"}],"replies":[{"embeddable":true,"href":"https:\/\/kulturonline.tv\/de\/wp-json\/wp\/v2\/comments?post=76027"}],"version-history":[{"count":0,"href":"https:\/\/kulturonline.tv\/de\/wp-json\/wp\/v2\/posts\/76027\/revisions"}],"wp:featuredmedia":[{"embeddable":true,"href":"https:\/\/kulturonline.tv\/de\/wp-json\/wp\/v2\/media\/76029"}],"wp:attachment":[{"href":"https:\/\/kulturonline.tv\/de\/wp-json\/wp\/v2\/media?parent=76027"}],"wp:term":[{"taxonomy":"category","embeddable":true,"href":"https:\/\/kulturonline.tv\/de\/wp-json\/wp\/v2\/categories?post=76027"},{"taxonomy":"post_tag","embeddable":true,"href":"https:\/\/kulturonline.tv\/de\/wp-json\/wp\/v2\/tags?post=76027"}],"curies":[{"name":"wp","href":"https:\/\/api.w.org\/{rel}","templated":true}]}}