{"id":76438,"date":"2024-05-13T21:26:18","date_gmt":"2024-05-13T19:26:18","guid":{"rendered":"https:\/\/kulturonline.tv\/?p=76438"},"modified":"2024-05-13T21:26:19","modified_gmt":"2024-05-13T19:26:19","slug":"filmfest-muenchen-startet-mit-der-weltpremiere-eines-neuen-sandra-hueller-film","status":"publish","type":"post","link":"https:\/\/kulturonline.tv\/de\/filmfest-muenchen-startet-mit-der-weltpremiere-eines-neuen-sandra-hueller-film\/","title":{"rendered":"Filmfest M\u00fcnchen startet mit der Weltpremiere eines neuen Sandra-H\u00fcller-Film"},"content":{"rendered":"\n<p>Das Filmfest teilte mit, die DDR-Kom\u00f6die &#8222;Zwei zu eins&#8220; werde der Er\u00f6ffnungsfilm sein.<\/p>\n\n\n\n<figure class=\"wp-block-image size-full is-resized\"><img fetchpriority=\"high\" decoding=\"async\" width=\"800\" height=\"450\" src=\"https:\/\/kulturonline.tv\/wp-content\/uploads\/2024\/05\/800px-Munich_Film_Festival_2010_vorhang_im_COS-edited.jpeg\" alt=\"\" class=\"wp-image-76441\" style=\"width:840px;height:auto\" srcset=\"https:\/\/kulturonline.tv\/wp-content\/uploads\/2024\/05\/800px-Munich_Film_Festival_2010_vorhang_im_COS-edited.jpeg 800w, https:\/\/kulturonline.tv\/wp-content\/uploads\/2024\/05\/800px-Munich_Film_Festival_2010_vorhang_im_COS-edited-768x432.jpeg 768w\" sizes=\"(max-width: 800px) 100vw, 800px\" \/><\/figure>\n\n\n\n<h5 class=\"wp-block-heading\">Copyright Bild: Usien, CC BY-SA 3.0 <a href=\"https:\/\/creativecommons.org\/licenses\/by-sa\/3.0\">https:\/\/creativecommons.org\/licenses\/by-sa\/3.0<\/a>, via Wikimedia Commons<\/h5>\n\n\n\n<p>Das Filmfest M\u00fcnchen steht in den Startl\u00f6chern und pr\u00e4sentiert in diesem Jahr zur Er\u00f6ffnung eine ganz besondere Perle: die Weltpremiere der neuen DDR-Kom\u00f6die &#8222;Zwei zu eins&#8220; mit Sandra H\u00fcller in der Hauptrolle.<\/p>\n\n\n\n<p>Die mit Spannung erwartete Produktion von Regisseurin und Drehbuchautorin Natja Brunckhorst entf\u00fchrt die Zuschauer ins Jahr 1990, wo der legend\u00e4re &#8222;Schatz von Halberstadt&#8220; im Mittelpunkt steht. Tonnenweise Ostmark-Scheine, die nach der Wiedervereinigung in einem Gew\u00f6lbe in Sachsen-Anhalt entdeckt wurden, warten darauf, geborgen zu werden.<\/p>\n\n\n\n<p>Neben Sandra H\u00fcller, die bereits mit ihrer Rolle in &#8222;Toni Erdmann&#8220; begeisterte, sind auch Max Riemelt und Ronald Zehrfeld in &#8222;Zwei zu eins&#8220; zu sehen. Das Trio verspricht ein Feuerwerk der Schauspielkunst und garantiert beste Unterhaltung.<\/p>\n\n\n\n<p>Das Filmfest M\u00fcnchen findet vom 28. Juni bis 9. Juli 2024 statt und bietet ein vielf\u00e4ltiges Programm mit Filmen aus aller Welt, spannenden Diskussionsrunden und glamour\u00f6sen Events. &#8222;Zwei zu eins&#8220; markiert den fulminanten Auftakt dieses cineastischen Festivals und verspricht einen unvergesslichen Kinoabend.<\/p>\n\n\n\n<p>Weitere Informationen und Tickets zum Filmfest M\u00fcnchen:<\/p>\n\n\n\n<p>Website: <a href=\"https:\/\/www.filmfest-muenchen.de\/en\/\">https:\/\/www.filmfest-muenchen.de\/en\/<\/a><br>Facebook: <a href=\"https:\/\/m.facebook.com\/filmfestmuenchen\/?locale=de_DE\">https:\/\/m.facebook.com\/filmfestmuenchen\/?locale=de_DE<\/a><br>Instagram: <a href=\"https:\/\/www.instagram.com\/filmfestmunich\/?hl=en\">https:\/\/www.instagram.com\/filmfestmunich\/?hl=en<\/a><\/p>\n\n\n\n<p>Kultur Online TV-FM<\/p>\n\n\n\n<p>#film #news #festival<\/p>\n","protected":false},"excerpt":{"rendered":"<p>Das Filmfest teilte mit, die DDR-Kom\u00f6die &#8222;Zwei zu eins&#8220; werde der Er\u00f6ffnungsfilm sein. Copyright Bild: Usien, CC BY-SA 3.0 https:\/\/creativecommons.org\/licenses\/by-sa\/3.0, via Wikimedia Commons Das Filmfest M\u00fcnchen steht in den Startl\u00f6chern und pr\u00e4sentiert in diesem Jahr zur Er\u00f6ffnung eine ganz besondere Perle: die Weltpremiere der neuen DDR-Kom\u00f6die &#8222;Zwei zu eins&#8220; mit Sandra H\u00fcller in der Hauptrolle. [&hellip;]<\/p>\n","protected":false},"author":2,"featured_media":76441,"comment_status":"open","ping_status":"closed","sticky":false,"template":"","format":"standard","meta":{"_acf_changed":false,"footnotes":""},"categories":[3],"tags":[],"class_list":["post-76438","post","type-post","status-publish","format-standard","has-post-thumbnail","hentry","category-newsflash"],"acf":[],"yoast_head":"<!-- This site is optimized with the Yoast SEO plugin v26.1.1 - https:\/\/yoast.com\/wordpress\/plugins\/seo\/ -->\n<title>Filmfest M\u00fcnchen startet mit der Weltpremiere eines neuen Sandra-H\u00fcller-Film - Kultur Online TV &amp; FM<\/title>\n<meta name=\"description\" content=\"Das Filmfest teilte mit, die DDR-Kom\u00f6die &quot;Zwei zu eins&quot; werde der Er\u00f6ffnungsfilm sein.\" \/>\n<meta name=\"robots\" content=\"index, follow, max-snippet:-1, max-image-preview:large, max-video-preview:-1\" \/>\n<link rel=\"canonical\" href=\"https:\/\/kulturonline.tv\/de\/filmfest-muenchen-startet-mit-der-weltpremiere-eines-neuen-sandra-hueller-film\/\" \/>\n<meta property=\"og:locale\" content=\"de_DE\" \/>\n<meta property=\"og:type\" content=\"article\" \/>\n<meta property=\"og:title\" content=\"Filmfest M\u00fcnchen startet mit der Weltpremiere eines neuen Sandra-H\u00fcller-Film - Kultur Online TV &amp; FM\" \/>\n<meta property=\"og:description\" content=\"Das Filmfest teilte mit, die DDR-Kom\u00f6die &quot;Zwei zu eins&quot; werde der Er\u00f6ffnungsfilm sein.\" \/>\n<meta property=\"og:url\" content=\"https:\/\/kulturonline.tv\/de\/filmfest-muenchen-startet-mit-der-weltpremiere-eines-neuen-sandra-hueller-film\/\" \/>\n<meta property=\"og:site_name\" content=\"Kultur Online TV &amp; FM\" \/>\n<meta property=\"article:publisher\" content=\"https:\/\/www.facebook.com\/kulturonline.tv\" \/>\n<meta property=\"article:published_time\" content=\"2024-05-13T19:26:18+00:00\" \/>\n<meta property=\"article:modified_time\" content=\"2024-05-13T19:26:19+00:00\" \/>\n<meta property=\"og:image\" content=\"https:\/\/kulturonline.tv\/wp-content\/uploads\/2024\/05\/800px-Munich_Film_Festival_2010_vorhang_im_COS-edited.jpeg\" \/>\n\t<meta property=\"og:image:width\" content=\"800\" \/>\n\t<meta property=\"og:image:height\" content=\"450\" \/>\n\t<meta property=\"og:image:type\" content=\"image\/jpeg\" \/>\n<meta name=\"author\" content=\"guenter.wolfgang\" \/>\n<meta name=\"twitter:card\" content=\"summary_large_image\" \/>\n<meta name=\"twitter:label1\" content=\"Verfasst von\" \/>\n\t<meta name=\"twitter:data1\" content=\"guenter.wolfgang\" \/>\n\t<meta name=\"twitter:label2\" content=\"Gesch\u00e4tzte Lesezeit\" \/>\n\t<meta name=\"twitter:data2\" content=\"1\u00a0Minute\" \/>\n<script type=\"application\/ld+json\" class=\"yoast-schema-graph\">{\"@context\":\"https:\/\/schema.org\",\"@graph\":[{\"@type\":\"Article\",\"@id\":\"https:\/\/kulturonline.tv\/de\/filmfest-muenchen-startet-mit-der-weltpremiere-eines-neuen-sandra-hueller-film\/#article\",\"isPartOf\":{\"@id\":\"https:\/\/kulturonline.tv\/de\/filmfest-muenchen-startet-mit-der-weltpremiere-eines-neuen-sandra-hueller-film\/\"},\"author\":{\"name\":\"guenter.wolfgang\",\"@id\":\"https:\/\/kulturonline.tv\/de\/#\/schema\/person\/b0fac729bb9a0c193fb1df23449df4fe\"},\"headline\":\"Filmfest M\u00fcnchen startet mit der Weltpremiere eines neuen Sandra-H\u00fcller-Film\",\"datePublished\":\"2024-05-13T19:26:18+00:00\",\"dateModified\":\"2024-05-13T19:26:19+00:00\",\"mainEntityOfPage\":{\"@id\":\"https:\/\/kulturonline.tv\/de\/filmfest-muenchen-startet-mit-der-weltpremiere-eines-neuen-sandra-hueller-film\/\"},\"wordCount\":239,\"commentCount\":1,\"publisher\":{\"@id\":\"https:\/\/kulturonline.tv\/de\/#organization\"},\"image\":{\"@id\":\"https:\/\/kulturonline.tv\/de\/filmfest-muenchen-startet-mit-der-weltpremiere-eines-neuen-sandra-hueller-film\/#primaryimage\"},\"thumbnailUrl\":\"https:\/\/kulturonline.tv\/wp-content\/uploads\/2024\/05\/800px-Munich_Film_Festival_2010_vorhang_im_COS-edited.jpeg\",\"articleSection\":[\"Newsflash\"],\"inLanguage\":\"de\",\"potentialAction\":[{\"@type\":\"CommentAction\",\"name\":\"Comment\",\"target\":[\"https:\/\/kulturonline.tv\/de\/filmfest-muenchen-startet-mit-der-weltpremiere-eines-neuen-sandra-hueller-film\/#respond\"]}]},{\"@type\":\"WebPage\",\"@id\":\"https:\/\/kulturonline.tv\/de\/filmfest-muenchen-startet-mit-der-weltpremiere-eines-neuen-sandra-hueller-film\/\",\"url\":\"https:\/\/kulturonline.tv\/de\/filmfest-muenchen-startet-mit-der-weltpremiere-eines-neuen-sandra-hueller-film\/\",\"name\":\"Filmfest M\u00fcnchen startet mit der Weltpremiere eines neuen Sandra-H\u00fcller-Film - Kultur Online TV &amp; FM\",\"isPartOf\":{\"@id\":\"https:\/\/kulturonline.tv\/de\/#website\"},\"primaryImageOfPage\":{\"@id\":\"https:\/\/kulturonline.tv\/de\/filmfest-muenchen-startet-mit-der-weltpremiere-eines-neuen-sandra-hueller-film\/#primaryimage\"},\"image\":{\"@id\":\"https:\/\/kulturonline.tv\/de\/filmfest-muenchen-startet-mit-der-weltpremiere-eines-neuen-sandra-hueller-film\/#primaryimage\"},\"thumbnailUrl\":\"https:\/\/kulturonline.tv\/wp-content\/uploads\/2024\/05\/800px-Munich_Film_Festival_2010_vorhang_im_COS-edited.jpeg\",\"datePublished\":\"2024-05-13T19:26:18+00:00\",\"dateModified\":\"2024-05-13T19:26:19+00:00\",\"description\":\"Das Filmfest teilte mit, die DDR-Kom\u00f6die \\\"Zwei zu eins\\\" werde der Er\u00f6ffnungsfilm sein.\",\"breadcrumb\":{\"@id\":\"https:\/\/kulturonline.tv\/de\/filmfest-muenchen-startet-mit-der-weltpremiere-eines-neuen-sandra-hueller-film\/#breadcrumb\"},\"inLanguage\":\"de\",\"potentialAction\":[{\"@type\":\"ReadAction\",\"target\":[\"https:\/\/kulturonline.tv\/de\/filmfest-muenchen-startet-mit-der-weltpremiere-eines-neuen-sandra-hueller-film\/\"]}]},{\"@type\":\"ImageObject\",\"inLanguage\":\"de\",\"@id\":\"https:\/\/kulturonline.tv\/de\/filmfest-muenchen-startet-mit-der-weltpremiere-eines-neuen-sandra-hueller-film\/#primaryimage\",\"url\":\"https:\/\/kulturonline.tv\/wp-content\/uploads\/2024\/05\/800px-Munich_Film_Festival_2010_vorhang_im_COS-edited.jpeg\",\"contentUrl\":\"https:\/\/kulturonline.tv\/wp-content\/uploads\/2024\/05\/800px-Munich_Film_Festival_2010_vorhang_im_COS-edited.jpeg\",\"width\":800,\"height\":450},{\"@type\":\"BreadcrumbList\",\"@id\":\"https:\/\/kulturonline.tv\/de\/filmfest-muenchen-startet-mit-der-weltpremiere-eines-neuen-sandra-hueller-film\/#breadcrumb\",\"itemListElement\":[{\"@type\":\"ListItem\",\"position\":1,\"name\":\"Startseite\",\"item\":\"https:\/\/kulturonline.tv\/de\/\"},{\"@type\":\"ListItem\",\"position\":2,\"name\":\"Filmfest M\u00fcnchen startet mit der Weltpremiere eines neuen Sandra-H\u00fcller-Film\"}]},{\"@type\":\"WebSite\",\"@id\":\"https:\/\/kulturonline.tv\/de\/#website\",\"url\":\"https:\/\/kulturonline.tv\/de\/\",\"name\":\"Kultur Online TV &amp; FM\",\"description\":\"Wir sind Kultur 2.0 zum sehen &amp; h\u00f6ren\",\"publisher\":{\"@id\":\"https:\/\/kulturonline.tv\/de\/#organization\"},\"potentialAction\":[{\"@type\":\"SearchAction\",\"target\":{\"@type\":\"EntryPoint\",\"urlTemplate\":\"https:\/\/kulturonline.tv\/de\/?s={search_term_string}\"},\"query-input\":{\"@type\":\"PropertyValueSpecification\",\"valueRequired\":true,\"valueName\":\"search_term_string\"}}],\"inLanguage\":\"de\"},{\"@type\":\"Organization\",\"@id\":\"https:\/\/kulturonline.tv\/de\/#organization\",\"name\":\"Kultur Online TV\",\"url\":\"https:\/\/kulturonline.tv\/de\/\",\"logo\":{\"@type\":\"ImageObject\",\"inLanguage\":\"de\",\"@id\":\"https:\/\/kulturonline.tv\/de\/#\/schema\/logo\/image\/\",\"url\":\"https:\/\/kulturonline.tv\/wp-content\/uploads\/2021\/08\/Kultur-Online-Tv-Logo-Endversion-neu.png\",\"contentUrl\":\"https:\/\/kulturonline.tv\/wp-content\/uploads\/2021\/08\/Kultur-Online-Tv-Logo-Endversion-neu.png\",\"width\":200,\"height\":200,\"caption\":\"Kultur Online TV\"},\"image\":{\"@id\":\"https:\/\/kulturonline.tv\/de\/#\/schema\/logo\/image\/\"},\"sameAs\":[\"https:\/\/www.facebook.com\/kulturonline.tv\",\"https:\/\/www.instagram.com\/kulturonline.tv\"]},{\"@type\":\"Person\",\"@id\":\"https:\/\/kulturonline.tv\/de\/#\/schema\/person\/b0fac729bb9a0c193fb1df23449df4fe\",\"name\":\"guenter.wolfgang\"}]}<\/script>\n<!-- \/ Yoast SEO plugin. -->","yoast_head_json":{"title":"Filmfest M\u00fcnchen startet mit der Weltpremiere eines neuen Sandra-H\u00fcller-Film - Kultur Online TV &amp; FM","description":"Das Filmfest teilte mit, die DDR-Kom\u00f6die \"Zwei zu eins\" werde der Er\u00f6ffnungsfilm sein.","robots":{"index":"index","follow":"follow","max-snippet":"max-snippet:-1","max-image-preview":"max-image-preview:large","max-video-preview":"max-video-preview:-1"},"canonical":"https:\/\/kulturonline.tv\/de\/filmfest-muenchen-startet-mit-der-weltpremiere-eines-neuen-sandra-hueller-film\/","og_locale":"de_DE","og_type":"article","og_title":"Filmfest M\u00fcnchen startet mit der Weltpremiere eines neuen Sandra-H\u00fcller-Film - Kultur Online TV &amp; FM","og_description":"Das Filmfest teilte mit, die DDR-Kom\u00f6die \"Zwei zu eins\" werde der Er\u00f6ffnungsfilm sein.","og_url":"https:\/\/kulturonline.tv\/de\/filmfest-muenchen-startet-mit-der-weltpremiere-eines-neuen-sandra-hueller-film\/","og_site_name":"Kultur Online TV &amp; FM","article_publisher":"https:\/\/www.facebook.com\/kulturonline.tv","article_published_time":"2024-05-13T19:26:18+00:00","article_modified_time":"2024-05-13T19:26:19+00:00","og_image":[{"width":800,"height":450,"url":"https:\/\/kulturonline.tv\/wp-content\/uploads\/2024\/05\/800px-Munich_Film_Festival_2010_vorhang_im_COS-edited.jpeg","type":"image\/jpeg"}],"author":"guenter.wolfgang","twitter_card":"summary_large_image","twitter_misc":{"Verfasst von":"guenter.wolfgang","Gesch\u00e4tzte Lesezeit":"1\u00a0Minute"},"schema":{"@context":"https:\/\/schema.org","@graph":[{"@type":"Article","@id":"https:\/\/kulturonline.tv\/de\/filmfest-muenchen-startet-mit-der-weltpremiere-eines-neuen-sandra-hueller-film\/#article","isPartOf":{"@id":"https:\/\/kulturonline.tv\/de\/filmfest-muenchen-startet-mit-der-weltpremiere-eines-neuen-sandra-hueller-film\/"},"author":{"name":"guenter.wolfgang","@id":"https:\/\/kulturonline.tv\/de\/#\/schema\/person\/b0fac729bb9a0c193fb1df23449df4fe"},"headline":"Filmfest M\u00fcnchen startet mit der Weltpremiere eines neuen Sandra-H\u00fcller-Film","datePublished":"2024-05-13T19:26:18+00:00","dateModified":"2024-05-13T19:26:19+00:00","mainEntityOfPage":{"@id":"https:\/\/kulturonline.tv\/de\/filmfest-muenchen-startet-mit-der-weltpremiere-eines-neuen-sandra-hueller-film\/"},"wordCount":239,"commentCount":1,"publisher":{"@id":"https:\/\/kulturonline.tv\/de\/#organization"},"image":{"@id":"https:\/\/kulturonline.tv\/de\/filmfest-muenchen-startet-mit-der-weltpremiere-eines-neuen-sandra-hueller-film\/#primaryimage"},"thumbnailUrl":"https:\/\/kulturonline.tv\/wp-content\/uploads\/2024\/05\/800px-Munich_Film_Festival_2010_vorhang_im_COS-edited.jpeg","articleSection":["Newsflash"],"inLanguage":"de","potentialAction":[{"@type":"CommentAction","name":"Comment","target":["https:\/\/kulturonline.tv\/de\/filmfest-muenchen-startet-mit-der-weltpremiere-eines-neuen-sandra-hueller-film\/#respond"]}]},{"@type":"WebPage","@id":"https:\/\/kulturonline.tv\/de\/filmfest-muenchen-startet-mit-der-weltpremiere-eines-neuen-sandra-hueller-film\/","url":"https:\/\/kulturonline.tv\/de\/filmfest-muenchen-startet-mit-der-weltpremiere-eines-neuen-sandra-hueller-film\/","name":"Filmfest M\u00fcnchen startet mit der Weltpremiere eines neuen Sandra-H\u00fcller-Film - Kultur Online TV &amp; FM","isPartOf":{"@id":"https:\/\/kulturonline.tv\/de\/#website"},"primaryImageOfPage":{"@id":"https:\/\/kulturonline.tv\/de\/filmfest-muenchen-startet-mit-der-weltpremiere-eines-neuen-sandra-hueller-film\/#primaryimage"},"image":{"@id":"https:\/\/kulturonline.tv\/de\/filmfest-muenchen-startet-mit-der-weltpremiere-eines-neuen-sandra-hueller-film\/#primaryimage"},"thumbnailUrl":"https:\/\/kulturonline.tv\/wp-content\/uploads\/2024\/05\/800px-Munich_Film_Festival_2010_vorhang_im_COS-edited.jpeg","datePublished":"2024-05-13T19:26:18+00:00","dateModified":"2024-05-13T19:26:19+00:00","description":"Das Filmfest teilte mit, die DDR-Kom\u00f6die \"Zwei zu eins\" werde der Er\u00f6ffnungsfilm sein.","breadcrumb":{"@id":"https:\/\/kulturonline.tv\/de\/filmfest-muenchen-startet-mit-der-weltpremiere-eines-neuen-sandra-hueller-film\/#breadcrumb"},"inLanguage":"de","potentialAction":[{"@type":"ReadAction","target":["https:\/\/kulturonline.tv\/de\/filmfest-muenchen-startet-mit-der-weltpremiere-eines-neuen-sandra-hueller-film\/"]}]},{"@type":"ImageObject","inLanguage":"de","@id":"https:\/\/kulturonline.tv\/de\/filmfest-muenchen-startet-mit-der-weltpremiere-eines-neuen-sandra-hueller-film\/#primaryimage","url":"https:\/\/kulturonline.tv\/wp-content\/uploads\/2024\/05\/800px-Munich_Film_Festival_2010_vorhang_im_COS-edited.jpeg","contentUrl":"https:\/\/kulturonline.tv\/wp-content\/uploads\/2024\/05\/800px-Munich_Film_Festival_2010_vorhang_im_COS-edited.jpeg","width":800,"height":450},{"@type":"BreadcrumbList","@id":"https:\/\/kulturonline.tv\/de\/filmfest-muenchen-startet-mit-der-weltpremiere-eines-neuen-sandra-hueller-film\/#breadcrumb","itemListElement":[{"@type":"ListItem","position":1,"name":"Startseite","item":"https:\/\/kulturonline.tv\/de\/"},{"@type":"ListItem","position":2,"name":"Filmfest M\u00fcnchen startet mit der Weltpremiere eines neuen Sandra-H\u00fcller-Film"}]},{"@type":"WebSite","@id":"https:\/\/kulturonline.tv\/de\/#website","url":"https:\/\/kulturonline.tv\/de\/","name":"Kultur Online TV &amp; FM","description":"Wir sind Kultur 2.0 zum sehen &amp; h\u00f6ren","publisher":{"@id":"https:\/\/kulturonline.tv\/de\/#organization"},"potentialAction":[{"@type":"SearchAction","target":{"@type":"EntryPoint","urlTemplate":"https:\/\/kulturonline.tv\/de\/?s={search_term_string}"},"query-input":{"@type":"PropertyValueSpecification","valueRequired":true,"valueName":"search_term_string"}}],"inLanguage":"de"},{"@type":"Organization","@id":"https:\/\/kulturonline.tv\/de\/#organization","name":"Kultur Online TV","url":"https:\/\/kulturonline.tv\/de\/","logo":{"@type":"ImageObject","inLanguage":"de","@id":"https:\/\/kulturonline.tv\/de\/#\/schema\/logo\/image\/","url":"https:\/\/kulturonline.tv\/wp-content\/uploads\/2021\/08\/Kultur-Online-Tv-Logo-Endversion-neu.png","contentUrl":"https:\/\/kulturonline.tv\/wp-content\/uploads\/2021\/08\/Kultur-Online-Tv-Logo-Endversion-neu.png","width":200,"height":200,"caption":"Kultur Online TV"},"image":{"@id":"https:\/\/kulturonline.tv\/de\/#\/schema\/logo\/image\/"},"sameAs":["https:\/\/www.facebook.com\/kulturonline.tv","https:\/\/www.instagram.com\/kulturonline.tv"]},{"@type":"Person","@id":"https:\/\/kulturonline.tv\/de\/#\/schema\/person\/b0fac729bb9a0c193fb1df23449df4fe","name":"guenter.wolfgang"}]}},"_links":{"self":[{"href":"https:\/\/kulturonline.tv\/de\/wp-json\/wp\/v2\/posts\/76438","targetHints":{"allow":["GET"]}}],"collection":[{"href":"https:\/\/kulturonline.tv\/de\/wp-json\/wp\/v2\/posts"}],"about":[{"href":"https:\/\/kulturonline.tv\/de\/wp-json\/wp\/v2\/types\/post"}],"author":[{"embeddable":true,"href":"https:\/\/kulturonline.tv\/de\/wp-json\/wp\/v2\/users\/2"}],"replies":[{"embeddable":true,"href":"https:\/\/kulturonline.tv\/de\/wp-json\/wp\/v2\/comments?post=76438"}],"version-history":[{"count":0,"href":"https:\/\/kulturonline.tv\/de\/wp-json\/wp\/v2\/posts\/76438\/revisions"}],"wp:featuredmedia":[{"embeddable":true,"href":"https:\/\/kulturonline.tv\/de\/wp-json\/wp\/v2\/media\/76441"}],"wp:attachment":[{"href":"https:\/\/kulturonline.tv\/de\/wp-json\/wp\/v2\/media?parent=76438"}],"wp:term":[{"taxonomy":"category","embeddable":true,"href":"https:\/\/kulturonline.tv\/de\/wp-json\/wp\/v2\/categories?post=76438"},{"taxonomy":"post_tag","embeddable":true,"href":"https:\/\/kulturonline.tv\/de\/wp-json\/wp\/v2\/tags?post=76438"}],"curies":[{"name":"wp","href":"https:\/\/api.w.org\/{rel}","templated":true}]}}