{"id":7700,"date":"2021-10-08T23:25:14","date_gmt":"2021-10-08T21:25:14","guid":{"rendered":"https:\/\/kulturonline.tv\/?p=7700"},"modified":"2021-10-08T23:37:09","modified_gmt":"2021-10-08T21:37:09","slug":"tag-des-guten-lebens-in-neukoelln","status":"publish","type":"post","link":"https:\/\/kulturonline.tv\/de\/tag-des-guten-lebens-in-neukoelln\/","title":{"rendered":"Tag des guten Lebens in Neuk\u00f6lln"},"content":{"rendered":"\n<p><strong>Das partizipative Stra\u00dfenfest in Neuk\u00f6lln m\u00f6chte sich f\u00fcr einen lebenswerteren Kiez und mehr Nachhaltigkeit einsetzen und die Vielfalt feiern.<\/strong><\/p>\n\n\n\n<figure class=\"wp-block-image size-large\"><img fetchpriority=\"high\" decoding=\"async\" width=\"1556\" height=\"875\" src=\"https:\/\/kulturonline.tv\/wp-content\/uploads\/2021\/10\/TDGL_Preview-edited.jpg\" alt=\"\" class=\"wp-image-7704\" srcset=\"https:\/\/kulturonline.tv\/wp-content\/uploads\/2021\/10\/TDGL_Preview-edited.jpg 1556w, https:\/\/kulturonline.tv\/wp-content\/uploads\/2021\/10\/TDGL_Preview-edited-600x337.jpg 600w, https:\/\/kulturonline.tv\/wp-content\/uploads\/2021\/10\/TDGL_Preview-edited-800x450.jpg 800w, https:\/\/kulturonline.tv\/wp-content\/uploads\/2021\/10\/TDGL_Preview-edited-768x432.jpg 768w, https:\/\/kulturonline.tv\/wp-content\/uploads\/2021\/10\/TDGL_Preview-edited-1536x864.jpg 1536w\" sizes=\"(max-width: 1556px) 100vw, 1556px\" \/><\/figure>\n\n\n\n<p>F\u00fcr den Aktionstag wird der Mittelweg f\u00fcr Autos gesperrt. Alle Neuk\u00f6llner sind dazu eingeladen, die Stra\u00dfe zum tempor\u00e4ren \u00f6ffentlichen Wohnzimmer zu erkl\u00e4ren. Dazu gibt es buntes Begleitprogramm, dass bei Senioren und Kids zugleich f\u00fcr strahlende Augen sorgen d\u00fcrfte. Geplant sind Workshops rund um das Thema DIY und Nachhaltigkeit, Podiumsdiskussionen, eine Ausstellung, Kunstperformances und nat\u00fcrlich Livemusik. Lokale Foodtrucks sorgen f\u00fcr eine faire und nachhaltige Verpflegung. Dar\u00fcber hinaus finden in ganz Neuk\u00f6lln Satellitenevents zum ersten Tag des guten Lebens statt.<\/p>\n\n\n\n<p>Kultur Online TV<\/p>\n\n\n\n<p>#k\u00f6ln #veranstaltungen #events<\/p>\n","protected":false},"excerpt":{"rendered":"<p>Das partizipative Stra\u00dfenfest in Neuk\u00f6lln m\u00f6chte sich f\u00fcr einen lebenswerteren Kiez und mehr Nachhaltigkeit einsetzen und die Vielfalt feiern. F\u00fcr den Aktionstag wird der Mittelweg f\u00fcr Autos gesperrt. Alle Neuk\u00f6llner sind dazu eingeladen, die Stra\u00dfe zum tempor\u00e4ren \u00f6ffentlichen Wohnzimmer zu erkl\u00e4ren. Dazu gibt es buntes Begleitprogramm, dass bei Senioren und Kids zugleich f\u00fcr strahlende Augen [&hellip;]<\/p>\n","protected":false},"author":2,"featured_media":7704,"comment_status":"closed","ping_status":"closed","sticky":false,"template":"","format":"standard","meta":{"_acf_changed":false,"footnotes":""},"categories":[3],"tags":[],"class_list":["post-7700","post","type-post","status-publish","format-standard","has-post-thumbnail","hentry","category-newsflash"],"acf":[],"yoast_head":"<!-- This site is optimized with the Yoast SEO plugin v26.1.1 - https:\/\/yoast.com\/wordpress\/plugins\/seo\/ -->\n<title>Tag des guten Lebens in Neuk\u00f6lln - Kultur Online TV &amp; FM<\/title>\n<meta name=\"description\" content=\"Kultur sehen und H\u00f6ren\" \/>\n<meta name=\"robots\" content=\"index, follow, max-snippet:-1, max-image-preview:large, max-video-preview:-1\" \/>\n<link rel=\"canonical\" href=\"https:\/\/kulturonline.tv\/de\/tag-des-guten-lebens-in-neukoelln\/\" \/>\n<meta property=\"og:locale\" content=\"de_DE\" \/>\n<meta property=\"og:type\" content=\"article\" \/>\n<meta property=\"og:title\" content=\"Tag des guten Lebens in Neuk\u00f6lln - Kultur Online TV &amp; FM\" \/>\n<meta property=\"og:description\" content=\"Kultur sehen und H\u00f6ren\" \/>\n<meta property=\"og:url\" content=\"https:\/\/kulturonline.tv\/de\/tag-des-guten-lebens-in-neukoelln\/\" \/>\n<meta property=\"og:site_name\" content=\"Kultur Online TV &amp; FM\" \/>\n<meta property=\"article:publisher\" content=\"https:\/\/www.facebook.com\/kulturonline.tv\" \/>\n<meta property=\"article:published_time\" content=\"2021-10-08T21:25:14+00:00\" \/>\n<meta property=\"article:modified_time\" content=\"2021-10-08T21:37:09+00:00\" \/>\n<meta property=\"og:image\" content=\"https:\/\/kulturonline.tv\/wp-content\/uploads\/2021\/10\/TDGL_Preview-edited.jpg\" \/>\n\t<meta property=\"og:image:width\" content=\"1556\" \/>\n\t<meta property=\"og:image:height\" content=\"875\" \/>\n\t<meta property=\"og:image:type\" content=\"image\/jpeg\" \/>\n<meta name=\"author\" content=\"guenter.wolfgang\" \/>\n<meta name=\"twitter:card\" content=\"summary_large_image\" \/>\n<meta name=\"twitter:label1\" content=\"Verfasst von\" \/>\n\t<meta name=\"twitter:data1\" content=\"guenter.wolfgang\" \/>\n\t<meta name=\"twitter:label2\" content=\"Gesch\u00e4tzte Lesezeit\" \/>\n\t<meta name=\"twitter:data2\" content=\"1\u00a0Minute\" \/>\n<script type=\"application\/ld+json\" class=\"yoast-schema-graph\">{\"@context\":\"https:\/\/schema.org\",\"@graph\":[{\"@type\":\"Article\",\"@id\":\"https:\/\/kulturonline.tv\/de\/tag-des-guten-lebens-in-neukoelln\/#article\",\"isPartOf\":{\"@id\":\"https:\/\/kulturonline.tv\/de\/tag-des-guten-lebens-in-neukoelln\/\"},\"author\":{\"name\":\"guenter.wolfgang\",\"@id\":\"https:\/\/kulturonline.tv\/de\/#\/schema\/person\/b0fac729bb9a0c193fb1df23449df4fe\"},\"headline\":\"Tag des guten Lebens in Neuk\u00f6lln\",\"datePublished\":\"2021-10-08T21:25:14+00:00\",\"dateModified\":\"2021-10-08T21:37:09+00:00\",\"mainEntityOfPage\":{\"@id\":\"https:\/\/kulturonline.tv\/de\/tag-des-guten-lebens-in-neukoelln\/\"},\"wordCount\":127,\"publisher\":{\"@id\":\"https:\/\/kulturonline.tv\/de\/#organization\"},\"image\":{\"@id\":\"https:\/\/kulturonline.tv\/de\/tag-des-guten-lebens-in-neukoelln\/#primaryimage\"},\"thumbnailUrl\":\"https:\/\/kulturonline.tv\/wp-content\/uploads\/2021\/10\/TDGL_Preview-edited.jpg\",\"articleSection\":[\"Newsflash\"],\"inLanguage\":\"de\"},{\"@type\":\"WebPage\",\"@id\":\"https:\/\/kulturonline.tv\/de\/tag-des-guten-lebens-in-neukoelln\/\",\"url\":\"https:\/\/kulturonline.tv\/de\/tag-des-guten-lebens-in-neukoelln\/\",\"name\":\"Tag des guten Lebens in Neuk\u00f6lln - Kultur Online TV &amp; FM\",\"isPartOf\":{\"@id\":\"https:\/\/kulturonline.tv\/de\/#website\"},\"primaryImageOfPage\":{\"@id\":\"https:\/\/kulturonline.tv\/de\/tag-des-guten-lebens-in-neukoelln\/#primaryimage\"},\"image\":{\"@id\":\"https:\/\/kulturonline.tv\/de\/tag-des-guten-lebens-in-neukoelln\/#primaryimage\"},\"thumbnailUrl\":\"https:\/\/kulturonline.tv\/wp-content\/uploads\/2021\/10\/TDGL_Preview-edited.jpg\",\"datePublished\":\"2021-10-08T21:25:14+00:00\",\"dateModified\":\"2021-10-08T21:37:09+00:00\",\"description\":\"Kultur sehen und H\u00f6ren\",\"breadcrumb\":{\"@id\":\"https:\/\/kulturonline.tv\/de\/tag-des-guten-lebens-in-neukoelln\/#breadcrumb\"},\"inLanguage\":\"de\",\"potentialAction\":[{\"@type\":\"ReadAction\",\"target\":[\"https:\/\/kulturonline.tv\/de\/tag-des-guten-lebens-in-neukoelln\/\"]}]},{\"@type\":\"ImageObject\",\"inLanguage\":\"de\",\"@id\":\"https:\/\/kulturonline.tv\/de\/tag-des-guten-lebens-in-neukoelln\/#primaryimage\",\"url\":\"https:\/\/kulturonline.tv\/wp-content\/uploads\/2021\/10\/TDGL_Preview-edited.jpg\",\"contentUrl\":\"https:\/\/kulturonline.tv\/wp-content\/uploads\/2021\/10\/TDGL_Preview-edited.jpg\",\"width\":1556,\"height\":875},{\"@type\":\"BreadcrumbList\",\"@id\":\"https:\/\/kulturonline.tv\/de\/tag-des-guten-lebens-in-neukoelln\/#breadcrumb\",\"itemListElement\":[{\"@type\":\"ListItem\",\"position\":1,\"name\":\"Startseite\",\"item\":\"https:\/\/kulturonline.tv\/de\/\"},{\"@type\":\"ListItem\",\"position\":2,\"name\":\"Tag des guten Lebens in Neuk\u00f6lln\"}]},{\"@type\":\"WebSite\",\"@id\":\"https:\/\/kulturonline.tv\/de\/#website\",\"url\":\"https:\/\/kulturonline.tv\/de\/\",\"name\":\"Kultur Online TV &amp; FM\",\"description\":\"Wir sind Kultur 2.0 zum sehen &amp; h\u00f6ren\",\"publisher\":{\"@id\":\"https:\/\/kulturonline.tv\/de\/#organization\"},\"potentialAction\":[{\"@type\":\"SearchAction\",\"target\":{\"@type\":\"EntryPoint\",\"urlTemplate\":\"https:\/\/kulturonline.tv\/de\/?s={search_term_string}\"},\"query-input\":{\"@type\":\"PropertyValueSpecification\",\"valueRequired\":true,\"valueName\":\"search_term_string\"}}],\"inLanguage\":\"de\"},{\"@type\":\"Organization\",\"@id\":\"https:\/\/kulturonline.tv\/de\/#organization\",\"name\":\"Kultur Online TV\",\"url\":\"https:\/\/kulturonline.tv\/de\/\",\"logo\":{\"@type\":\"ImageObject\",\"inLanguage\":\"de\",\"@id\":\"https:\/\/kulturonline.tv\/de\/#\/schema\/logo\/image\/\",\"url\":\"https:\/\/kulturonline.tv\/wp-content\/uploads\/2021\/08\/Kultur-Online-Tv-Logo-Endversion-neu.png\",\"contentUrl\":\"https:\/\/kulturonline.tv\/wp-content\/uploads\/2021\/08\/Kultur-Online-Tv-Logo-Endversion-neu.png\",\"width\":200,\"height\":200,\"caption\":\"Kultur Online TV\"},\"image\":{\"@id\":\"https:\/\/kulturonline.tv\/de\/#\/schema\/logo\/image\/\"},\"sameAs\":[\"https:\/\/www.facebook.com\/kulturonline.tv\",\"https:\/\/www.instagram.com\/kulturonline.tv\"]},{\"@type\":\"Person\",\"@id\":\"https:\/\/kulturonline.tv\/de\/#\/schema\/person\/b0fac729bb9a0c193fb1df23449df4fe\",\"name\":\"guenter.wolfgang\"}]}<\/script>\n<!-- \/ Yoast SEO plugin. -->","yoast_head_json":{"title":"Tag des guten Lebens in Neuk\u00f6lln - Kultur Online TV &amp; FM","description":"Kultur sehen und H\u00f6ren","robots":{"index":"index","follow":"follow","max-snippet":"max-snippet:-1","max-image-preview":"max-image-preview:large","max-video-preview":"max-video-preview:-1"},"canonical":"https:\/\/kulturonline.tv\/de\/tag-des-guten-lebens-in-neukoelln\/","og_locale":"de_DE","og_type":"article","og_title":"Tag des guten Lebens in Neuk\u00f6lln - Kultur Online TV &amp; FM","og_description":"Kultur sehen und H\u00f6ren","og_url":"https:\/\/kulturonline.tv\/de\/tag-des-guten-lebens-in-neukoelln\/","og_site_name":"Kultur Online TV &amp; FM","article_publisher":"https:\/\/www.facebook.com\/kulturonline.tv","article_published_time":"2021-10-08T21:25:14+00:00","article_modified_time":"2021-10-08T21:37:09+00:00","og_image":[{"width":1556,"height":875,"url":"https:\/\/kulturonline.tv\/wp-content\/uploads\/2021\/10\/TDGL_Preview-edited.jpg","type":"image\/jpeg"}],"author":"guenter.wolfgang","twitter_card":"summary_large_image","twitter_misc":{"Verfasst von":"guenter.wolfgang","Gesch\u00e4tzte Lesezeit":"1\u00a0Minute"},"schema":{"@context":"https:\/\/schema.org","@graph":[{"@type":"Article","@id":"https:\/\/kulturonline.tv\/de\/tag-des-guten-lebens-in-neukoelln\/#article","isPartOf":{"@id":"https:\/\/kulturonline.tv\/de\/tag-des-guten-lebens-in-neukoelln\/"},"author":{"name":"guenter.wolfgang","@id":"https:\/\/kulturonline.tv\/de\/#\/schema\/person\/b0fac729bb9a0c193fb1df23449df4fe"},"headline":"Tag des guten Lebens in Neuk\u00f6lln","datePublished":"2021-10-08T21:25:14+00:00","dateModified":"2021-10-08T21:37:09+00:00","mainEntityOfPage":{"@id":"https:\/\/kulturonline.tv\/de\/tag-des-guten-lebens-in-neukoelln\/"},"wordCount":127,"publisher":{"@id":"https:\/\/kulturonline.tv\/de\/#organization"},"image":{"@id":"https:\/\/kulturonline.tv\/de\/tag-des-guten-lebens-in-neukoelln\/#primaryimage"},"thumbnailUrl":"https:\/\/kulturonline.tv\/wp-content\/uploads\/2021\/10\/TDGL_Preview-edited.jpg","articleSection":["Newsflash"],"inLanguage":"de"},{"@type":"WebPage","@id":"https:\/\/kulturonline.tv\/de\/tag-des-guten-lebens-in-neukoelln\/","url":"https:\/\/kulturonline.tv\/de\/tag-des-guten-lebens-in-neukoelln\/","name":"Tag des guten Lebens in Neuk\u00f6lln - Kultur Online TV &amp; FM","isPartOf":{"@id":"https:\/\/kulturonline.tv\/de\/#website"},"primaryImageOfPage":{"@id":"https:\/\/kulturonline.tv\/de\/tag-des-guten-lebens-in-neukoelln\/#primaryimage"},"image":{"@id":"https:\/\/kulturonline.tv\/de\/tag-des-guten-lebens-in-neukoelln\/#primaryimage"},"thumbnailUrl":"https:\/\/kulturonline.tv\/wp-content\/uploads\/2021\/10\/TDGL_Preview-edited.jpg","datePublished":"2021-10-08T21:25:14+00:00","dateModified":"2021-10-08T21:37:09+00:00","description":"Kultur sehen und H\u00f6ren","breadcrumb":{"@id":"https:\/\/kulturonline.tv\/de\/tag-des-guten-lebens-in-neukoelln\/#breadcrumb"},"inLanguage":"de","potentialAction":[{"@type":"ReadAction","target":["https:\/\/kulturonline.tv\/de\/tag-des-guten-lebens-in-neukoelln\/"]}]},{"@type":"ImageObject","inLanguage":"de","@id":"https:\/\/kulturonline.tv\/de\/tag-des-guten-lebens-in-neukoelln\/#primaryimage","url":"https:\/\/kulturonline.tv\/wp-content\/uploads\/2021\/10\/TDGL_Preview-edited.jpg","contentUrl":"https:\/\/kulturonline.tv\/wp-content\/uploads\/2021\/10\/TDGL_Preview-edited.jpg","width":1556,"height":875},{"@type":"BreadcrumbList","@id":"https:\/\/kulturonline.tv\/de\/tag-des-guten-lebens-in-neukoelln\/#breadcrumb","itemListElement":[{"@type":"ListItem","position":1,"name":"Startseite","item":"https:\/\/kulturonline.tv\/de\/"},{"@type":"ListItem","position":2,"name":"Tag des guten Lebens in Neuk\u00f6lln"}]},{"@type":"WebSite","@id":"https:\/\/kulturonline.tv\/de\/#website","url":"https:\/\/kulturonline.tv\/de\/","name":"Kultur Online TV &amp; FM","description":"Wir sind Kultur 2.0 zum sehen &amp; h\u00f6ren","publisher":{"@id":"https:\/\/kulturonline.tv\/de\/#organization"},"potentialAction":[{"@type":"SearchAction","target":{"@type":"EntryPoint","urlTemplate":"https:\/\/kulturonline.tv\/de\/?s={search_term_string}"},"query-input":{"@type":"PropertyValueSpecification","valueRequired":true,"valueName":"search_term_string"}}],"inLanguage":"de"},{"@type":"Organization","@id":"https:\/\/kulturonline.tv\/de\/#organization","name":"Kultur Online TV","url":"https:\/\/kulturonline.tv\/de\/","logo":{"@type":"ImageObject","inLanguage":"de","@id":"https:\/\/kulturonline.tv\/de\/#\/schema\/logo\/image\/","url":"https:\/\/kulturonline.tv\/wp-content\/uploads\/2021\/08\/Kultur-Online-Tv-Logo-Endversion-neu.png","contentUrl":"https:\/\/kulturonline.tv\/wp-content\/uploads\/2021\/08\/Kultur-Online-Tv-Logo-Endversion-neu.png","width":200,"height":200,"caption":"Kultur Online TV"},"image":{"@id":"https:\/\/kulturonline.tv\/de\/#\/schema\/logo\/image\/"},"sameAs":["https:\/\/www.facebook.com\/kulturonline.tv","https:\/\/www.instagram.com\/kulturonline.tv"]},{"@type":"Person","@id":"https:\/\/kulturonline.tv\/de\/#\/schema\/person\/b0fac729bb9a0c193fb1df23449df4fe","name":"guenter.wolfgang"}]}},"_links":{"self":[{"href":"https:\/\/kulturonline.tv\/de\/wp-json\/wp\/v2\/posts\/7700","targetHints":{"allow":["GET"]}}],"collection":[{"href":"https:\/\/kulturonline.tv\/de\/wp-json\/wp\/v2\/posts"}],"about":[{"href":"https:\/\/kulturonline.tv\/de\/wp-json\/wp\/v2\/types\/post"}],"author":[{"embeddable":true,"href":"https:\/\/kulturonline.tv\/de\/wp-json\/wp\/v2\/users\/2"}],"replies":[{"embeddable":true,"href":"https:\/\/kulturonline.tv\/de\/wp-json\/wp\/v2\/comments?post=7700"}],"version-history":[{"count":0,"href":"https:\/\/kulturonline.tv\/de\/wp-json\/wp\/v2\/posts\/7700\/revisions"}],"wp:featuredmedia":[{"embeddable":true,"href":"https:\/\/kulturonline.tv\/de\/wp-json\/wp\/v2\/media\/7704"}],"wp:attachment":[{"href":"https:\/\/kulturonline.tv\/de\/wp-json\/wp\/v2\/media?parent=7700"}],"wp:term":[{"taxonomy":"category","embeddable":true,"href":"https:\/\/kulturonline.tv\/de\/wp-json\/wp\/v2\/categories?post=7700"},{"taxonomy":"post_tag","embeddable":true,"href":"https:\/\/kulturonline.tv\/de\/wp-json\/wp\/v2\/tags?post=7700"}],"curies":[{"name":"wp","href":"https:\/\/api.w.org\/{rel}","templated":true}]}}