{"id":7790,"date":"2021-10-10T12:17:06","date_gmt":"2021-10-10T10:17:06","guid":{"rendered":"https:\/\/kulturonline.tv\/?p=7790"},"modified":"2021-10-10T12:21:20","modified_gmt":"2021-10-10T10:21:20","slug":"im-theatermuseum-erinnerungsgeister-und-hoffnungslichter","status":"publish","type":"post","link":"https:\/\/kulturonline.tv\/de\/im-theatermuseum-erinnerungsgeister-und-hoffnungslichter\/","title":{"rendered":"Im Theatermuseum: Erinnerungsgeister und Hoffnungslichter"},"content":{"rendered":"\n<p>In seinem Ausstellungs- und Veranstaltungsprogramm f\u00fcr den Herbst und Winter 2021\/22 l\u00e4dt das Theatermuseum D\u00fcsseldorf zur Begegnung mit den vielf\u00e4ltigen Geistern ein, die das Theater seit Jahrhunderten fest im Griff haben.<\/p>\n\n\n\n<figure class=\"wp-block-image size-full\"><img fetchpriority=\"high\" decoding=\"async\" width=\"1200\" height=\"675\" src=\"https:\/\/kulturonline.tv\/wp-content\/uploads\/2021\/10\/Theatermuseum-Duesseldorf-1-edited.jpg\" alt=\"\" class=\"wp-image-7796\" srcset=\"https:\/\/kulturonline.tv\/wp-content\/uploads\/2021\/10\/Theatermuseum-Duesseldorf-1-edited.jpg 1200w, https:\/\/kulturonline.tv\/wp-content\/uploads\/2021\/10\/Theatermuseum-Duesseldorf-1-edited-600x338.jpg 600w, https:\/\/kulturonline.tv\/wp-content\/uploads\/2021\/10\/Theatermuseum-Duesseldorf-1-edited-800x450.jpg 800w, https:\/\/kulturonline.tv\/wp-content\/uploads\/2021\/10\/Theatermuseum-Duesseldorf-1-edited-768x432.jpg 768w\" sizes=\"(max-width: 1200px) 100vw, 1200px\" \/><\/figure>\n\n\n\n<p>In drei Ausstellungen sowie Vermittlungsangeboten und Auff\u00fchrungen werden besonders jene Erinnerungsgeister beschworen, mit denen die Menschen w\u00e4hrend der Corona-Krise ihre Sehnsucht nach der R\u00fcckkehr auf, vor und hinter die B\u00fchne gen\u00e4hrt haben.<\/p>\n\n\n\n<p>Unter dem Titel &#8222;Erinnerungsgeister und Hoffnungslichter&#8220; haben ab dem 10. Oktober nicht nur Bilder verlassener Theaterr\u00e4ume, Archivgeschichten des Freien Theaters und ganz pers\u00f6nliche Rituale des Theaterbesuchs ihren Auftritt. In der Begegnung mit den reichhaltigen Momenten der Kulturgeschichte werden die Museumsbesucherinnen und -besucher auch animiert, in ihren ganz pers\u00f6nlichen Erinnerungssch\u00e4tzen zu kramen und mit den ausgestellten Objekten letztlich in einen Dialog zu treten.<\/p>\n\n\n\n<p>Theatergeschichte als Spielfeld von Kulturgeschichte und pers\u00f6nlichen Erinnerungen zu betrachten, steht im Zentrum des Konzepts f\u00fcr das Theatermuseum unter der neuen Leitung von Dr. Sascha F\u00f6rster. Das Programm bis zum 20. Februar umfasst die drei Kabinettausstellungen &#8222;Ghost Light: Reformhoffnungen des Theaters&#8220;, &#8222;Geschichte wird gemacht: Theater Festival Impulse&#8220; und &#8222;Theater|Zuschauer*innen|Archiv&#8220;.<\/p>\n\n\n\n<p><a href=\"https:\/\/www.duesseldorf.de\/theatermuseum\">https:\/\/www.duesseldorf.de\/theatermuseum<\/a><\/p>\n\n\n\n<p>Kultur Online TV<\/p>\n\n\n\n<p>#theater #ausstellungen<\/p>\n","protected":false},"excerpt":{"rendered":"<p>In seinem Ausstellungs- und Veranstaltungsprogramm f\u00fcr den Herbst und Winter 2021\/22 l\u00e4dt das Theatermuseum D\u00fcsseldorf zur Begegnung mit den vielf\u00e4ltigen Geistern ein, die das Theater seit Jahrhunderten fest im Griff haben. In drei Ausstellungen sowie Vermittlungsangeboten und Auff\u00fchrungen werden besonders jene Erinnerungsgeister beschworen, mit denen die Menschen w\u00e4hrend der Corona-Krise ihre Sehnsucht nach der R\u00fcckkehr [&hellip;]<\/p>\n","protected":false},"author":2,"featured_media":7796,"comment_status":"closed","ping_status":"closed","sticky":false,"template":"","format":"standard","meta":{"_acf_changed":false,"footnotes":""},"categories":[105,124],"tags":[],"class_list":["post-7790","post","type-post","status-publish","format-standard","has-post-thumbnail","hentry","category-theater"],"acf":[],"yoast_head":"<!-- This site is optimized with the Yoast SEO plugin v26.1.1 - https:\/\/yoast.com\/wordpress\/plugins\/seo\/ -->\n<title>Im Theatermuseum: Erinnerungsgeister und Hoffnungslichter - Kultur Online TV &amp; FM<\/title>\n<meta name=\"description\" content=\"Kultur sehen und H\u00f6ren\" \/>\n<meta name=\"robots\" content=\"index, follow, max-snippet:-1, max-image-preview:large, max-video-preview:-1\" \/>\n<link rel=\"canonical\" href=\"https:\/\/kulturonline.tv\/de\/im-theatermuseum-erinnerungsgeister-und-hoffnungslichter\/\" \/>\n<meta property=\"og:locale\" content=\"de_DE\" \/>\n<meta property=\"og:type\" content=\"article\" \/>\n<meta property=\"og:title\" content=\"Im Theatermuseum: Erinnerungsgeister und Hoffnungslichter - Kultur Online TV &amp; FM\" \/>\n<meta property=\"og:description\" content=\"Kultur sehen und H\u00f6ren\" \/>\n<meta property=\"og:url\" content=\"https:\/\/kulturonline.tv\/de\/im-theatermuseum-erinnerungsgeister-und-hoffnungslichter\/\" \/>\n<meta property=\"og:site_name\" content=\"Kultur Online TV &amp; FM\" \/>\n<meta property=\"article:publisher\" content=\"https:\/\/www.facebook.com\/kulturonline.tv\" \/>\n<meta property=\"article:published_time\" content=\"2021-10-10T10:17:06+00:00\" \/>\n<meta property=\"article:modified_time\" content=\"2021-10-10T10:21:20+00:00\" \/>\n<meta property=\"og:image\" content=\"https:\/\/kulturonline.tv\/wp-content\/uploads\/2021\/10\/Theatermuseum-Duesseldorf-1-edited.jpg\" \/>\n\t<meta property=\"og:image:width\" content=\"1200\" \/>\n\t<meta property=\"og:image:height\" content=\"675\" \/>\n\t<meta property=\"og:image:type\" content=\"image\/jpeg\" \/>\n<meta name=\"author\" content=\"guenter.wolfgang\" \/>\n<meta name=\"twitter:card\" content=\"summary_large_image\" \/>\n<meta name=\"twitter:label1\" content=\"Verfasst von\" \/>\n\t<meta name=\"twitter:data1\" content=\"guenter.wolfgang\" \/>\n\t<meta name=\"twitter:label2\" content=\"Gesch\u00e4tzte Lesezeit\" \/>\n\t<meta name=\"twitter:data2\" content=\"1\u00a0Minute\" \/>\n<script type=\"application\/ld+json\" class=\"yoast-schema-graph\">{\"@context\":\"https:\/\/schema.org\",\"@graph\":[{\"@type\":\"Article\",\"@id\":\"https:\/\/kulturonline.tv\/de\/im-theatermuseum-erinnerungsgeister-und-hoffnungslichter\/#article\",\"isPartOf\":{\"@id\":\"https:\/\/kulturonline.tv\/de\/im-theatermuseum-erinnerungsgeister-und-hoffnungslichter\/\"},\"author\":{\"name\":\"guenter.wolfgang\",\"@id\":\"https:\/\/kulturonline.tv\/de\/#\/schema\/person\/b0fac729bb9a0c193fb1df23449df4fe\"},\"headline\":\"Im Theatermuseum: Erinnerungsgeister und Hoffnungslichter\",\"datePublished\":\"2021-10-10T10:17:06+00:00\",\"dateModified\":\"2021-10-10T10:21:20+00:00\",\"mainEntityOfPage\":{\"@id\":\"https:\/\/kulturonline.tv\/de\/im-theatermuseum-erinnerungsgeister-und-hoffnungslichter\/\"},\"wordCount\":205,\"publisher\":{\"@id\":\"https:\/\/kulturonline.tv\/de\/#organization\"},\"image\":{\"@id\":\"https:\/\/kulturonline.tv\/de\/im-theatermuseum-erinnerungsgeister-und-hoffnungslichter\/#primaryimage\"},\"thumbnailUrl\":\"https:\/\/kulturonline.tv\/wp-content\/uploads\/2021\/10\/Theatermuseum-Duesseldorf-1-edited.jpg\",\"articleSection\":[\"Theater\",\"Theater\"],\"inLanguage\":\"de\"},{\"@type\":\"WebPage\",\"@id\":\"https:\/\/kulturonline.tv\/de\/im-theatermuseum-erinnerungsgeister-und-hoffnungslichter\/\",\"url\":\"https:\/\/kulturonline.tv\/de\/im-theatermuseum-erinnerungsgeister-und-hoffnungslichter\/\",\"name\":\"Im Theatermuseum: Erinnerungsgeister und Hoffnungslichter - Kultur Online TV &amp; FM\",\"isPartOf\":{\"@id\":\"https:\/\/kulturonline.tv\/de\/#website\"},\"primaryImageOfPage\":{\"@id\":\"https:\/\/kulturonline.tv\/de\/im-theatermuseum-erinnerungsgeister-und-hoffnungslichter\/#primaryimage\"},\"image\":{\"@id\":\"https:\/\/kulturonline.tv\/de\/im-theatermuseum-erinnerungsgeister-und-hoffnungslichter\/#primaryimage\"},\"thumbnailUrl\":\"https:\/\/kulturonline.tv\/wp-content\/uploads\/2021\/10\/Theatermuseum-Duesseldorf-1-edited.jpg\",\"datePublished\":\"2021-10-10T10:17:06+00:00\",\"dateModified\":\"2021-10-10T10:21:20+00:00\",\"description\":\"Kultur sehen und H\u00f6ren\",\"breadcrumb\":{\"@id\":\"https:\/\/kulturonline.tv\/de\/im-theatermuseum-erinnerungsgeister-und-hoffnungslichter\/#breadcrumb\"},\"inLanguage\":\"de\",\"potentialAction\":[{\"@type\":\"ReadAction\",\"target\":[\"https:\/\/kulturonline.tv\/de\/im-theatermuseum-erinnerungsgeister-und-hoffnungslichter\/\"]}]},{\"@type\":\"ImageObject\",\"inLanguage\":\"de\",\"@id\":\"https:\/\/kulturonline.tv\/de\/im-theatermuseum-erinnerungsgeister-und-hoffnungslichter\/#primaryimage\",\"url\":\"https:\/\/kulturonline.tv\/wp-content\/uploads\/2021\/10\/Theatermuseum-Duesseldorf-1-edited.jpg\",\"contentUrl\":\"https:\/\/kulturonline.tv\/wp-content\/uploads\/2021\/10\/Theatermuseum-Duesseldorf-1-edited.jpg\",\"width\":1200,\"height\":675},{\"@type\":\"BreadcrumbList\",\"@id\":\"https:\/\/kulturonline.tv\/de\/im-theatermuseum-erinnerungsgeister-und-hoffnungslichter\/#breadcrumb\",\"itemListElement\":[{\"@type\":\"ListItem\",\"position\":1,\"name\":\"Startseite\",\"item\":\"https:\/\/kulturonline.tv\/de\/\"},{\"@type\":\"ListItem\",\"position\":2,\"name\":\"Im Theatermuseum: Erinnerungsgeister und Hoffnungslichter\"}]},{\"@type\":\"WebSite\",\"@id\":\"https:\/\/kulturonline.tv\/de\/#website\",\"url\":\"https:\/\/kulturonline.tv\/de\/\",\"name\":\"Kultur Online TV &amp; FM\",\"description\":\"Wir sind Kultur 2.0 zum sehen &amp; h\u00f6ren\",\"publisher\":{\"@id\":\"https:\/\/kulturonline.tv\/de\/#organization\"},\"potentialAction\":[{\"@type\":\"SearchAction\",\"target\":{\"@type\":\"EntryPoint\",\"urlTemplate\":\"https:\/\/kulturonline.tv\/de\/?s={search_term_string}\"},\"query-input\":{\"@type\":\"PropertyValueSpecification\",\"valueRequired\":true,\"valueName\":\"search_term_string\"}}],\"inLanguage\":\"de\"},{\"@type\":\"Organization\",\"@id\":\"https:\/\/kulturonline.tv\/de\/#organization\",\"name\":\"Kultur Online TV\",\"url\":\"https:\/\/kulturonline.tv\/de\/\",\"logo\":{\"@type\":\"ImageObject\",\"inLanguage\":\"de\",\"@id\":\"https:\/\/kulturonline.tv\/de\/#\/schema\/logo\/image\/\",\"url\":\"https:\/\/kulturonline.tv\/wp-content\/uploads\/2021\/08\/Kultur-Online-Tv-Logo-Endversion-neu.png\",\"contentUrl\":\"https:\/\/kulturonline.tv\/wp-content\/uploads\/2021\/08\/Kultur-Online-Tv-Logo-Endversion-neu.png\",\"width\":200,\"height\":200,\"caption\":\"Kultur Online TV\"},\"image\":{\"@id\":\"https:\/\/kulturonline.tv\/de\/#\/schema\/logo\/image\/\"},\"sameAs\":[\"https:\/\/www.facebook.com\/kulturonline.tv\",\"https:\/\/www.instagram.com\/kulturonline.tv\"]},{\"@type\":\"Person\",\"@id\":\"https:\/\/kulturonline.tv\/de\/#\/schema\/person\/b0fac729bb9a0c193fb1df23449df4fe\",\"name\":\"guenter.wolfgang\"}]}<\/script>\n<!-- \/ Yoast SEO plugin. -->","yoast_head_json":{"title":"Im Theatermuseum: Erinnerungsgeister und Hoffnungslichter - Kultur Online TV &amp; FM","description":"Kultur sehen und H\u00f6ren","robots":{"index":"index","follow":"follow","max-snippet":"max-snippet:-1","max-image-preview":"max-image-preview:large","max-video-preview":"max-video-preview:-1"},"canonical":"https:\/\/kulturonline.tv\/de\/im-theatermuseum-erinnerungsgeister-und-hoffnungslichter\/","og_locale":"de_DE","og_type":"article","og_title":"Im Theatermuseum: Erinnerungsgeister und Hoffnungslichter - Kultur Online TV &amp; FM","og_description":"Kultur sehen und H\u00f6ren","og_url":"https:\/\/kulturonline.tv\/de\/im-theatermuseum-erinnerungsgeister-und-hoffnungslichter\/","og_site_name":"Kultur Online TV &amp; FM","article_publisher":"https:\/\/www.facebook.com\/kulturonline.tv","article_published_time":"2021-10-10T10:17:06+00:00","article_modified_time":"2021-10-10T10:21:20+00:00","og_image":[{"width":1200,"height":675,"url":"https:\/\/kulturonline.tv\/wp-content\/uploads\/2021\/10\/Theatermuseum-Duesseldorf-1-edited.jpg","type":"image\/jpeg"}],"author":"guenter.wolfgang","twitter_card":"summary_large_image","twitter_misc":{"Verfasst von":"guenter.wolfgang","Gesch\u00e4tzte Lesezeit":"1\u00a0Minute"},"schema":{"@context":"https:\/\/schema.org","@graph":[{"@type":"Article","@id":"https:\/\/kulturonline.tv\/de\/im-theatermuseum-erinnerungsgeister-und-hoffnungslichter\/#article","isPartOf":{"@id":"https:\/\/kulturonline.tv\/de\/im-theatermuseum-erinnerungsgeister-und-hoffnungslichter\/"},"author":{"name":"guenter.wolfgang","@id":"https:\/\/kulturonline.tv\/de\/#\/schema\/person\/b0fac729bb9a0c193fb1df23449df4fe"},"headline":"Im Theatermuseum: Erinnerungsgeister und Hoffnungslichter","datePublished":"2021-10-10T10:17:06+00:00","dateModified":"2021-10-10T10:21:20+00:00","mainEntityOfPage":{"@id":"https:\/\/kulturonline.tv\/de\/im-theatermuseum-erinnerungsgeister-und-hoffnungslichter\/"},"wordCount":205,"publisher":{"@id":"https:\/\/kulturonline.tv\/de\/#organization"},"image":{"@id":"https:\/\/kulturonline.tv\/de\/im-theatermuseum-erinnerungsgeister-und-hoffnungslichter\/#primaryimage"},"thumbnailUrl":"https:\/\/kulturonline.tv\/wp-content\/uploads\/2021\/10\/Theatermuseum-Duesseldorf-1-edited.jpg","articleSection":["Theater","Theater"],"inLanguage":"de"},{"@type":"WebPage","@id":"https:\/\/kulturonline.tv\/de\/im-theatermuseum-erinnerungsgeister-und-hoffnungslichter\/","url":"https:\/\/kulturonline.tv\/de\/im-theatermuseum-erinnerungsgeister-und-hoffnungslichter\/","name":"Im Theatermuseum: Erinnerungsgeister und Hoffnungslichter - Kultur Online TV &amp; FM","isPartOf":{"@id":"https:\/\/kulturonline.tv\/de\/#website"},"primaryImageOfPage":{"@id":"https:\/\/kulturonline.tv\/de\/im-theatermuseum-erinnerungsgeister-und-hoffnungslichter\/#primaryimage"},"image":{"@id":"https:\/\/kulturonline.tv\/de\/im-theatermuseum-erinnerungsgeister-und-hoffnungslichter\/#primaryimage"},"thumbnailUrl":"https:\/\/kulturonline.tv\/wp-content\/uploads\/2021\/10\/Theatermuseum-Duesseldorf-1-edited.jpg","datePublished":"2021-10-10T10:17:06+00:00","dateModified":"2021-10-10T10:21:20+00:00","description":"Kultur sehen und H\u00f6ren","breadcrumb":{"@id":"https:\/\/kulturonline.tv\/de\/im-theatermuseum-erinnerungsgeister-und-hoffnungslichter\/#breadcrumb"},"inLanguage":"de","potentialAction":[{"@type":"ReadAction","target":["https:\/\/kulturonline.tv\/de\/im-theatermuseum-erinnerungsgeister-und-hoffnungslichter\/"]}]},{"@type":"ImageObject","inLanguage":"de","@id":"https:\/\/kulturonline.tv\/de\/im-theatermuseum-erinnerungsgeister-und-hoffnungslichter\/#primaryimage","url":"https:\/\/kulturonline.tv\/wp-content\/uploads\/2021\/10\/Theatermuseum-Duesseldorf-1-edited.jpg","contentUrl":"https:\/\/kulturonline.tv\/wp-content\/uploads\/2021\/10\/Theatermuseum-Duesseldorf-1-edited.jpg","width":1200,"height":675},{"@type":"BreadcrumbList","@id":"https:\/\/kulturonline.tv\/de\/im-theatermuseum-erinnerungsgeister-und-hoffnungslichter\/#breadcrumb","itemListElement":[{"@type":"ListItem","position":1,"name":"Startseite","item":"https:\/\/kulturonline.tv\/de\/"},{"@type":"ListItem","position":2,"name":"Im Theatermuseum: Erinnerungsgeister und Hoffnungslichter"}]},{"@type":"WebSite","@id":"https:\/\/kulturonline.tv\/de\/#website","url":"https:\/\/kulturonline.tv\/de\/","name":"Kultur Online TV &amp; FM","description":"Wir sind Kultur 2.0 zum sehen &amp; h\u00f6ren","publisher":{"@id":"https:\/\/kulturonline.tv\/de\/#organization"},"potentialAction":[{"@type":"SearchAction","target":{"@type":"EntryPoint","urlTemplate":"https:\/\/kulturonline.tv\/de\/?s={search_term_string}"},"query-input":{"@type":"PropertyValueSpecification","valueRequired":true,"valueName":"search_term_string"}}],"inLanguage":"de"},{"@type":"Organization","@id":"https:\/\/kulturonline.tv\/de\/#organization","name":"Kultur Online TV","url":"https:\/\/kulturonline.tv\/de\/","logo":{"@type":"ImageObject","inLanguage":"de","@id":"https:\/\/kulturonline.tv\/de\/#\/schema\/logo\/image\/","url":"https:\/\/kulturonline.tv\/wp-content\/uploads\/2021\/08\/Kultur-Online-Tv-Logo-Endversion-neu.png","contentUrl":"https:\/\/kulturonline.tv\/wp-content\/uploads\/2021\/08\/Kultur-Online-Tv-Logo-Endversion-neu.png","width":200,"height":200,"caption":"Kultur Online TV"},"image":{"@id":"https:\/\/kulturonline.tv\/de\/#\/schema\/logo\/image\/"},"sameAs":["https:\/\/www.facebook.com\/kulturonline.tv","https:\/\/www.instagram.com\/kulturonline.tv"]},{"@type":"Person","@id":"https:\/\/kulturonline.tv\/de\/#\/schema\/person\/b0fac729bb9a0c193fb1df23449df4fe","name":"guenter.wolfgang"}]}},"_links":{"self":[{"href":"https:\/\/kulturonline.tv\/de\/wp-json\/wp\/v2\/posts\/7790","targetHints":{"allow":["GET"]}}],"collection":[{"href":"https:\/\/kulturonline.tv\/de\/wp-json\/wp\/v2\/posts"}],"about":[{"href":"https:\/\/kulturonline.tv\/de\/wp-json\/wp\/v2\/types\/post"}],"author":[{"embeddable":true,"href":"https:\/\/kulturonline.tv\/de\/wp-json\/wp\/v2\/users\/2"}],"replies":[{"embeddable":true,"href":"https:\/\/kulturonline.tv\/de\/wp-json\/wp\/v2\/comments?post=7790"}],"version-history":[{"count":0,"href":"https:\/\/kulturonline.tv\/de\/wp-json\/wp\/v2\/posts\/7790\/revisions"}],"wp:featuredmedia":[{"embeddable":true,"href":"https:\/\/kulturonline.tv\/de\/wp-json\/wp\/v2\/media\/7796"}],"wp:attachment":[{"href":"https:\/\/kulturonline.tv\/de\/wp-json\/wp\/v2\/media?parent=7790"}],"wp:term":[{"taxonomy":"category","embeddable":true,"href":"https:\/\/kulturonline.tv\/de\/wp-json\/wp\/v2\/categories?post=7790"},{"taxonomy":"post_tag","embeddable":true,"href":"https:\/\/kulturonline.tv\/de\/wp-json\/wp\/v2\/tags?post=7790"}],"curies":[{"name":"wp","href":"https:\/\/api.w.org\/{rel}","templated":true}]}}