{"id":7866,"date":"2021-10-11T17:05:47","date_gmt":"2021-10-11T15:05:47","guid":{"rendered":"https:\/\/kulturonline.tv\/?p=7866"},"modified":"2021-10-11T17:07:53","modified_gmt":"2021-10-11T15:07:53","slug":"wer-war-schuld-an-der-beatles-trennung","status":"publish","type":"post","link":"https:\/\/kulturonline.tv\/de\/wer-war-schuld-an-der-beatles-trennung\/","title":{"rendered":"Wer war schuld an der Beatles-Trennung?"},"content":{"rendered":"\n<p>Die Trennung der Beatles war 1970 ein Schock. Doch wer war Schuld?<\/p>\n\n\n\n<figure class=\"wp-block-image size-large\"><img fetchpriority=\"high\" decoding=\"async\" width=\"1882\" height=\"1058\" src=\"https:\/\/kulturonline.tv\/wp-content\/uploads\/2021\/10\/Bildschirmfoto-2021-10-11-um-16.44.42-1-edited.png\" alt=\"\" class=\"wp-image-7876\" srcset=\"https:\/\/kulturonline.tv\/wp-content\/uploads\/2021\/10\/Bildschirmfoto-2021-10-11-um-16.44.42-1-edited.png 1882w, https:\/\/kulturonline.tv\/wp-content\/uploads\/2021\/10\/Bildschirmfoto-2021-10-11-um-16.44.42-1-edited-600x337.png 600w, https:\/\/kulturonline.tv\/wp-content\/uploads\/2021\/10\/Bildschirmfoto-2021-10-11-um-16.44.42-1-edited-800x450.png 800w, https:\/\/kulturonline.tv\/wp-content\/uploads\/2021\/10\/Bildschirmfoto-2021-10-11-um-16.44.42-1-edited-1600x899.png 1600w, https:\/\/kulturonline.tv\/wp-content\/uploads\/2021\/10\/Bildschirmfoto-2021-10-11-um-16.44.42-1-edited-768x432.png 768w, https:\/\/kulturonline.tv\/wp-content\/uploads\/2021\/10\/Bildschirmfoto-2021-10-11-um-16.44.42-1-edited-1536x863.png 1536w\" sizes=\"(max-width: 1882px) 100vw, 1882px\" \/><\/figure>\n\n\n\n<p>Gemeinsam in den Musik-Olymp, gemeinsam viele Krisen und Streitereien. Bis heute wird dar\u00fcber erbittert debattiert, wer f\u00fcr das Ende der Beatles verantwortlich ist.<\/p>\n\n\n\n<p>Paul McCartney, der in der Band als Bassist und S\u00e4nger t\u00e4tig war, hat gerade in einem Interview nochmals seine Unschuld beteuert. Er h\u00e4tte lediglich den Bruch 1970 \u00f6ffentlich gemacht. Das Interview wird am 23. Oktober ausgestrahlt und ist bei der BBC zu sehen. <\/p>\n\n\n\n<p>&#8222;Ich habe den Bruch nicht initiiert. Das war unser Johnny&#8220;, sagte der 79-J\u00e4hrige und spielt dabei auf seinen brillanten Co-Songschreiber John Lennon an. &#8222;John ist eines Tages ins Zimmer gekommen und hat gesagt &#8222;Ich verlasse die Beatles&#8220;Ist das eine Spaltung oder nicht?&#8220;.<\/p>\n\n\n\n<p>John Lennon wurde 1980 in New York erschossen. Paul sprach dabei von einem &#8222;aufregenden Schritt&#8220; f\u00fcr John. Er habe damals die Trennung mit einer Scheidung verglichen. Darauf folgten Jahre eines Rosenkrieges, wie Paul McCartney dem Interviewer John Wilson berichtete. Jahrelange juristische Auseinandersetzungen besch\u00e4ftigten alle Bandmitglieder, zu denen noch der Gitarrist George Harrison und der Schlagzeuger Ringo Starr geh\u00f6rten.<\/p>\n\n\n\n<figure class=\"wp-block-embed is-type-video is-provider-youtube wp-block-embed-youtube wp-embed-aspect-4-3 wp-has-aspect-ratio\"><div class=\"wp-block-embed__wrapper\">\nhttps:\/\/www.youtube.com\/watch?v=1LMSOfs10mA\n<\/div><\/figure>\n\n\n\n<p>Kultur Online TV<\/p>\n\n\n\n<p>#beatles #musik #album #streit<\/p>\n\n\n\n<p><\/p>\n","protected":false},"excerpt":{"rendered":"<p>Die Trennung der Beatles war 1970 ein Schock. Doch wer war Schuld? Gemeinsam in den Musik-Olymp, gemeinsam viele Krisen und Streitereien. Bis heute wird dar\u00fcber erbittert debattiert, wer f\u00fcr das Ende der Beatles verantwortlich ist. Paul McCartney, der in der Band als Bassist und S\u00e4nger t\u00e4tig war, hat gerade in einem Interview nochmals seine Unschuld [&hellip;]<\/p>\n","protected":false},"author":2,"featured_media":7876,"comment_status":"closed","ping_status":"closed","sticky":false,"template":"","format":"standard","meta":{"_acf_changed":false,"footnotes":""},"categories":[3],"tags":[],"class_list":["post-7866","post","type-post","status-publish","format-standard","has-post-thumbnail","hentry","category-newsflash"],"acf":[],"yoast_head":"<!-- This site is optimized with the Yoast SEO plugin v26.1.1 - https:\/\/yoast.com\/wordpress\/plugins\/seo\/ -->\n<title>Wer war schuld an der Beatles-Trennung? - Kultur Online TV &amp; FM<\/title>\n<meta name=\"description\" content=\"Kultur sehen und H\u00f6ren\" \/>\n<meta name=\"robots\" content=\"index, follow, max-snippet:-1, max-image-preview:large, max-video-preview:-1\" \/>\n<link rel=\"canonical\" href=\"https:\/\/kulturonline.tv\/de\/wer-war-schuld-an-der-beatles-trennung\/\" \/>\n<meta property=\"og:locale\" content=\"de_DE\" \/>\n<meta property=\"og:type\" content=\"article\" \/>\n<meta property=\"og:title\" content=\"Wer war schuld an der Beatles-Trennung? - Kultur Online TV &amp; FM\" \/>\n<meta property=\"og:description\" content=\"Kultur sehen und H\u00f6ren\" \/>\n<meta property=\"og:url\" content=\"https:\/\/kulturonline.tv\/de\/wer-war-schuld-an-der-beatles-trennung\/\" \/>\n<meta property=\"og:site_name\" content=\"Kultur Online TV &amp; FM\" \/>\n<meta property=\"article:publisher\" content=\"https:\/\/www.facebook.com\/kulturonline.tv\" \/>\n<meta property=\"article:published_time\" content=\"2021-10-11T15:05:47+00:00\" \/>\n<meta property=\"article:modified_time\" content=\"2021-10-11T15:07:53+00:00\" \/>\n<meta property=\"og:image\" content=\"https:\/\/kulturonline.tv\/wp-content\/uploads\/2021\/10\/Bildschirmfoto-2021-10-11-um-16.44.42-1-edited-1600x899.png\" \/>\n\t<meta property=\"og:image:width\" content=\"1600\" \/>\n\t<meta property=\"og:image:height\" content=\"899\" \/>\n\t<meta property=\"og:image:type\" content=\"image\/png\" \/>\n<meta name=\"author\" content=\"guenter.wolfgang\" \/>\n<meta name=\"twitter:card\" content=\"summary_large_image\" \/>\n<meta name=\"twitter:label1\" content=\"Verfasst von\" \/>\n\t<meta name=\"twitter:data1\" content=\"guenter.wolfgang\" \/>\n\t<meta name=\"twitter:label2\" content=\"Gesch\u00e4tzte Lesezeit\" \/>\n\t<meta name=\"twitter:data2\" content=\"2\u00a0Minuten\" \/>\n<script type=\"application\/ld+json\" class=\"yoast-schema-graph\">{\"@context\":\"https:\/\/schema.org\",\"@graph\":[{\"@type\":\"Article\",\"@id\":\"https:\/\/kulturonline.tv\/de\/wer-war-schuld-an-der-beatles-trennung\/#article\",\"isPartOf\":{\"@id\":\"https:\/\/kulturonline.tv\/de\/wer-war-schuld-an-der-beatles-trennung\/\"},\"author\":{\"name\":\"guenter.wolfgang\",\"@id\":\"https:\/\/kulturonline.tv\/de\/#\/schema\/person\/b0fac729bb9a0c193fb1df23449df4fe\"},\"headline\":\"Wer war schuld an der Beatles-Trennung?\",\"datePublished\":\"2021-10-11T15:05:47+00:00\",\"dateModified\":\"2021-10-11T15:07:53+00:00\",\"mainEntityOfPage\":{\"@id\":\"https:\/\/kulturonline.tv\/de\/wer-war-schuld-an-der-beatles-trennung\/\"},\"wordCount\":205,\"publisher\":{\"@id\":\"https:\/\/kulturonline.tv\/de\/#organization\"},\"image\":{\"@id\":\"https:\/\/kulturonline.tv\/de\/wer-war-schuld-an-der-beatles-trennung\/#primaryimage\"},\"thumbnailUrl\":\"https:\/\/kulturonline.tv\/wp-content\/uploads\/2021\/10\/Bildschirmfoto-2021-10-11-um-16.44.42-1-edited.png\",\"articleSection\":[\"Newsflash\"],\"inLanguage\":\"de\"},{\"@type\":\"WebPage\",\"@id\":\"https:\/\/kulturonline.tv\/de\/wer-war-schuld-an-der-beatles-trennung\/\",\"url\":\"https:\/\/kulturonline.tv\/de\/wer-war-schuld-an-der-beatles-trennung\/\",\"name\":\"Wer war schuld an der Beatles-Trennung? - Kultur Online TV &amp; FM\",\"isPartOf\":{\"@id\":\"https:\/\/kulturonline.tv\/de\/#website\"},\"primaryImageOfPage\":{\"@id\":\"https:\/\/kulturonline.tv\/de\/wer-war-schuld-an-der-beatles-trennung\/#primaryimage\"},\"image\":{\"@id\":\"https:\/\/kulturonline.tv\/de\/wer-war-schuld-an-der-beatles-trennung\/#primaryimage\"},\"thumbnailUrl\":\"https:\/\/kulturonline.tv\/wp-content\/uploads\/2021\/10\/Bildschirmfoto-2021-10-11-um-16.44.42-1-edited.png\",\"datePublished\":\"2021-10-11T15:05:47+00:00\",\"dateModified\":\"2021-10-11T15:07:53+00:00\",\"description\":\"Kultur sehen und H\u00f6ren\",\"breadcrumb\":{\"@id\":\"https:\/\/kulturonline.tv\/de\/wer-war-schuld-an-der-beatles-trennung\/#breadcrumb\"},\"inLanguage\":\"de\",\"potentialAction\":[{\"@type\":\"ReadAction\",\"target\":[\"https:\/\/kulturonline.tv\/de\/wer-war-schuld-an-der-beatles-trennung\/\"]}]},{\"@type\":\"ImageObject\",\"inLanguage\":\"de\",\"@id\":\"https:\/\/kulturonline.tv\/de\/wer-war-schuld-an-der-beatles-trennung\/#primaryimage\",\"url\":\"https:\/\/kulturonline.tv\/wp-content\/uploads\/2021\/10\/Bildschirmfoto-2021-10-11-um-16.44.42-1-edited.png\",\"contentUrl\":\"https:\/\/kulturonline.tv\/wp-content\/uploads\/2021\/10\/Bildschirmfoto-2021-10-11-um-16.44.42-1-edited.png\",\"width\":1882,\"height\":1058},{\"@type\":\"BreadcrumbList\",\"@id\":\"https:\/\/kulturonline.tv\/de\/wer-war-schuld-an-der-beatles-trennung\/#breadcrumb\",\"itemListElement\":[{\"@type\":\"ListItem\",\"position\":1,\"name\":\"Startseite\",\"item\":\"https:\/\/kulturonline.tv\/de\/\"},{\"@type\":\"ListItem\",\"position\":2,\"name\":\"Wer war schuld an der Beatles-Trennung?\"}]},{\"@type\":\"WebSite\",\"@id\":\"https:\/\/kulturonline.tv\/de\/#website\",\"url\":\"https:\/\/kulturonline.tv\/de\/\",\"name\":\"Kultur Online TV &amp; FM\",\"description\":\"Wir sind Kultur 2.0 zum sehen &amp; h\u00f6ren\",\"publisher\":{\"@id\":\"https:\/\/kulturonline.tv\/de\/#organization\"},\"potentialAction\":[{\"@type\":\"SearchAction\",\"target\":{\"@type\":\"EntryPoint\",\"urlTemplate\":\"https:\/\/kulturonline.tv\/de\/?s={search_term_string}\"},\"query-input\":{\"@type\":\"PropertyValueSpecification\",\"valueRequired\":true,\"valueName\":\"search_term_string\"}}],\"inLanguage\":\"de\"},{\"@type\":\"Organization\",\"@id\":\"https:\/\/kulturonline.tv\/de\/#organization\",\"name\":\"Kultur Online TV\",\"url\":\"https:\/\/kulturonline.tv\/de\/\",\"logo\":{\"@type\":\"ImageObject\",\"inLanguage\":\"de\",\"@id\":\"https:\/\/kulturonline.tv\/de\/#\/schema\/logo\/image\/\",\"url\":\"https:\/\/kulturonline.tv\/wp-content\/uploads\/2021\/08\/Kultur-Online-Tv-Logo-Endversion-neu.png\",\"contentUrl\":\"https:\/\/kulturonline.tv\/wp-content\/uploads\/2021\/08\/Kultur-Online-Tv-Logo-Endversion-neu.png\",\"width\":200,\"height\":200,\"caption\":\"Kultur Online TV\"},\"image\":{\"@id\":\"https:\/\/kulturonline.tv\/de\/#\/schema\/logo\/image\/\"},\"sameAs\":[\"https:\/\/www.facebook.com\/kulturonline.tv\",\"https:\/\/www.instagram.com\/kulturonline.tv\"]},{\"@type\":\"Person\",\"@id\":\"https:\/\/kulturonline.tv\/de\/#\/schema\/person\/b0fac729bb9a0c193fb1df23449df4fe\",\"name\":\"guenter.wolfgang\"}]}<\/script>\n<!-- \/ Yoast SEO plugin. -->","yoast_head_json":{"title":"Wer war schuld an der Beatles-Trennung? - Kultur Online TV &amp; FM","description":"Kultur sehen und H\u00f6ren","robots":{"index":"index","follow":"follow","max-snippet":"max-snippet:-1","max-image-preview":"max-image-preview:large","max-video-preview":"max-video-preview:-1"},"canonical":"https:\/\/kulturonline.tv\/de\/wer-war-schuld-an-der-beatles-trennung\/","og_locale":"de_DE","og_type":"article","og_title":"Wer war schuld an der Beatles-Trennung? - Kultur Online TV &amp; FM","og_description":"Kultur sehen und H\u00f6ren","og_url":"https:\/\/kulturonline.tv\/de\/wer-war-schuld-an-der-beatles-trennung\/","og_site_name":"Kultur Online TV &amp; FM","article_publisher":"https:\/\/www.facebook.com\/kulturonline.tv","article_published_time":"2021-10-11T15:05:47+00:00","article_modified_time":"2021-10-11T15:07:53+00:00","og_image":[{"width":1600,"height":899,"url":"https:\/\/kulturonline.tv\/wp-content\/uploads\/2021\/10\/Bildschirmfoto-2021-10-11-um-16.44.42-1-edited-1600x899.png","type":"image\/png"}],"author":"guenter.wolfgang","twitter_card":"summary_large_image","twitter_misc":{"Verfasst von":"guenter.wolfgang","Gesch\u00e4tzte Lesezeit":"2\u00a0Minuten"},"schema":{"@context":"https:\/\/schema.org","@graph":[{"@type":"Article","@id":"https:\/\/kulturonline.tv\/de\/wer-war-schuld-an-der-beatles-trennung\/#article","isPartOf":{"@id":"https:\/\/kulturonline.tv\/de\/wer-war-schuld-an-der-beatles-trennung\/"},"author":{"name":"guenter.wolfgang","@id":"https:\/\/kulturonline.tv\/de\/#\/schema\/person\/b0fac729bb9a0c193fb1df23449df4fe"},"headline":"Wer war schuld an der Beatles-Trennung?","datePublished":"2021-10-11T15:05:47+00:00","dateModified":"2021-10-11T15:07:53+00:00","mainEntityOfPage":{"@id":"https:\/\/kulturonline.tv\/de\/wer-war-schuld-an-der-beatles-trennung\/"},"wordCount":205,"publisher":{"@id":"https:\/\/kulturonline.tv\/de\/#organization"},"image":{"@id":"https:\/\/kulturonline.tv\/de\/wer-war-schuld-an-der-beatles-trennung\/#primaryimage"},"thumbnailUrl":"https:\/\/kulturonline.tv\/wp-content\/uploads\/2021\/10\/Bildschirmfoto-2021-10-11-um-16.44.42-1-edited.png","articleSection":["Newsflash"],"inLanguage":"de"},{"@type":"WebPage","@id":"https:\/\/kulturonline.tv\/de\/wer-war-schuld-an-der-beatles-trennung\/","url":"https:\/\/kulturonline.tv\/de\/wer-war-schuld-an-der-beatles-trennung\/","name":"Wer war schuld an der Beatles-Trennung? - Kultur Online TV &amp; FM","isPartOf":{"@id":"https:\/\/kulturonline.tv\/de\/#website"},"primaryImageOfPage":{"@id":"https:\/\/kulturonline.tv\/de\/wer-war-schuld-an-der-beatles-trennung\/#primaryimage"},"image":{"@id":"https:\/\/kulturonline.tv\/de\/wer-war-schuld-an-der-beatles-trennung\/#primaryimage"},"thumbnailUrl":"https:\/\/kulturonline.tv\/wp-content\/uploads\/2021\/10\/Bildschirmfoto-2021-10-11-um-16.44.42-1-edited.png","datePublished":"2021-10-11T15:05:47+00:00","dateModified":"2021-10-11T15:07:53+00:00","description":"Kultur sehen und H\u00f6ren","breadcrumb":{"@id":"https:\/\/kulturonline.tv\/de\/wer-war-schuld-an-der-beatles-trennung\/#breadcrumb"},"inLanguage":"de","potentialAction":[{"@type":"ReadAction","target":["https:\/\/kulturonline.tv\/de\/wer-war-schuld-an-der-beatles-trennung\/"]}]},{"@type":"ImageObject","inLanguage":"de","@id":"https:\/\/kulturonline.tv\/de\/wer-war-schuld-an-der-beatles-trennung\/#primaryimage","url":"https:\/\/kulturonline.tv\/wp-content\/uploads\/2021\/10\/Bildschirmfoto-2021-10-11-um-16.44.42-1-edited.png","contentUrl":"https:\/\/kulturonline.tv\/wp-content\/uploads\/2021\/10\/Bildschirmfoto-2021-10-11-um-16.44.42-1-edited.png","width":1882,"height":1058},{"@type":"BreadcrumbList","@id":"https:\/\/kulturonline.tv\/de\/wer-war-schuld-an-der-beatles-trennung\/#breadcrumb","itemListElement":[{"@type":"ListItem","position":1,"name":"Startseite","item":"https:\/\/kulturonline.tv\/de\/"},{"@type":"ListItem","position":2,"name":"Wer war schuld an der Beatles-Trennung?"}]},{"@type":"WebSite","@id":"https:\/\/kulturonline.tv\/de\/#website","url":"https:\/\/kulturonline.tv\/de\/","name":"Kultur Online TV &amp; FM","description":"Wir sind Kultur 2.0 zum sehen &amp; h\u00f6ren","publisher":{"@id":"https:\/\/kulturonline.tv\/de\/#organization"},"potentialAction":[{"@type":"SearchAction","target":{"@type":"EntryPoint","urlTemplate":"https:\/\/kulturonline.tv\/de\/?s={search_term_string}"},"query-input":{"@type":"PropertyValueSpecification","valueRequired":true,"valueName":"search_term_string"}}],"inLanguage":"de"},{"@type":"Organization","@id":"https:\/\/kulturonline.tv\/de\/#organization","name":"Kultur Online TV","url":"https:\/\/kulturonline.tv\/de\/","logo":{"@type":"ImageObject","inLanguage":"de","@id":"https:\/\/kulturonline.tv\/de\/#\/schema\/logo\/image\/","url":"https:\/\/kulturonline.tv\/wp-content\/uploads\/2021\/08\/Kultur-Online-Tv-Logo-Endversion-neu.png","contentUrl":"https:\/\/kulturonline.tv\/wp-content\/uploads\/2021\/08\/Kultur-Online-Tv-Logo-Endversion-neu.png","width":200,"height":200,"caption":"Kultur Online TV"},"image":{"@id":"https:\/\/kulturonline.tv\/de\/#\/schema\/logo\/image\/"},"sameAs":["https:\/\/www.facebook.com\/kulturonline.tv","https:\/\/www.instagram.com\/kulturonline.tv"]},{"@type":"Person","@id":"https:\/\/kulturonline.tv\/de\/#\/schema\/person\/b0fac729bb9a0c193fb1df23449df4fe","name":"guenter.wolfgang"}]}},"_links":{"self":[{"href":"https:\/\/kulturonline.tv\/de\/wp-json\/wp\/v2\/posts\/7866","targetHints":{"allow":["GET"]}}],"collection":[{"href":"https:\/\/kulturonline.tv\/de\/wp-json\/wp\/v2\/posts"}],"about":[{"href":"https:\/\/kulturonline.tv\/de\/wp-json\/wp\/v2\/types\/post"}],"author":[{"embeddable":true,"href":"https:\/\/kulturonline.tv\/de\/wp-json\/wp\/v2\/users\/2"}],"replies":[{"embeddable":true,"href":"https:\/\/kulturonline.tv\/de\/wp-json\/wp\/v2\/comments?post=7866"}],"version-history":[{"count":0,"href":"https:\/\/kulturonline.tv\/de\/wp-json\/wp\/v2\/posts\/7866\/revisions"}],"wp:featuredmedia":[{"embeddable":true,"href":"https:\/\/kulturonline.tv\/de\/wp-json\/wp\/v2\/media\/7876"}],"wp:attachment":[{"href":"https:\/\/kulturonline.tv\/de\/wp-json\/wp\/v2\/media?parent=7866"}],"wp:term":[{"taxonomy":"category","embeddable":true,"href":"https:\/\/kulturonline.tv\/de\/wp-json\/wp\/v2\/categories?post=7866"},{"taxonomy":"post_tag","embeddable":true,"href":"https:\/\/kulturonline.tv\/de\/wp-json\/wp\/v2\/tags?post=7866"}],"curies":[{"name":"wp","href":"https:\/\/api.w.org\/{rel}","templated":true}]}}