{"id":7891,"date":"2021-10-11T17:36:08","date_gmt":"2021-10-11T15:36:08","guid":{"rendered":"https:\/\/kulturonline.tv\/?p=7891"},"modified":"2021-10-11T17:41:38","modified_gmt":"2021-10-11T15:41:38","slug":"deutlich-mehr-frauen-in-kultureinrichtungen","status":"publish","type":"post","link":"https:\/\/kulturonline.tv\/de\/deutlich-mehr-frauen-in-kultureinrichtungen\/","title":{"rendered":"Deutlich mehr Frauen in Kultureinrichtungen"},"content":{"rendered":"\n<p>In Kultureinrichtungen in Deutschland arbeiten deutlich mehr Frauen als M\u00e4nner. So liegt der Anteil weiblicher Mitarbeiter bei durchschnittlich 64 Prozent, wie die Initiative kulturelle Integration am Montag in Berlin mitteilte.<\/p>\n\n\n\n<figure class=\"wp-block-image size-full\"><img fetchpriority=\"high\" decoding=\"async\" width=\"1280\" height=\"720\" src=\"https:\/\/kulturonline.tv\/wp-content\/uploads\/2021\/10\/Frauen-Kultur-Onlne-TV-edited.jpg\" alt=\"\" class=\"wp-image-7895\" srcset=\"https:\/\/kulturonline.tv\/wp-content\/uploads\/2021\/10\/Frauen-Kultur-Onlne-TV-edited.jpg 1280w, https:\/\/kulturonline.tv\/wp-content\/uploads\/2021\/10\/Frauen-Kultur-Onlne-TV-edited-600x338.jpg 600w, https:\/\/kulturonline.tv\/wp-content\/uploads\/2021\/10\/Frauen-Kultur-Onlne-TV-edited-800x450.jpg 800w, https:\/\/kulturonline.tv\/wp-content\/uploads\/2021\/10\/Frauen-Kultur-Onlne-TV-edited-768x432.jpg 768w\" sizes=\"(max-width: 1280px) 100vw, 1280px\" \/><\/figure>\n\n\n\n<p>Menschen mit einer Behinderung machen demnach im Durchschnitt vier Prozent der Belegschaft aus. Das entspreche ungef\u00e4hr dem Anteil an erwerbst\u00e4tigen Personen mit Schwerstbehinderung in der Gesamtbev\u00f6lkerung, hie\u00df es. Dagegen seien t\u00fcrkischst\u00e4mmige Mitarbeiter deutlich unterrepr\u00e4sentiert. Der vollst\u00e4ndige Bericht mit dem Titel \u201eDiversit\u00e4t in Kulturinstitutionen 2018-2020\u201c soll am Mittwoch vorgestellt werden.<\/p>\n\n\n\n<p>Textquelle. Deutschlandfunk<\/p>\n\n\n\n<p>Kultur Online Tv<\/p>\n\n\n\n<p>#kultur #news #frauen<\/p>\n","protected":false},"excerpt":{"rendered":"<p>In Kultureinrichtungen in Deutschland arbeiten deutlich mehr Frauen als M\u00e4nner. So liegt der Anteil weiblicher Mitarbeiter bei durchschnittlich 64 Prozent, wie die Initiative kulturelle Integration am Montag in Berlin mitteilte. Menschen mit einer Behinderung machen demnach im Durchschnitt vier Prozent der Belegschaft aus. Das entspreche ungef\u00e4hr dem Anteil an erwerbst\u00e4tigen Personen mit Schwerstbehinderung in der [&hellip;]<\/p>\n","protected":false},"author":2,"featured_media":7895,"comment_status":"closed","ping_status":"closed","sticky":false,"template":"","format":"standard","meta":{"_acf_changed":false,"footnotes":""},"categories":[3,123],"tags":[],"class_list":["post-7891","post","type-post","status-publish","format-standard","has-post-thumbnail","hentry","category-newsflash"],"acf":[],"yoast_head":"<!-- This site is optimized with the Yoast SEO plugin v26.1.1 - https:\/\/yoast.com\/wordpress\/plugins\/seo\/ -->\n<title>Deutlich mehr Frauen in Kultureinrichtungen - Kultur Online TV &amp; FM<\/title>\n<meta name=\"description\" content=\"Kultur sehen und H\u00f6ren\" \/>\n<meta name=\"robots\" content=\"index, follow, max-snippet:-1, max-image-preview:large, max-video-preview:-1\" \/>\n<link rel=\"canonical\" href=\"https:\/\/kulturonline.tv\/de\/deutlich-mehr-frauen-in-kultureinrichtungen\/\" \/>\n<meta property=\"og:locale\" content=\"de_DE\" \/>\n<meta property=\"og:type\" content=\"article\" \/>\n<meta property=\"og:title\" content=\"Deutlich mehr Frauen in Kultureinrichtungen - Kultur Online TV &amp; FM\" \/>\n<meta property=\"og:description\" content=\"Kultur sehen und H\u00f6ren\" \/>\n<meta property=\"og:url\" content=\"https:\/\/kulturonline.tv\/de\/deutlich-mehr-frauen-in-kultureinrichtungen\/\" \/>\n<meta property=\"og:site_name\" content=\"Kultur Online TV &amp; FM\" \/>\n<meta property=\"article:publisher\" content=\"https:\/\/www.facebook.com\/kulturonline.tv\" \/>\n<meta property=\"article:published_time\" content=\"2021-10-11T15:36:08+00:00\" \/>\n<meta property=\"article:modified_time\" content=\"2021-10-11T15:41:38+00:00\" \/>\n<meta property=\"og:image\" content=\"https:\/\/kulturonline.tv\/wp-content\/uploads\/2021\/10\/Frauen-Kultur-Onlne-TV-edited.jpg\" \/>\n\t<meta property=\"og:image:width\" content=\"1280\" \/>\n\t<meta property=\"og:image:height\" content=\"720\" \/>\n\t<meta property=\"og:image:type\" content=\"image\/jpeg\" \/>\n<meta name=\"author\" content=\"guenter.wolfgang\" \/>\n<meta name=\"twitter:card\" content=\"summary_large_image\" \/>\n<meta name=\"twitter:label1\" content=\"Verfasst von\" \/>\n\t<meta name=\"twitter:data1\" content=\"guenter.wolfgang\" \/>\n\t<meta name=\"twitter:label2\" content=\"Gesch\u00e4tzte Lesezeit\" \/>\n\t<meta name=\"twitter:data2\" content=\"1\u00a0Minute\" \/>\n<script type=\"application\/ld+json\" class=\"yoast-schema-graph\">{\"@context\":\"https:\/\/schema.org\",\"@graph\":[{\"@type\":\"Article\",\"@id\":\"https:\/\/kulturonline.tv\/de\/deutlich-mehr-frauen-in-kultureinrichtungen\/#article\",\"isPartOf\":{\"@id\":\"https:\/\/kulturonline.tv\/de\/deutlich-mehr-frauen-in-kultureinrichtungen\/\"},\"author\":{\"name\":\"guenter.wolfgang\",\"@id\":\"https:\/\/kulturonline.tv\/de\/#\/schema\/person\/b0fac729bb9a0c193fb1df23449df4fe\"},\"headline\":\"Deutlich mehr Frauen in Kultureinrichtungen\",\"datePublished\":\"2021-10-11T15:36:08+00:00\",\"dateModified\":\"2021-10-11T15:41:38+00:00\",\"mainEntityOfPage\":{\"@id\":\"https:\/\/kulturonline.tv\/de\/deutlich-mehr-frauen-in-kultureinrichtungen\/\"},\"wordCount\":100,\"publisher\":{\"@id\":\"https:\/\/kulturonline.tv\/de\/#organization\"},\"image\":{\"@id\":\"https:\/\/kulturonline.tv\/de\/deutlich-mehr-frauen-in-kultureinrichtungen\/#primaryimage\"},\"thumbnailUrl\":\"https:\/\/kulturonline.tv\/wp-content\/uploads\/2021\/10\/Frauen-Kultur-Onlne-TV-edited.jpg\",\"articleSection\":[\"Newsflash\",\"Newsflash\"],\"inLanguage\":\"de\"},{\"@type\":\"WebPage\",\"@id\":\"https:\/\/kulturonline.tv\/de\/deutlich-mehr-frauen-in-kultureinrichtungen\/\",\"url\":\"https:\/\/kulturonline.tv\/de\/deutlich-mehr-frauen-in-kultureinrichtungen\/\",\"name\":\"Deutlich mehr Frauen in Kultureinrichtungen - Kultur Online TV &amp; FM\",\"isPartOf\":{\"@id\":\"https:\/\/kulturonline.tv\/de\/#website\"},\"primaryImageOfPage\":{\"@id\":\"https:\/\/kulturonline.tv\/de\/deutlich-mehr-frauen-in-kultureinrichtungen\/#primaryimage\"},\"image\":{\"@id\":\"https:\/\/kulturonline.tv\/de\/deutlich-mehr-frauen-in-kultureinrichtungen\/#primaryimage\"},\"thumbnailUrl\":\"https:\/\/kulturonline.tv\/wp-content\/uploads\/2021\/10\/Frauen-Kultur-Onlne-TV-edited.jpg\",\"datePublished\":\"2021-10-11T15:36:08+00:00\",\"dateModified\":\"2021-10-11T15:41:38+00:00\",\"description\":\"Kultur sehen und H\u00f6ren\",\"breadcrumb\":{\"@id\":\"https:\/\/kulturonline.tv\/de\/deutlich-mehr-frauen-in-kultureinrichtungen\/#breadcrumb\"},\"inLanguage\":\"de\",\"potentialAction\":[{\"@type\":\"ReadAction\",\"target\":[\"https:\/\/kulturonline.tv\/de\/deutlich-mehr-frauen-in-kultureinrichtungen\/\"]}]},{\"@type\":\"ImageObject\",\"inLanguage\":\"de\",\"@id\":\"https:\/\/kulturonline.tv\/de\/deutlich-mehr-frauen-in-kultureinrichtungen\/#primaryimage\",\"url\":\"https:\/\/kulturonline.tv\/wp-content\/uploads\/2021\/10\/Frauen-Kultur-Onlne-TV-edited.jpg\",\"contentUrl\":\"https:\/\/kulturonline.tv\/wp-content\/uploads\/2021\/10\/Frauen-Kultur-Onlne-TV-edited.jpg\",\"width\":1280,\"height\":720},{\"@type\":\"BreadcrumbList\",\"@id\":\"https:\/\/kulturonline.tv\/de\/deutlich-mehr-frauen-in-kultureinrichtungen\/#breadcrumb\",\"itemListElement\":[{\"@type\":\"ListItem\",\"position\":1,\"name\":\"Startseite\",\"item\":\"https:\/\/kulturonline.tv\/de\/\"},{\"@type\":\"ListItem\",\"position\":2,\"name\":\"Deutlich mehr Frauen in Kultureinrichtungen\"}]},{\"@type\":\"WebSite\",\"@id\":\"https:\/\/kulturonline.tv\/de\/#website\",\"url\":\"https:\/\/kulturonline.tv\/de\/\",\"name\":\"Kultur Online TV &amp; FM\",\"description\":\"Wir sind Kultur 2.0 zum sehen &amp; h\u00f6ren\",\"publisher\":{\"@id\":\"https:\/\/kulturonline.tv\/de\/#organization\"},\"potentialAction\":[{\"@type\":\"SearchAction\",\"target\":{\"@type\":\"EntryPoint\",\"urlTemplate\":\"https:\/\/kulturonline.tv\/de\/?s={search_term_string}\"},\"query-input\":{\"@type\":\"PropertyValueSpecification\",\"valueRequired\":true,\"valueName\":\"search_term_string\"}}],\"inLanguage\":\"de\"},{\"@type\":\"Organization\",\"@id\":\"https:\/\/kulturonline.tv\/de\/#organization\",\"name\":\"Kultur Online TV\",\"url\":\"https:\/\/kulturonline.tv\/de\/\",\"logo\":{\"@type\":\"ImageObject\",\"inLanguage\":\"de\",\"@id\":\"https:\/\/kulturonline.tv\/de\/#\/schema\/logo\/image\/\",\"url\":\"https:\/\/kulturonline.tv\/wp-content\/uploads\/2021\/08\/Kultur-Online-Tv-Logo-Endversion-neu.png\",\"contentUrl\":\"https:\/\/kulturonline.tv\/wp-content\/uploads\/2021\/08\/Kultur-Online-Tv-Logo-Endversion-neu.png\",\"width\":200,\"height\":200,\"caption\":\"Kultur Online TV\"},\"image\":{\"@id\":\"https:\/\/kulturonline.tv\/de\/#\/schema\/logo\/image\/\"},\"sameAs\":[\"https:\/\/www.facebook.com\/kulturonline.tv\",\"https:\/\/www.instagram.com\/kulturonline.tv\"]},{\"@type\":\"Person\",\"@id\":\"https:\/\/kulturonline.tv\/de\/#\/schema\/person\/b0fac729bb9a0c193fb1df23449df4fe\",\"name\":\"guenter.wolfgang\"}]}<\/script>\n<!-- \/ Yoast SEO plugin. -->","yoast_head_json":{"title":"Deutlich mehr Frauen in Kultureinrichtungen - Kultur Online TV &amp; FM","description":"Kultur sehen und H\u00f6ren","robots":{"index":"index","follow":"follow","max-snippet":"max-snippet:-1","max-image-preview":"max-image-preview:large","max-video-preview":"max-video-preview:-1"},"canonical":"https:\/\/kulturonline.tv\/de\/deutlich-mehr-frauen-in-kultureinrichtungen\/","og_locale":"de_DE","og_type":"article","og_title":"Deutlich mehr Frauen in Kultureinrichtungen - Kultur Online TV &amp; FM","og_description":"Kultur sehen und H\u00f6ren","og_url":"https:\/\/kulturonline.tv\/de\/deutlich-mehr-frauen-in-kultureinrichtungen\/","og_site_name":"Kultur Online TV &amp; FM","article_publisher":"https:\/\/www.facebook.com\/kulturonline.tv","article_published_time":"2021-10-11T15:36:08+00:00","article_modified_time":"2021-10-11T15:41:38+00:00","og_image":[{"width":1280,"height":720,"url":"https:\/\/kulturonline.tv\/wp-content\/uploads\/2021\/10\/Frauen-Kultur-Onlne-TV-edited.jpg","type":"image\/jpeg"}],"author":"guenter.wolfgang","twitter_card":"summary_large_image","twitter_misc":{"Verfasst von":"guenter.wolfgang","Gesch\u00e4tzte Lesezeit":"1\u00a0Minute"},"schema":{"@context":"https:\/\/schema.org","@graph":[{"@type":"Article","@id":"https:\/\/kulturonline.tv\/de\/deutlich-mehr-frauen-in-kultureinrichtungen\/#article","isPartOf":{"@id":"https:\/\/kulturonline.tv\/de\/deutlich-mehr-frauen-in-kultureinrichtungen\/"},"author":{"name":"guenter.wolfgang","@id":"https:\/\/kulturonline.tv\/de\/#\/schema\/person\/b0fac729bb9a0c193fb1df23449df4fe"},"headline":"Deutlich mehr Frauen in Kultureinrichtungen","datePublished":"2021-10-11T15:36:08+00:00","dateModified":"2021-10-11T15:41:38+00:00","mainEntityOfPage":{"@id":"https:\/\/kulturonline.tv\/de\/deutlich-mehr-frauen-in-kultureinrichtungen\/"},"wordCount":100,"publisher":{"@id":"https:\/\/kulturonline.tv\/de\/#organization"},"image":{"@id":"https:\/\/kulturonline.tv\/de\/deutlich-mehr-frauen-in-kultureinrichtungen\/#primaryimage"},"thumbnailUrl":"https:\/\/kulturonline.tv\/wp-content\/uploads\/2021\/10\/Frauen-Kultur-Onlne-TV-edited.jpg","articleSection":["Newsflash","Newsflash"],"inLanguage":"de"},{"@type":"WebPage","@id":"https:\/\/kulturonline.tv\/de\/deutlich-mehr-frauen-in-kultureinrichtungen\/","url":"https:\/\/kulturonline.tv\/de\/deutlich-mehr-frauen-in-kultureinrichtungen\/","name":"Deutlich mehr Frauen in Kultureinrichtungen - Kultur Online TV &amp; FM","isPartOf":{"@id":"https:\/\/kulturonline.tv\/de\/#website"},"primaryImageOfPage":{"@id":"https:\/\/kulturonline.tv\/de\/deutlich-mehr-frauen-in-kultureinrichtungen\/#primaryimage"},"image":{"@id":"https:\/\/kulturonline.tv\/de\/deutlich-mehr-frauen-in-kultureinrichtungen\/#primaryimage"},"thumbnailUrl":"https:\/\/kulturonline.tv\/wp-content\/uploads\/2021\/10\/Frauen-Kultur-Onlne-TV-edited.jpg","datePublished":"2021-10-11T15:36:08+00:00","dateModified":"2021-10-11T15:41:38+00:00","description":"Kultur sehen und H\u00f6ren","breadcrumb":{"@id":"https:\/\/kulturonline.tv\/de\/deutlich-mehr-frauen-in-kultureinrichtungen\/#breadcrumb"},"inLanguage":"de","potentialAction":[{"@type":"ReadAction","target":["https:\/\/kulturonline.tv\/de\/deutlich-mehr-frauen-in-kultureinrichtungen\/"]}]},{"@type":"ImageObject","inLanguage":"de","@id":"https:\/\/kulturonline.tv\/de\/deutlich-mehr-frauen-in-kultureinrichtungen\/#primaryimage","url":"https:\/\/kulturonline.tv\/wp-content\/uploads\/2021\/10\/Frauen-Kultur-Onlne-TV-edited.jpg","contentUrl":"https:\/\/kulturonline.tv\/wp-content\/uploads\/2021\/10\/Frauen-Kultur-Onlne-TV-edited.jpg","width":1280,"height":720},{"@type":"BreadcrumbList","@id":"https:\/\/kulturonline.tv\/de\/deutlich-mehr-frauen-in-kultureinrichtungen\/#breadcrumb","itemListElement":[{"@type":"ListItem","position":1,"name":"Startseite","item":"https:\/\/kulturonline.tv\/de\/"},{"@type":"ListItem","position":2,"name":"Deutlich mehr Frauen in Kultureinrichtungen"}]},{"@type":"WebSite","@id":"https:\/\/kulturonline.tv\/de\/#website","url":"https:\/\/kulturonline.tv\/de\/","name":"Kultur Online TV &amp; FM","description":"Wir sind Kultur 2.0 zum sehen &amp; h\u00f6ren","publisher":{"@id":"https:\/\/kulturonline.tv\/de\/#organization"},"potentialAction":[{"@type":"SearchAction","target":{"@type":"EntryPoint","urlTemplate":"https:\/\/kulturonline.tv\/de\/?s={search_term_string}"},"query-input":{"@type":"PropertyValueSpecification","valueRequired":true,"valueName":"search_term_string"}}],"inLanguage":"de"},{"@type":"Organization","@id":"https:\/\/kulturonline.tv\/de\/#organization","name":"Kultur Online TV","url":"https:\/\/kulturonline.tv\/de\/","logo":{"@type":"ImageObject","inLanguage":"de","@id":"https:\/\/kulturonline.tv\/de\/#\/schema\/logo\/image\/","url":"https:\/\/kulturonline.tv\/wp-content\/uploads\/2021\/08\/Kultur-Online-Tv-Logo-Endversion-neu.png","contentUrl":"https:\/\/kulturonline.tv\/wp-content\/uploads\/2021\/08\/Kultur-Online-Tv-Logo-Endversion-neu.png","width":200,"height":200,"caption":"Kultur Online TV"},"image":{"@id":"https:\/\/kulturonline.tv\/de\/#\/schema\/logo\/image\/"},"sameAs":["https:\/\/www.facebook.com\/kulturonline.tv","https:\/\/www.instagram.com\/kulturonline.tv"]},{"@type":"Person","@id":"https:\/\/kulturonline.tv\/de\/#\/schema\/person\/b0fac729bb9a0c193fb1df23449df4fe","name":"guenter.wolfgang"}]}},"_links":{"self":[{"href":"https:\/\/kulturonline.tv\/de\/wp-json\/wp\/v2\/posts\/7891","targetHints":{"allow":["GET"]}}],"collection":[{"href":"https:\/\/kulturonline.tv\/de\/wp-json\/wp\/v2\/posts"}],"about":[{"href":"https:\/\/kulturonline.tv\/de\/wp-json\/wp\/v2\/types\/post"}],"author":[{"embeddable":true,"href":"https:\/\/kulturonline.tv\/de\/wp-json\/wp\/v2\/users\/2"}],"replies":[{"embeddable":true,"href":"https:\/\/kulturonline.tv\/de\/wp-json\/wp\/v2\/comments?post=7891"}],"version-history":[{"count":0,"href":"https:\/\/kulturonline.tv\/de\/wp-json\/wp\/v2\/posts\/7891\/revisions"}],"wp:featuredmedia":[{"embeddable":true,"href":"https:\/\/kulturonline.tv\/de\/wp-json\/wp\/v2\/media\/7895"}],"wp:attachment":[{"href":"https:\/\/kulturonline.tv\/de\/wp-json\/wp\/v2\/media?parent=7891"}],"wp:term":[{"taxonomy":"category","embeddable":true,"href":"https:\/\/kulturonline.tv\/de\/wp-json\/wp\/v2\/categories?post=7891"},{"taxonomy":"post_tag","embeddable":true,"href":"https:\/\/kulturonline.tv\/de\/wp-json\/wp\/v2\/tags?post=7891"}],"curies":[{"name":"wp","href":"https:\/\/api.w.org\/{rel}","templated":true}]}}