{"id":92495,"date":"2024-06-30T19:17:39","date_gmt":"2024-06-30T17:17:39","guid":{"rendered":"https:\/\/kulturonline.tv\/?p=92495"},"modified":"2024-06-30T19:17:54","modified_gmt":"2024-06-30T17:17:54","slug":"serbische-polizei-stoppt-kosovo-kulturfestival","status":"publish","type":"post","link":"https:\/\/kulturonline.tv\/de\/serbische-polizei-stoppt-kosovo-kulturfestival\/","title":{"rendered":"Serbische Polizei stoppt Kosovo-Kulturfestival"},"content":{"rendered":"\n<p>In einem kontroversen Schritt hat die serbische Polizei ein Kulturfestival in Belgrad verboten, an dem auch K\u00fcnstler aus dem Kosovo teilnehmen sollten. Offiziell begr\u00fcndet wurde die Absage mit Sicherheitsbedenken.<\/p>\n\n\n\n<figure class=\"wp-block-image size-full is-resized\"><img fetchpriority=\"high\" decoding=\"async\" width=\"800\" height=\"450\" src=\"https:\/\/kulturonline.tv\/wp-content\/uploads\/2024\/06\/Serbische-Polizei-edited.jpg\" alt=\"\" class=\"wp-image-92498\" style=\"width:840px;height:auto\" srcset=\"https:\/\/kulturonline.tv\/wp-content\/uploads\/2024\/06\/Serbische-Polizei-edited.jpg 800w, https:\/\/kulturonline.tv\/wp-content\/uploads\/2024\/06\/Serbische-Polizei-edited-768x432.jpg 768w\" sizes=\"(max-width: 800px) 100vw, 800px\" \/><\/figure>\n\n\n\n<p>\u00a9 Bild: Boksi, CC BY-SA 3.0 <a href=\"https:\/\/creativecommons.org\/licenses\/by-sa\/3.0\">https:\/\/creativecommons.org\/licenses\/by-sa\/3.0<\/a>, via Wikimedia Commons<\/p>\n\n\n\n<p>Das Festival &#8222;Mirdita, dobar dan&#8220; (&#8222;Mirdita, ein guter Tag&#8220;) sollte am 1. Juli beginnen und mit einem Theaterst\u00fcck aus dem Kosovo er\u00f6ffnet werden. Serbische Regierungsvertreter hatten die Veranstaltung im Vorfeld als &#8222;antiserbisch&#8220; bezeichnet und Stimmung gegen die Teilnahme von K\u00fcnstlern aus dem Kosovo gemacht.<\/p>\n\n\n\n<p>Liberale Gruppen und Kulturschaffende in Serbien haben das Verbot des Festivals scharf kritisiert. Sie sehen darin einen R\u00fcckschlag f\u00fcr die Bem\u00fchungen um Vers\u00f6hnung und Dialog zwischen Serbien und Kosovo, die nach dem Krieg im Jahr 1999 immer noch angespannt sind.<\/p>\n\n\n\n<p>Das Festival &#8222;Mirdita, dobar dan&#8220; findet seit zehn Jahren abwechselnd in Serbien und im Kosovo statt und hat sich zu einer wichtigen Plattform f\u00fcr kulturellen Austausch und Begegnung zwischen Menschen aus beiden L\u00e4ndern entwickelt. Die Organisatoren des Festivals hatten sich in diesem Jahr bewusst f\u00fcr Belgrad als Austragungsort entschieden, um ein Zeichen f\u00fcr die \u00dcberwindung der Vergangenheit zu setzen.<\/p>\n\n\n\n<p>Das Verbot des Festivals durch die serbische Polizei d\u00fcrfte die Spannungen zwischen Serbien und Kosovo weiter versch\u00e4rfen. Es ist ein weiterer Tiefpunkt in den Beziehungen zwischen beiden L\u00e4ndern, die seit der Unabh\u00e4ngigkeit des Kosovos im Jahr 2008 von zahlreichen Konflikten und Streitigkeiten gepr\u00e4gt sind.<\/p>\n\n\n\n<h2 class=\"wp-block-heading\">Hintergr\u00fcnde<\/h2>\n\n\n\n<p>Der Kosovo-Krieg fand zwischen 1998 und 1999 statt und war ein bewaffneter Konflikt zwischen serbischen Sicherheitskr\u00e4ften und albanischen Separatisten im Kosovo.<br>Der Krieg endete mit einem NATO-Bombenangriff auf Serbien und dem R\u00fcckzug serbischer Truppen aus dem Kosovo.<br>Das Kosovo wurde 2008 unabh\u00e4ngig, Serbien erkennt die Unabh\u00e4ngigkeit jedoch bis heute nicht an.<br>Die Beziehungen zwischen Serbien und Kosovo sind weiterhin angespannt und von gegenseitigen Anschuldigungen und Misstrauen gepr\u00e4gt.<br><\/p>\n\n\n\n<p>Kultur Online TV-FM<\/p>\n\n\n\n<p>#news #kultur<\/p>\n","protected":false},"excerpt":{"rendered":"<p>In einem kontroversen Schritt hat die serbische Polizei ein Kulturfestival in Belgrad verboten, an dem auch K\u00fcnstler aus dem Kosovo teilnehmen sollten. Offiziell begr\u00fcndet wurde die Absage mit Sicherheitsbedenken. \u00a9 Bild: Boksi, CC BY-SA 3.0 https:\/\/creativecommons.org\/licenses\/by-sa\/3.0, via Wikimedia Commons Das Festival &#8222;Mirdita, dobar dan&#8220; (&#8222;Mirdita, ein guter Tag&#8220;) sollte am 1. Juli beginnen und mit [&hellip;]<\/p>\n","protected":false},"author":2,"featured_media":92498,"comment_status":"open","ping_status":"closed","sticky":false,"template":"","format":"standard","meta":{"_acf_changed":false,"footnotes":""},"categories":[533],"tags":[],"class_list":["post-92495","post","type-post","status-publish","format-standard","has-post-thumbnail","hentry","category-kultur-online-fm-themenbeitraege-stories"],"acf":[],"yoast_head":"<!-- This site is optimized with the Yoast SEO plugin v26.1.1 - https:\/\/yoast.com\/wordpress\/plugins\/seo\/ -->\n<title>Serbische Polizei stoppt Kosovo-Kulturfestival - Kultur Online TV &amp; FM<\/title>\n<meta name=\"description\" content=\"In einem kontroversen Schritt hat die serbische Polizei ein Kulturfestival in Belgrad verboten, an dem auch K\u00fcnstler aus dem Kosovo teilnehmen sollten.\" \/>\n<meta name=\"robots\" content=\"index, follow, max-snippet:-1, max-image-preview:large, max-video-preview:-1\" \/>\n<link rel=\"canonical\" href=\"https:\/\/kulturonline.tv\/de\/serbische-polizei-stoppt-kosovo-kulturfestival\/\" \/>\n<meta property=\"og:locale\" content=\"de_DE\" \/>\n<meta property=\"og:type\" content=\"article\" \/>\n<meta property=\"og:title\" content=\"Serbische Polizei stoppt Kosovo-Kulturfestival - Kultur Online TV &amp; FM\" \/>\n<meta property=\"og:description\" content=\"In einem kontroversen Schritt hat die serbische Polizei ein Kulturfestival in Belgrad verboten, an dem auch K\u00fcnstler aus dem Kosovo teilnehmen sollten.\" \/>\n<meta property=\"og:url\" content=\"https:\/\/kulturonline.tv\/de\/serbische-polizei-stoppt-kosovo-kulturfestival\/\" \/>\n<meta property=\"og:site_name\" content=\"Kultur Online TV &amp; FM\" \/>\n<meta property=\"article:publisher\" content=\"https:\/\/www.facebook.com\/kulturonline.tv\" \/>\n<meta property=\"article:published_time\" content=\"2024-06-30T17:17:39+00:00\" \/>\n<meta property=\"article:modified_time\" content=\"2024-06-30T17:17:54+00:00\" \/>\n<meta property=\"og:image\" content=\"https:\/\/kulturonline.tv\/wp-content\/uploads\/2024\/06\/Serbische-Polizei-edited.jpg\" \/>\n\t<meta property=\"og:image:width\" content=\"800\" \/>\n\t<meta property=\"og:image:height\" content=\"450\" \/>\n\t<meta property=\"og:image:type\" content=\"image\/jpeg\" \/>\n<meta name=\"author\" content=\"guenter.wolfgang\" \/>\n<meta name=\"twitter:card\" content=\"summary_large_image\" \/>\n<meta name=\"twitter:label1\" content=\"Verfasst von\" \/>\n\t<meta name=\"twitter:data1\" content=\"guenter.wolfgang\" \/>\n\t<meta name=\"twitter:label2\" content=\"Gesch\u00e4tzte Lesezeit\" \/>\n\t<meta name=\"twitter:data2\" content=\"2\u00a0Minuten\" \/>\n<script type=\"application\/ld+json\" class=\"yoast-schema-graph\">{\"@context\":\"https:\/\/schema.org\",\"@graph\":[{\"@type\":\"Article\",\"@id\":\"https:\/\/kulturonline.tv\/de\/serbische-polizei-stoppt-kosovo-kulturfestival\/#article\",\"isPartOf\":{\"@id\":\"https:\/\/kulturonline.tv\/de\/serbische-polizei-stoppt-kosovo-kulturfestival\/\"},\"author\":{\"name\":\"guenter.wolfgang\",\"@id\":\"https:\/\/kulturonline.tv\/de\/#\/schema\/person\/b0fac729bb9a0c193fb1df23449df4fe\"},\"headline\":\"Serbische Polizei stoppt Kosovo-Kulturfestival\",\"datePublished\":\"2024-06-30T17:17:39+00:00\",\"dateModified\":\"2024-06-30T17:17:54+00:00\",\"mainEntityOfPage\":{\"@id\":\"https:\/\/kulturonline.tv\/de\/serbische-polizei-stoppt-kosovo-kulturfestival\/\"},\"wordCount\":323,\"commentCount\":0,\"publisher\":{\"@id\":\"https:\/\/kulturonline.tv\/de\/#organization\"},\"image\":{\"@id\":\"https:\/\/kulturonline.tv\/de\/serbische-polizei-stoppt-kosovo-kulturfestival\/#primaryimage\"},\"thumbnailUrl\":\"https:\/\/kulturonline.tv\/wp-content\/uploads\/2024\/06\/Serbische-Polizei-edited.jpg\",\"articleSection\":[\"Kultur Online FM Themenbeitr\u00e4ge-Stories\"],\"inLanguage\":\"de\",\"potentialAction\":[{\"@type\":\"CommentAction\",\"name\":\"Comment\",\"target\":[\"https:\/\/kulturonline.tv\/de\/serbische-polizei-stoppt-kosovo-kulturfestival\/#respond\"]}]},{\"@type\":\"WebPage\",\"@id\":\"https:\/\/kulturonline.tv\/de\/serbische-polizei-stoppt-kosovo-kulturfestival\/\",\"url\":\"https:\/\/kulturonline.tv\/de\/serbische-polizei-stoppt-kosovo-kulturfestival\/\",\"name\":\"Serbische Polizei stoppt Kosovo-Kulturfestival - Kultur Online TV &amp; FM\",\"isPartOf\":{\"@id\":\"https:\/\/kulturonline.tv\/de\/#website\"},\"primaryImageOfPage\":{\"@id\":\"https:\/\/kulturonline.tv\/de\/serbische-polizei-stoppt-kosovo-kulturfestival\/#primaryimage\"},\"image\":{\"@id\":\"https:\/\/kulturonline.tv\/de\/serbische-polizei-stoppt-kosovo-kulturfestival\/#primaryimage\"},\"thumbnailUrl\":\"https:\/\/kulturonline.tv\/wp-content\/uploads\/2024\/06\/Serbische-Polizei-edited.jpg\",\"datePublished\":\"2024-06-30T17:17:39+00:00\",\"dateModified\":\"2024-06-30T17:17:54+00:00\",\"description\":\"In einem kontroversen Schritt hat die serbische Polizei ein Kulturfestival in Belgrad verboten, an dem auch K\u00fcnstler aus dem Kosovo teilnehmen sollten.\",\"breadcrumb\":{\"@id\":\"https:\/\/kulturonline.tv\/de\/serbische-polizei-stoppt-kosovo-kulturfestival\/#breadcrumb\"},\"inLanguage\":\"de\",\"potentialAction\":[{\"@type\":\"ReadAction\",\"target\":[\"https:\/\/kulturonline.tv\/de\/serbische-polizei-stoppt-kosovo-kulturfestival\/\"]}]},{\"@type\":\"ImageObject\",\"inLanguage\":\"de\",\"@id\":\"https:\/\/kulturonline.tv\/de\/serbische-polizei-stoppt-kosovo-kulturfestival\/#primaryimage\",\"url\":\"https:\/\/kulturonline.tv\/wp-content\/uploads\/2024\/06\/Serbische-Polizei-edited.jpg\",\"contentUrl\":\"https:\/\/kulturonline.tv\/wp-content\/uploads\/2024\/06\/Serbische-Polizei-edited.jpg\",\"width\":800,\"height\":450},{\"@type\":\"BreadcrumbList\",\"@id\":\"https:\/\/kulturonline.tv\/de\/serbische-polizei-stoppt-kosovo-kulturfestival\/#breadcrumb\",\"itemListElement\":[{\"@type\":\"ListItem\",\"position\":1,\"name\":\"Startseite\",\"item\":\"https:\/\/kulturonline.tv\/de\/\"},{\"@type\":\"ListItem\",\"position\":2,\"name\":\"Serbische Polizei stoppt Kosovo-Kulturfestival\"}]},{\"@type\":\"WebSite\",\"@id\":\"https:\/\/kulturonline.tv\/de\/#website\",\"url\":\"https:\/\/kulturonline.tv\/de\/\",\"name\":\"Kultur Online TV &amp; FM\",\"description\":\"Wir sind Kultur 2.0 zum sehen &amp; h\u00f6ren\",\"publisher\":{\"@id\":\"https:\/\/kulturonline.tv\/de\/#organization\"},\"potentialAction\":[{\"@type\":\"SearchAction\",\"target\":{\"@type\":\"EntryPoint\",\"urlTemplate\":\"https:\/\/kulturonline.tv\/de\/?s={search_term_string}\"},\"query-input\":{\"@type\":\"PropertyValueSpecification\",\"valueRequired\":true,\"valueName\":\"search_term_string\"}}],\"inLanguage\":\"de\"},{\"@type\":\"Organization\",\"@id\":\"https:\/\/kulturonline.tv\/de\/#organization\",\"name\":\"Kultur Online TV\",\"url\":\"https:\/\/kulturonline.tv\/de\/\",\"logo\":{\"@type\":\"ImageObject\",\"inLanguage\":\"de\",\"@id\":\"https:\/\/kulturonline.tv\/de\/#\/schema\/logo\/image\/\",\"url\":\"https:\/\/kulturonline.tv\/wp-content\/uploads\/2021\/08\/Kultur-Online-Tv-Logo-Endversion-neu.png\",\"contentUrl\":\"https:\/\/kulturonline.tv\/wp-content\/uploads\/2021\/08\/Kultur-Online-Tv-Logo-Endversion-neu.png\",\"width\":200,\"height\":200,\"caption\":\"Kultur Online TV\"},\"image\":{\"@id\":\"https:\/\/kulturonline.tv\/de\/#\/schema\/logo\/image\/\"},\"sameAs\":[\"https:\/\/www.facebook.com\/kulturonline.tv\",\"https:\/\/www.instagram.com\/kulturonline.tv\"]},{\"@type\":\"Person\",\"@id\":\"https:\/\/kulturonline.tv\/de\/#\/schema\/person\/b0fac729bb9a0c193fb1df23449df4fe\",\"name\":\"guenter.wolfgang\"}]}<\/script>\n<!-- \/ Yoast SEO plugin. -->","yoast_head_json":{"title":"Serbische Polizei stoppt Kosovo-Kulturfestival - Kultur Online TV &amp; FM","description":"In einem kontroversen Schritt hat die serbische Polizei ein Kulturfestival in Belgrad verboten, an dem auch K\u00fcnstler aus dem Kosovo teilnehmen sollten.","robots":{"index":"index","follow":"follow","max-snippet":"max-snippet:-1","max-image-preview":"max-image-preview:large","max-video-preview":"max-video-preview:-1"},"canonical":"https:\/\/kulturonline.tv\/de\/serbische-polizei-stoppt-kosovo-kulturfestival\/","og_locale":"de_DE","og_type":"article","og_title":"Serbische Polizei stoppt Kosovo-Kulturfestival - Kultur Online TV &amp; FM","og_description":"In einem kontroversen Schritt hat die serbische Polizei ein Kulturfestival in Belgrad verboten, an dem auch K\u00fcnstler aus dem Kosovo teilnehmen sollten.","og_url":"https:\/\/kulturonline.tv\/de\/serbische-polizei-stoppt-kosovo-kulturfestival\/","og_site_name":"Kultur Online TV &amp; FM","article_publisher":"https:\/\/www.facebook.com\/kulturonline.tv","article_published_time":"2024-06-30T17:17:39+00:00","article_modified_time":"2024-06-30T17:17:54+00:00","og_image":[{"width":800,"height":450,"url":"https:\/\/kulturonline.tv\/wp-content\/uploads\/2024\/06\/Serbische-Polizei-edited.jpg","type":"image\/jpeg"}],"author":"guenter.wolfgang","twitter_card":"summary_large_image","twitter_misc":{"Verfasst von":"guenter.wolfgang","Gesch\u00e4tzte Lesezeit":"2\u00a0Minuten"},"schema":{"@context":"https:\/\/schema.org","@graph":[{"@type":"Article","@id":"https:\/\/kulturonline.tv\/de\/serbische-polizei-stoppt-kosovo-kulturfestival\/#article","isPartOf":{"@id":"https:\/\/kulturonline.tv\/de\/serbische-polizei-stoppt-kosovo-kulturfestival\/"},"author":{"name":"guenter.wolfgang","@id":"https:\/\/kulturonline.tv\/de\/#\/schema\/person\/b0fac729bb9a0c193fb1df23449df4fe"},"headline":"Serbische Polizei stoppt Kosovo-Kulturfestival","datePublished":"2024-06-30T17:17:39+00:00","dateModified":"2024-06-30T17:17:54+00:00","mainEntityOfPage":{"@id":"https:\/\/kulturonline.tv\/de\/serbische-polizei-stoppt-kosovo-kulturfestival\/"},"wordCount":323,"commentCount":0,"publisher":{"@id":"https:\/\/kulturonline.tv\/de\/#organization"},"image":{"@id":"https:\/\/kulturonline.tv\/de\/serbische-polizei-stoppt-kosovo-kulturfestival\/#primaryimage"},"thumbnailUrl":"https:\/\/kulturonline.tv\/wp-content\/uploads\/2024\/06\/Serbische-Polizei-edited.jpg","articleSection":["Kultur Online FM Themenbeitr\u00e4ge-Stories"],"inLanguage":"de","potentialAction":[{"@type":"CommentAction","name":"Comment","target":["https:\/\/kulturonline.tv\/de\/serbische-polizei-stoppt-kosovo-kulturfestival\/#respond"]}]},{"@type":"WebPage","@id":"https:\/\/kulturonline.tv\/de\/serbische-polizei-stoppt-kosovo-kulturfestival\/","url":"https:\/\/kulturonline.tv\/de\/serbische-polizei-stoppt-kosovo-kulturfestival\/","name":"Serbische Polizei stoppt Kosovo-Kulturfestival - Kultur Online TV &amp; FM","isPartOf":{"@id":"https:\/\/kulturonline.tv\/de\/#website"},"primaryImageOfPage":{"@id":"https:\/\/kulturonline.tv\/de\/serbische-polizei-stoppt-kosovo-kulturfestival\/#primaryimage"},"image":{"@id":"https:\/\/kulturonline.tv\/de\/serbische-polizei-stoppt-kosovo-kulturfestival\/#primaryimage"},"thumbnailUrl":"https:\/\/kulturonline.tv\/wp-content\/uploads\/2024\/06\/Serbische-Polizei-edited.jpg","datePublished":"2024-06-30T17:17:39+00:00","dateModified":"2024-06-30T17:17:54+00:00","description":"In einem kontroversen Schritt hat die serbische Polizei ein Kulturfestival in Belgrad verboten, an dem auch K\u00fcnstler aus dem Kosovo teilnehmen sollten.","breadcrumb":{"@id":"https:\/\/kulturonline.tv\/de\/serbische-polizei-stoppt-kosovo-kulturfestival\/#breadcrumb"},"inLanguage":"de","potentialAction":[{"@type":"ReadAction","target":["https:\/\/kulturonline.tv\/de\/serbische-polizei-stoppt-kosovo-kulturfestival\/"]}]},{"@type":"ImageObject","inLanguage":"de","@id":"https:\/\/kulturonline.tv\/de\/serbische-polizei-stoppt-kosovo-kulturfestival\/#primaryimage","url":"https:\/\/kulturonline.tv\/wp-content\/uploads\/2024\/06\/Serbische-Polizei-edited.jpg","contentUrl":"https:\/\/kulturonline.tv\/wp-content\/uploads\/2024\/06\/Serbische-Polizei-edited.jpg","width":800,"height":450},{"@type":"BreadcrumbList","@id":"https:\/\/kulturonline.tv\/de\/serbische-polizei-stoppt-kosovo-kulturfestival\/#breadcrumb","itemListElement":[{"@type":"ListItem","position":1,"name":"Startseite","item":"https:\/\/kulturonline.tv\/de\/"},{"@type":"ListItem","position":2,"name":"Serbische Polizei stoppt Kosovo-Kulturfestival"}]},{"@type":"WebSite","@id":"https:\/\/kulturonline.tv\/de\/#website","url":"https:\/\/kulturonline.tv\/de\/","name":"Kultur Online TV &amp; FM","description":"Wir sind Kultur 2.0 zum sehen &amp; h\u00f6ren","publisher":{"@id":"https:\/\/kulturonline.tv\/de\/#organization"},"potentialAction":[{"@type":"SearchAction","target":{"@type":"EntryPoint","urlTemplate":"https:\/\/kulturonline.tv\/de\/?s={search_term_string}"},"query-input":{"@type":"PropertyValueSpecification","valueRequired":true,"valueName":"search_term_string"}}],"inLanguage":"de"},{"@type":"Organization","@id":"https:\/\/kulturonline.tv\/de\/#organization","name":"Kultur Online TV","url":"https:\/\/kulturonline.tv\/de\/","logo":{"@type":"ImageObject","inLanguage":"de","@id":"https:\/\/kulturonline.tv\/de\/#\/schema\/logo\/image\/","url":"https:\/\/kulturonline.tv\/wp-content\/uploads\/2021\/08\/Kultur-Online-Tv-Logo-Endversion-neu.png","contentUrl":"https:\/\/kulturonline.tv\/wp-content\/uploads\/2021\/08\/Kultur-Online-Tv-Logo-Endversion-neu.png","width":200,"height":200,"caption":"Kultur Online TV"},"image":{"@id":"https:\/\/kulturonline.tv\/de\/#\/schema\/logo\/image\/"},"sameAs":["https:\/\/www.facebook.com\/kulturonline.tv","https:\/\/www.instagram.com\/kulturonline.tv"]},{"@type":"Person","@id":"https:\/\/kulturonline.tv\/de\/#\/schema\/person\/b0fac729bb9a0c193fb1df23449df4fe","name":"guenter.wolfgang"}]}},"_links":{"self":[{"href":"https:\/\/kulturonline.tv\/de\/wp-json\/wp\/v2\/posts\/92495","targetHints":{"allow":["GET"]}}],"collection":[{"href":"https:\/\/kulturonline.tv\/de\/wp-json\/wp\/v2\/posts"}],"about":[{"href":"https:\/\/kulturonline.tv\/de\/wp-json\/wp\/v2\/types\/post"}],"author":[{"embeddable":true,"href":"https:\/\/kulturonline.tv\/de\/wp-json\/wp\/v2\/users\/2"}],"replies":[{"embeddable":true,"href":"https:\/\/kulturonline.tv\/de\/wp-json\/wp\/v2\/comments?post=92495"}],"version-history":[{"count":0,"href":"https:\/\/kulturonline.tv\/de\/wp-json\/wp\/v2\/posts\/92495\/revisions"}],"wp:featuredmedia":[{"embeddable":true,"href":"https:\/\/kulturonline.tv\/de\/wp-json\/wp\/v2\/media\/92498"}],"wp:attachment":[{"href":"https:\/\/kulturonline.tv\/de\/wp-json\/wp\/v2\/media?parent=92495"}],"wp:term":[{"taxonomy":"category","embeddable":true,"href":"https:\/\/kulturonline.tv\/de\/wp-json\/wp\/v2\/categories?post=92495"},{"taxonomy":"post_tag","embeddable":true,"href":"https:\/\/kulturonline.tv\/de\/wp-json\/wp\/v2\/tags?post=92495"}],"curies":[{"name":"wp","href":"https:\/\/api.w.org\/{rel}","templated":true}]}}