{"id":92509,"date":"2024-06-30T19:38:25","date_gmt":"2024-06-30T17:38:25","guid":{"rendered":"https:\/\/kulturonline.tv\/?p=92509"},"modified":"2024-06-30T19:39:45","modified_gmt":"2024-06-30T17:39:45","slug":"wohnhaus-von-marilyn-monroe-wird-unter-denkmalschutz-gestellt","status":"publish","type":"post","link":"https:\/\/kulturonline.tv\/de\/wohnhaus-von-marilyn-monroe-wird-unter-denkmalschutz-gestellt\/","title":{"rendered":"VIDEO. Wohnhaus von Marilyn Monroe wird unter Denkmalschutz gestellt"},"content":{"rendered":"\n<p>Der Stadtrat von Los Angeles hat am 26. Juni 2024 einstimmig beschlossen, die Villa im Nobelviertel Brentwood, in der die legend\u00e4re Schauspielerin Marilyn Monroe ihre letzten sechs Monate vor ihrem Tod verbrachte, unter Denkmalschutz zu stellen.<\/p>\n\n\n\n<figure class=\"wp-block-image size-full is-resized\"><img fetchpriority=\"high\" decoding=\"async\" width=\"678\" height=\"381\" src=\"https:\/\/kulturonline.tv\/wp-content\/uploads\/2024\/06\/Marilyn_Monroe_in_Gentlemen_Prefer_Blondes_trailer-edited.jpg\" alt=\"\" class=\"wp-image-92512\" style=\"width:840px;height:auto\"\/><\/figure>\n\n\n\n<h6 class=\"wp-block-heading\">\u00a9Bild:https:\/\/upload.wikimedia.org\/wikipedia\/commons\/2\/28\/Marilyn_Monroe_in_Gentlemen_Prefer_Blondes_trailer.jpg<\/h6>\n\n\n\n<p>Damit wird verhindert, dass die 270 Quadratmeter gro\u00dfe Hacienda im kalifornischen Stil abgerissen und durch einen Neubau ersetzt wird. Urspr\u00fcnglich hatten die neuen Besitzer genau dies vor, stie\u00dfen jedoch auf den Widerstand von Monroe-Fans und Denkmalsch\u00fctzern.<\/p>\n\n\n\n<p>Ein Ort von historischer Bedeutung: &#8222;Es gibt in ganz Los Angeles keinen anderen Ort, der so ikonisch ist wie Marilyns Haus&#8220;, erkl\u00e4rte Stadtratsmitglied Traci Park, die sich f\u00fcr den Denkmalschutz stark gemacht hatte. &#8222;Hier lebte und starb eine Ikone, und dieses Haus ist ein wichtiger Teil ihrer Geschichte und der Geschichte unserer Stadt.&#8220;<\/p>\n\n\n\n<figure class=\"wp-block-embed is-type-video is-provider-youtube wp-block-embed-youtube wp-embed-aspect-16-9 wp-has-aspect-ratio\"><div class=\"wp-block-embed__wrapper\">\n<iframe title=\"The Last Home of Marilyn Monroe on Fifth Helena Drive in Brentwood\" width=\"800\" height=\"450\" src=\"https:\/\/www.youtube.com\/embed\/Tz3QIn48jLY?feature=oembed\" frameborder=\"0\" allow=\"accelerometer; autoplay; clipboard-write; encrypted-media; gyroscope; picture-in-picture; web-share\" referrerpolicy=\"strict-origin-when-cross-origin\" allowfullscreen><\/iframe>\n<\/div><\/figure>\n\n\n\n<p>Erinnerung an eine Ikone: Monroe hatte die Villa im Jahr 1962 gekauft und dort bis zu ihrem tragischen Tod im August desselben Jahres gelebt. Das Haus, das f\u00fcr viele Fans zu einem Pilgerort geworden ist, steht nun als Zeugnis ihres Lebens und Wirkens unter Schutz.<\/p>\n\n\n\n<p>Ein Sieg f\u00fcr den Denkmalschutz: Die Entscheidung des Stadtrats ist ein Erfolg f\u00fcr die Bem\u00fchungen, die kulturelle und historische Bedeutung von Geb\u00e4uden in Los Angeles zu bewahren. Sie zeigt auch die anhaltende Faszination, die Marilyn Monroe auf Menschen weltweit aus\u00fcbt.<\/p>\n\n\n\n<p>Kultur Online TV-FM<\/p>\n\n\n\n<p>#news #film<\/p>\n","protected":false},"excerpt":{"rendered":"<p>Der Stadtrat von Los Angeles hat am 26. Juni 2024 einstimmig beschlossen, die Villa im Nobelviertel Brentwood, in der die legend\u00e4re Schauspielerin Marilyn Monroe ihre letzten sechs Monate vor ihrem Tod verbrachte, unter Denkmalschutz zu stellen. \u00a9Bild:https:\/\/upload.wikimedia.org\/wikipedia\/commons\/2\/28\/Marilyn_Monroe_in_Gentlemen_Prefer_Blondes_trailer.jpg Damit wird verhindert, dass die 270 Quadratmeter gro\u00dfe Hacienda im kalifornischen Stil abgerissen und durch einen Neubau ersetzt [&hellip;]<\/p>\n","protected":false},"author":2,"featured_media":92512,"comment_status":"open","ping_status":"closed","sticky":false,"template":"","format":"standard","meta":{"_acf_changed":false,"footnotes":""},"categories":[3],"tags":[],"class_list":["post-92509","post","type-post","status-publish","format-standard","has-post-thumbnail","hentry","category-newsflash"],"acf":[],"yoast_head":"<!-- This site is optimized with the Yoast SEO plugin v26.1.1 - https:\/\/yoast.com\/wordpress\/plugins\/seo\/ -->\n<title>VIDEO. Wohnhaus von Marilyn Monroe wird unter Denkmalschutz gestellt - Kultur Online TV &amp; FM<\/title>\n<meta name=\"description\" content=\"Der Stadtrat von Los Angeles hat am 26. Juni 2024 einstimmig beschlossen, die Villa im Nobelviertel Brentwood, in der die legend\u00e4re Schauspielerin Marilyn Monroe ihre letzten sechs Monate vor ihrem Tod verbrachte, unter Denkmalschutz zu stellen.\" \/>\n<meta name=\"robots\" content=\"index, follow, max-snippet:-1, max-image-preview:large, max-video-preview:-1\" \/>\n<link rel=\"canonical\" href=\"https:\/\/kulturonline.tv\/de\/wohnhaus-von-marilyn-monroe-wird-unter-denkmalschutz-gestellt\/\" \/>\n<meta property=\"og:locale\" content=\"de_DE\" \/>\n<meta property=\"og:type\" content=\"article\" \/>\n<meta property=\"og:title\" content=\"VIDEO. Wohnhaus von Marilyn Monroe wird unter Denkmalschutz gestellt - Kultur Online TV &amp; FM\" \/>\n<meta property=\"og:description\" content=\"Der Stadtrat von Los Angeles hat am 26. Juni 2024 einstimmig beschlossen, die Villa im Nobelviertel Brentwood, in der die legend\u00e4re Schauspielerin Marilyn Monroe ihre letzten sechs Monate vor ihrem Tod verbrachte, unter Denkmalschutz zu stellen.\" \/>\n<meta property=\"og:url\" content=\"https:\/\/kulturonline.tv\/de\/wohnhaus-von-marilyn-monroe-wird-unter-denkmalschutz-gestellt\/\" \/>\n<meta property=\"og:site_name\" content=\"Kultur Online TV &amp; FM\" \/>\n<meta property=\"article:publisher\" content=\"https:\/\/www.facebook.com\/kulturonline.tv\" \/>\n<meta property=\"article:published_time\" content=\"2024-06-30T17:38:25+00:00\" \/>\n<meta property=\"article:modified_time\" content=\"2024-06-30T17:39:45+00:00\" \/>\n<meta property=\"og:image\" content=\"https:\/\/kulturonline.tv\/wp-content\/uploads\/2024\/06\/Marilyn_Monroe_in_Gentlemen_Prefer_Blondes_trailer-edited.jpg\" \/>\n\t<meta property=\"og:image:width\" content=\"678\" \/>\n\t<meta property=\"og:image:height\" content=\"381\" \/>\n\t<meta property=\"og:image:type\" content=\"image\/jpeg\" \/>\n<meta name=\"author\" content=\"guenter.wolfgang\" \/>\n<meta name=\"twitter:card\" content=\"summary_large_image\" \/>\n<meta name=\"twitter:label1\" content=\"Verfasst von\" \/>\n\t<meta name=\"twitter:data1\" content=\"guenter.wolfgang\" \/>\n\t<meta name=\"twitter:label2\" content=\"Gesch\u00e4tzte Lesezeit\" \/>\n\t<meta name=\"twitter:data2\" content=\"1\u00a0Minute\" \/>\n<script type=\"application\/ld+json\" class=\"yoast-schema-graph\">{\"@context\":\"https:\/\/schema.org\",\"@graph\":[{\"@type\":\"Article\",\"@id\":\"https:\/\/kulturonline.tv\/de\/wohnhaus-von-marilyn-monroe-wird-unter-denkmalschutz-gestellt\/#article\",\"isPartOf\":{\"@id\":\"https:\/\/kulturonline.tv\/de\/wohnhaus-von-marilyn-monroe-wird-unter-denkmalschutz-gestellt\/\"},\"author\":{\"name\":\"guenter.wolfgang\",\"@id\":\"https:\/\/kulturonline.tv\/de\/#\/schema\/person\/b0fac729bb9a0c193fb1df23449df4fe\"},\"headline\":\"VIDEO. Wohnhaus von Marilyn Monroe wird unter Denkmalschutz gestellt\",\"datePublished\":\"2024-06-30T17:38:25+00:00\",\"dateModified\":\"2024-06-30T17:39:45+00:00\",\"mainEntityOfPage\":{\"@id\":\"https:\/\/kulturonline.tv\/de\/wohnhaus-von-marilyn-monroe-wird-unter-denkmalschutz-gestellt\/\"},\"wordCount\":257,\"commentCount\":1,\"publisher\":{\"@id\":\"https:\/\/kulturonline.tv\/de\/#organization\"},\"image\":{\"@id\":\"https:\/\/kulturonline.tv\/de\/wohnhaus-von-marilyn-monroe-wird-unter-denkmalschutz-gestellt\/#primaryimage\"},\"thumbnailUrl\":\"https:\/\/kulturonline.tv\/wp-content\/uploads\/2024\/06\/Marilyn_Monroe_in_Gentlemen_Prefer_Blondes_trailer-edited.jpg\",\"articleSection\":[\"Newsflash\"],\"inLanguage\":\"de\",\"potentialAction\":[{\"@type\":\"CommentAction\",\"name\":\"Comment\",\"target\":[\"https:\/\/kulturonline.tv\/de\/wohnhaus-von-marilyn-monroe-wird-unter-denkmalschutz-gestellt\/#respond\"]}]},{\"@type\":\"WebPage\",\"@id\":\"https:\/\/kulturonline.tv\/de\/wohnhaus-von-marilyn-monroe-wird-unter-denkmalschutz-gestellt\/\",\"url\":\"https:\/\/kulturonline.tv\/de\/wohnhaus-von-marilyn-monroe-wird-unter-denkmalschutz-gestellt\/\",\"name\":\"VIDEO. Wohnhaus von Marilyn Monroe wird unter Denkmalschutz gestellt - Kultur Online TV &amp; FM\",\"isPartOf\":{\"@id\":\"https:\/\/kulturonline.tv\/de\/#website\"},\"primaryImageOfPage\":{\"@id\":\"https:\/\/kulturonline.tv\/de\/wohnhaus-von-marilyn-monroe-wird-unter-denkmalschutz-gestellt\/#primaryimage\"},\"image\":{\"@id\":\"https:\/\/kulturonline.tv\/de\/wohnhaus-von-marilyn-monroe-wird-unter-denkmalschutz-gestellt\/#primaryimage\"},\"thumbnailUrl\":\"https:\/\/kulturonline.tv\/wp-content\/uploads\/2024\/06\/Marilyn_Monroe_in_Gentlemen_Prefer_Blondes_trailer-edited.jpg\",\"datePublished\":\"2024-06-30T17:38:25+00:00\",\"dateModified\":\"2024-06-30T17:39:45+00:00\",\"description\":\"Der Stadtrat von Los Angeles hat am 26. Juni 2024 einstimmig beschlossen, die Villa im Nobelviertel Brentwood, in der die legend\u00e4re Schauspielerin Marilyn Monroe ihre letzten sechs Monate vor ihrem Tod verbrachte, unter Denkmalschutz zu stellen.\",\"breadcrumb\":{\"@id\":\"https:\/\/kulturonline.tv\/de\/wohnhaus-von-marilyn-monroe-wird-unter-denkmalschutz-gestellt\/#breadcrumb\"},\"inLanguage\":\"de\",\"potentialAction\":[{\"@type\":\"ReadAction\",\"target\":[\"https:\/\/kulturonline.tv\/de\/wohnhaus-von-marilyn-monroe-wird-unter-denkmalschutz-gestellt\/\"]}]},{\"@type\":\"ImageObject\",\"inLanguage\":\"de\",\"@id\":\"https:\/\/kulturonline.tv\/de\/wohnhaus-von-marilyn-monroe-wird-unter-denkmalschutz-gestellt\/#primaryimage\",\"url\":\"https:\/\/kulturonline.tv\/wp-content\/uploads\/2024\/06\/Marilyn_Monroe_in_Gentlemen_Prefer_Blondes_trailer-edited.jpg\",\"contentUrl\":\"https:\/\/kulturonline.tv\/wp-content\/uploads\/2024\/06\/Marilyn_Monroe_in_Gentlemen_Prefer_Blondes_trailer-edited.jpg\",\"width\":678,\"height\":381},{\"@type\":\"BreadcrumbList\",\"@id\":\"https:\/\/kulturonline.tv\/de\/wohnhaus-von-marilyn-monroe-wird-unter-denkmalschutz-gestellt\/#breadcrumb\",\"itemListElement\":[{\"@type\":\"ListItem\",\"position\":1,\"name\":\"Startseite\",\"item\":\"https:\/\/kulturonline.tv\/de\/\"},{\"@type\":\"ListItem\",\"position\":2,\"name\":\"VIDEO. Wohnhaus von Marilyn Monroe wird unter Denkmalschutz gestellt\"}]},{\"@type\":\"WebSite\",\"@id\":\"https:\/\/kulturonline.tv\/de\/#website\",\"url\":\"https:\/\/kulturonline.tv\/de\/\",\"name\":\"Kultur Online TV &amp; FM\",\"description\":\"Wir sind Kultur 2.0 zum sehen &amp; h\u00f6ren\",\"publisher\":{\"@id\":\"https:\/\/kulturonline.tv\/de\/#organization\"},\"potentialAction\":[{\"@type\":\"SearchAction\",\"target\":{\"@type\":\"EntryPoint\",\"urlTemplate\":\"https:\/\/kulturonline.tv\/de\/?s={search_term_string}\"},\"query-input\":{\"@type\":\"PropertyValueSpecification\",\"valueRequired\":true,\"valueName\":\"search_term_string\"}}],\"inLanguage\":\"de\"},{\"@type\":\"Organization\",\"@id\":\"https:\/\/kulturonline.tv\/de\/#organization\",\"name\":\"Kultur Online TV\",\"url\":\"https:\/\/kulturonline.tv\/de\/\",\"logo\":{\"@type\":\"ImageObject\",\"inLanguage\":\"de\",\"@id\":\"https:\/\/kulturonline.tv\/de\/#\/schema\/logo\/image\/\",\"url\":\"https:\/\/kulturonline.tv\/wp-content\/uploads\/2021\/08\/Kultur-Online-Tv-Logo-Endversion-neu.png\",\"contentUrl\":\"https:\/\/kulturonline.tv\/wp-content\/uploads\/2021\/08\/Kultur-Online-Tv-Logo-Endversion-neu.png\",\"width\":200,\"height\":200,\"caption\":\"Kultur Online TV\"},\"image\":{\"@id\":\"https:\/\/kulturonline.tv\/de\/#\/schema\/logo\/image\/\"},\"sameAs\":[\"https:\/\/www.facebook.com\/kulturonline.tv\",\"https:\/\/www.instagram.com\/kulturonline.tv\"]},{\"@type\":\"Person\",\"@id\":\"https:\/\/kulturonline.tv\/de\/#\/schema\/person\/b0fac729bb9a0c193fb1df23449df4fe\",\"name\":\"guenter.wolfgang\"}]}<\/script>\n<!-- \/ Yoast SEO plugin. -->","yoast_head_json":{"title":"VIDEO. Wohnhaus von Marilyn Monroe wird unter Denkmalschutz gestellt - Kultur Online TV &amp; FM","description":"Der Stadtrat von Los Angeles hat am 26. Juni 2024 einstimmig beschlossen, die Villa im Nobelviertel Brentwood, in der die legend\u00e4re Schauspielerin Marilyn Monroe ihre letzten sechs Monate vor ihrem Tod verbrachte, unter Denkmalschutz zu stellen.","robots":{"index":"index","follow":"follow","max-snippet":"max-snippet:-1","max-image-preview":"max-image-preview:large","max-video-preview":"max-video-preview:-1"},"canonical":"https:\/\/kulturonline.tv\/de\/wohnhaus-von-marilyn-monroe-wird-unter-denkmalschutz-gestellt\/","og_locale":"de_DE","og_type":"article","og_title":"VIDEO. Wohnhaus von Marilyn Monroe wird unter Denkmalschutz gestellt - Kultur Online TV &amp; FM","og_description":"Der Stadtrat von Los Angeles hat am 26. Juni 2024 einstimmig beschlossen, die Villa im Nobelviertel Brentwood, in der die legend\u00e4re Schauspielerin Marilyn Monroe ihre letzten sechs Monate vor ihrem Tod verbrachte, unter Denkmalschutz zu stellen.","og_url":"https:\/\/kulturonline.tv\/de\/wohnhaus-von-marilyn-monroe-wird-unter-denkmalschutz-gestellt\/","og_site_name":"Kultur Online TV &amp; FM","article_publisher":"https:\/\/www.facebook.com\/kulturonline.tv","article_published_time":"2024-06-30T17:38:25+00:00","article_modified_time":"2024-06-30T17:39:45+00:00","og_image":[{"width":678,"height":381,"url":"https:\/\/kulturonline.tv\/wp-content\/uploads\/2024\/06\/Marilyn_Monroe_in_Gentlemen_Prefer_Blondes_trailer-edited.jpg","type":"image\/jpeg"}],"author":"guenter.wolfgang","twitter_card":"summary_large_image","twitter_misc":{"Verfasst von":"guenter.wolfgang","Gesch\u00e4tzte Lesezeit":"1\u00a0Minute"},"schema":{"@context":"https:\/\/schema.org","@graph":[{"@type":"Article","@id":"https:\/\/kulturonline.tv\/de\/wohnhaus-von-marilyn-monroe-wird-unter-denkmalschutz-gestellt\/#article","isPartOf":{"@id":"https:\/\/kulturonline.tv\/de\/wohnhaus-von-marilyn-monroe-wird-unter-denkmalschutz-gestellt\/"},"author":{"name":"guenter.wolfgang","@id":"https:\/\/kulturonline.tv\/de\/#\/schema\/person\/b0fac729bb9a0c193fb1df23449df4fe"},"headline":"VIDEO. Wohnhaus von Marilyn Monroe wird unter Denkmalschutz gestellt","datePublished":"2024-06-30T17:38:25+00:00","dateModified":"2024-06-30T17:39:45+00:00","mainEntityOfPage":{"@id":"https:\/\/kulturonline.tv\/de\/wohnhaus-von-marilyn-monroe-wird-unter-denkmalschutz-gestellt\/"},"wordCount":257,"commentCount":1,"publisher":{"@id":"https:\/\/kulturonline.tv\/de\/#organization"},"image":{"@id":"https:\/\/kulturonline.tv\/de\/wohnhaus-von-marilyn-monroe-wird-unter-denkmalschutz-gestellt\/#primaryimage"},"thumbnailUrl":"https:\/\/kulturonline.tv\/wp-content\/uploads\/2024\/06\/Marilyn_Monroe_in_Gentlemen_Prefer_Blondes_trailer-edited.jpg","articleSection":["Newsflash"],"inLanguage":"de","potentialAction":[{"@type":"CommentAction","name":"Comment","target":["https:\/\/kulturonline.tv\/de\/wohnhaus-von-marilyn-monroe-wird-unter-denkmalschutz-gestellt\/#respond"]}]},{"@type":"WebPage","@id":"https:\/\/kulturonline.tv\/de\/wohnhaus-von-marilyn-monroe-wird-unter-denkmalschutz-gestellt\/","url":"https:\/\/kulturonline.tv\/de\/wohnhaus-von-marilyn-monroe-wird-unter-denkmalschutz-gestellt\/","name":"VIDEO. Wohnhaus von Marilyn Monroe wird unter Denkmalschutz gestellt - Kultur Online TV &amp; FM","isPartOf":{"@id":"https:\/\/kulturonline.tv\/de\/#website"},"primaryImageOfPage":{"@id":"https:\/\/kulturonline.tv\/de\/wohnhaus-von-marilyn-monroe-wird-unter-denkmalschutz-gestellt\/#primaryimage"},"image":{"@id":"https:\/\/kulturonline.tv\/de\/wohnhaus-von-marilyn-monroe-wird-unter-denkmalschutz-gestellt\/#primaryimage"},"thumbnailUrl":"https:\/\/kulturonline.tv\/wp-content\/uploads\/2024\/06\/Marilyn_Monroe_in_Gentlemen_Prefer_Blondes_trailer-edited.jpg","datePublished":"2024-06-30T17:38:25+00:00","dateModified":"2024-06-30T17:39:45+00:00","description":"Der Stadtrat von Los Angeles hat am 26. Juni 2024 einstimmig beschlossen, die Villa im Nobelviertel Brentwood, in der die legend\u00e4re Schauspielerin Marilyn Monroe ihre letzten sechs Monate vor ihrem Tod verbrachte, unter Denkmalschutz zu stellen.","breadcrumb":{"@id":"https:\/\/kulturonline.tv\/de\/wohnhaus-von-marilyn-monroe-wird-unter-denkmalschutz-gestellt\/#breadcrumb"},"inLanguage":"de","potentialAction":[{"@type":"ReadAction","target":["https:\/\/kulturonline.tv\/de\/wohnhaus-von-marilyn-monroe-wird-unter-denkmalschutz-gestellt\/"]}]},{"@type":"ImageObject","inLanguage":"de","@id":"https:\/\/kulturonline.tv\/de\/wohnhaus-von-marilyn-monroe-wird-unter-denkmalschutz-gestellt\/#primaryimage","url":"https:\/\/kulturonline.tv\/wp-content\/uploads\/2024\/06\/Marilyn_Monroe_in_Gentlemen_Prefer_Blondes_trailer-edited.jpg","contentUrl":"https:\/\/kulturonline.tv\/wp-content\/uploads\/2024\/06\/Marilyn_Monroe_in_Gentlemen_Prefer_Blondes_trailer-edited.jpg","width":678,"height":381},{"@type":"BreadcrumbList","@id":"https:\/\/kulturonline.tv\/de\/wohnhaus-von-marilyn-monroe-wird-unter-denkmalschutz-gestellt\/#breadcrumb","itemListElement":[{"@type":"ListItem","position":1,"name":"Startseite","item":"https:\/\/kulturonline.tv\/de\/"},{"@type":"ListItem","position":2,"name":"VIDEO. Wohnhaus von Marilyn Monroe wird unter Denkmalschutz gestellt"}]},{"@type":"WebSite","@id":"https:\/\/kulturonline.tv\/de\/#website","url":"https:\/\/kulturonline.tv\/de\/","name":"Kultur Online TV &amp; FM","description":"Wir sind Kultur 2.0 zum sehen &amp; h\u00f6ren","publisher":{"@id":"https:\/\/kulturonline.tv\/de\/#organization"},"potentialAction":[{"@type":"SearchAction","target":{"@type":"EntryPoint","urlTemplate":"https:\/\/kulturonline.tv\/de\/?s={search_term_string}"},"query-input":{"@type":"PropertyValueSpecification","valueRequired":true,"valueName":"search_term_string"}}],"inLanguage":"de"},{"@type":"Organization","@id":"https:\/\/kulturonline.tv\/de\/#organization","name":"Kultur Online TV","url":"https:\/\/kulturonline.tv\/de\/","logo":{"@type":"ImageObject","inLanguage":"de","@id":"https:\/\/kulturonline.tv\/de\/#\/schema\/logo\/image\/","url":"https:\/\/kulturonline.tv\/wp-content\/uploads\/2021\/08\/Kultur-Online-Tv-Logo-Endversion-neu.png","contentUrl":"https:\/\/kulturonline.tv\/wp-content\/uploads\/2021\/08\/Kultur-Online-Tv-Logo-Endversion-neu.png","width":200,"height":200,"caption":"Kultur Online TV"},"image":{"@id":"https:\/\/kulturonline.tv\/de\/#\/schema\/logo\/image\/"},"sameAs":["https:\/\/www.facebook.com\/kulturonline.tv","https:\/\/www.instagram.com\/kulturonline.tv"]},{"@type":"Person","@id":"https:\/\/kulturonline.tv\/de\/#\/schema\/person\/b0fac729bb9a0c193fb1df23449df4fe","name":"guenter.wolfgang"}]}},"_links":{"self":[{"href":"https:\/\/kulturonline.tv\/de\/wp-json\/wp\/v2\/posts\/92509","targetHints":{"allow":["GET"]}}],"collection":[{"href":"https:\/\/kulturonline.tv\/de\/wp-json\/wp\/v2\/posts"}],"about":[{"href":"https:\/\/kulturonline.tv\/de\/wp-json\/wp\/v2\/types\/post"}],"author":[{"embeddable":true,"href":"https:\/\/kulturonline.tv\/de\/wp-json\/wp\/v2\/users\/2"}],"replies":[{"embeddable":true,"href":"https:\/\/kulturonline.tv\/de\/wp-json\/wp\/v2\/comments?post=92509"}],"version-history":[{"count":0,"href":"https:\/\/kulturonline.tv\/de\/wp-json\/wp\/v2\/posts\/92509\/revisions"}],"wp:featuredmedia":[{"embeddable":true,"href":"https:\/\/kulturonline.tv\/de\/wp-json\/wp\/v2\/media\/92512"}],"wp:attachment":[{"href":"https:\/\/kulturonline.tv\/de\/wp-json\/wp\/v2\/media?parent=92509"}],"wp:term":[{"taxonomy":"category","embeddable":true,"href":"https:\/\/kulturonline.tv\/de\/wp-json\/wp\/v2\/categories?post=92509"},{"taxonomy":"post_tag","embeddable":true,"href":"https:\/\/kulturonline.tv\/de\/wp-json\/wp\/v2\/tags?post=92509"}],"curies":[{"name":"wp","href":"https:\/\/api.w.org\/{rel}","templated":true}]}}