{"id":95515,"date":"2024-07-21T14:43:48","date_gmt":"2024-07-21T12:43:48","guid":{"rendered":"https:\/\/kulturonline.tv\/?p=95515"},"modified":"2026-03-17T13:19:59","modified_gmt":"2026-03-17T12:19:59","slug":"unsere-podcasts","status":"publish","type":"post","link":"https:\/\/kulturonline.tv\/de\/unsere-podcasts\/","title":{"rendered":"Unsere Podcasts"},"content":{"rendered":"\n<p>Neben unserem abwechslungsreichen Radioprogramm bieten wir auch eine Vielzahl von spannenden Podcasts zu den unterschiedlichsten Themenbereichen.<\/p>\n\n\n\n<figure class=\"wp-block-image size-large\"><img fetchpriority=\"high\" decoding=\"async\" width=\"1600\" height=\"901\" src=\"https:\/\/kulturonline.tv\/wp-content\/uploads\/2024\/07\/kultur-online-fm-1600x901.png\" alt=\"\" class=\"wp-image-95516\" srcset=\"https:\/\/kulturonline.tv\/wp-content\/uploads\/2024\/07\/kultur-online-fm-1600x901.png 1600w, https:\/\/kulturonline.tv\/wp-content\/uploads\/2024\/07\/kultur-online-fm-800x451.png 800w, https:\/\/kulturonline.tv\/wp-content\/uploads\/2024\/07\/kultur-online-fm-768x433.png 768w, https:\/\/kulturonline.tv\/wp-content\/uploads\/2024\/07\/kultur-online-fm-1536x865.png 1536w, https:\/\/kulturonline.tv\/wp-content\/uploads\/2024\/07\/kultur-online-fm.png 1640w\" sizes=\"(max-width: 1600px) 100vw, 1600px\" \/><\/figure>\n\n\n\n<p><strong>Unsere Podcast-Highlights:<\/strong><\/p>\n\n\n\n<ul class=\"wp-block-list\">\n<li><strong>Kunst &amp; Kultur:<\/strong> Entdecke die Meisterwerke der Malerei, Musik, Literatur und Architektur.<\/li>\n\n\n\n<li><strong>Geschichte &amp; Gesellschaft:<\/strong> Begeben dich auf eine Zeitreise durch die Epochen und erfahren mehr \u00fcber aktuelle Ereignisse und gesellschaftliche Entwicklungen.<\/li>\n\n\n\n<li><strong>Philosophie &amp; Religion:<\/strong> Erkunde die gro\u00dfen Fragen des Lebens, des Universums und des Seins.<\/li>\n\n\n\n<li><strong>Literatur &amp; Film:<\/strong> Lassen dich von den Geschichten und Charakteren Ihrer Lieblingsb\u00fccher und Filme fesseln.<\/li>\n<\/ul>\n\n\n\n<p>Mit unseren Podcasts bist du immer auf dem Laufenden und erf\u00e4hrst Wissenswertes und Unterhaltsames aus der Welt der Kultur. und allgemeinen Gesellschaftsthemen.<\/p>\n\n\n\n<p>Viel Spa\u00df beim H\u00f6ren!<\/p>\n\n\n\n<p>Kultur Online TV-FM<\/p>\n","protected":false},"excerpt":{"rendered":"<p>Neben unserem abwechslungsreichen Radioprogramm bieten wir auch eine Vielzahl von spannenden Podcasts zu den unterschiedlichsten Themenbereichen. Unsere Podcast-Highlights: Mit unseren Podcasts bist du immer auf dem Laufenden und erf\u00e4hrst Wissenswertes und Unterhaltsames aus der Welt der Kultur. und allgemeinen Gesellschaftsthemen. Viel Spa\u00df beim H\u00f6ren! Kultur Online TV-FM<\/p>\n","protected":false},"author":2,"featured_media":141937,"comment_status":"open","ping_status":"closed","sticky":false,"template":"","format":"standard","meta":{"_acf_changed":false,"footnotes":""},"categories":[1174],"tags":[],"class_list":["post-95515","post","type-post","status-publish","format-standard","has-post-thumbnail","hentry","category-fm-stories-media-feed"],"acf":[],"yoast_head":"<!-- This site is optimized with the Yoast SEO plugin v26.1.1 - https:\/\/yoast.com\/wordpress\/plugins\/seo\/ -->\n<title>Unsere Podcasts - Kultur Online TV &amp; FM<\/title>\n<meta name=\"description\" content=\"Neben unserem abwechslungsreichen Radioprogramm bieten wir Ihnen auch eine Vielzahl von spannenden Podcasts zu allen Themen der Kultur.\" \/>\n<meta name=\"robots\" content=\"index, follow, max-snippet:-1, max-image-preview:large, max-video-preview:-1\" \/>\n<link rel=\"canonical\" href=\"https:\/\/kulturonline.tv\/de\/unsere-podcasts\/\" \/>\n<meta property=\"og:locale\" content=\"de_DE\" \/>\n<meta property=\"og:type\" content=\"article\" \/>\n<meta property=\"og:title\" content=\"Unsere Podcasts - Kultur Online TV &amp; FM\" \/>\n<meta property=\"og:description\" content=\"Neben unserem abwechslungsreichen Radioprogramm bieten wir Ihnen auch eine Vielzahl von spannenden Podcasts zu allen Themen der Kultur.\" \/>\n<meta property=\"og:url\" content=\"https:\/\/kulturonline.tv\/de\/unsere-podcasts\/\" \/>\n<meta property=\"og:site_name\" content=\"Kultur Online TV &amp; FM\" \/>\n<meta property=\"article:publisher\" content=\"https:\/\/www.facebook.com\/kulturonline.tv\" \/>\n<meta property=\"article:published_time\" content=\"2024-07-21T12:43:48+00:00\" \/>\n<meta property=\"article:modified_time\" content=\"2026-03-17T12:19:59+00:00\" \/>\n<meta property=\"og:image\" content=\"https:\/\/kulturonline.tv\/wp-content\/uploads\/2024\/07\/podcast.jpg\" \/>\n\t<meta property=\"og:image:width\" content=\"428\" \/>\n\t<meta property=\"og:image:height\" content=\"316\" \/>\n\t<meta property=\"og:image:type\" content=\"image\/jpeg\" \/>\n<meta name=\"author\" content=\"guenter.wolfgang\" \/>\n<meta name=\"twitter:card\" content=\"summary_large_image\" \/>\n<meta name=\"twitter:label1\" content=\"Verfasst von\" \/>\n\t<meta name=\"twitter:data1\" content=\"guenter.wolfgang\" \/>\n\t<meta name=\"twitter:label2\" content=\"Gesch\u00e4tzte Lesezeit\" \/>\n\t<meta name=\"twitter:data2\" content=\"1\u00a0Minute\" \/>\n<script type=\"application\/ld+json\" class=\"yoast-schema-graph\">{\"@context\":\"https:\/\/schema.org\",\"@graph\":[{\"@type\":\"Article\",\"@id\":\"https:\/\/kulturonline.tv\/de\/unsere-podcasts\/#article\",\"isPartOf\":{\"@id\":\"https:\/\/kulturonline.tv\/de\/unsere-podcasts\/\"},\"author\":{\"name\":\"guenter.wolfgang\",\"@id\":\"https:\/\/kulturonline.tv\/de\/#\/schema\/person\/b0fac729bb9a0c193fb1df23449df4fe\"},\"headline\":\"Unsere Podcasts\",\"datePublished\":\"2024-07-21T12:43:48+00:00\",\"dateModified\":\"2026-03-17T12:19:59+00:00\",\"mainEntityOfPage\":{\"@id\":\"https:\/\/kulturonline.tv\/de\/unsere-podcasts\/\"},\"wordCount\":114,\"commentCount\":0,\"publisher\":{\"@id\":\"https:\/\/kulturonline.tv\/de\/#organization\"},\"image\":{\"@id\":\"https:\/\/kulturonline.tv\/de\/unsere-podcasts\/#primaryimage\"},\"thumbnailUrl\":\"https:\/\/kulturonline.tv\/wp-content\/uploads\/2024\/07\/podcast.jpg\",\"articleSection\":[\"FM Stories Media-Feed\"],\"inLanguage\":\"de\",\"potentialAction\":[{\"@type\":\"CommentAction\",\"name\":\"Comment\",\"target\":[\"https:\/\/kulturonline.tv\/de\/unsere-podcasts\/#respond\"]}]},{\"@type\":\"WebPage\",\"@id\":\"https:\/\/kulturonline.tv\/de\/unsere-podcasts\/\",\"url\":\"https:\/\/kulturonline.tv\/de\/unsere-podcasts\/\",\"name\":\"Unsere Podcasts - Kultur Online TV &amp; FM\",\"isPartOf\":{\"@id\":\"https:\/\/kulturonline.tv\/de\/#website\"},\"primaryImageOfPage\":{\"@id\":\"https:\/\/kulturonline.tv\/de\/unsere-podcasts\/#primaryimage\"},\"image\":{\"@id\":\"https:\/\/kulturonline.tv\/de\/unsere-podcasts\/#primaryimage\"},\"thumbnailUrl\":\"https:\/\/kulturonline.tv\/wp-content\/uploads\/2024\/07\/podcast.jpg\",\"datePublished\":\"2024-07-21T12:43:48+00:00\",\"dateModified\":\"2026-03-17T12:19:59+00:00\",\"description\":\"Neben unserem abwechslungsreichen Radioprogramm bieten wir Ihnen auch eine Vielzahl von spannenden Podcasts zu allen Themen der Kultur.\",\"breadcrumb\":{\"@id\":\"https:\/\/kulturonline.tv\/de\/unsere-podcasts\/#breadcrumb\"},\"inLanguage\":\"de\",\"potentialAction\":[{\"@type\":\"ReadAction\",\"target\":[\"https:\/\/kulturonline.tv\/de\/unsere-podcasts\/\"]}]},{\"@type\":\"ImageObject\",\"inLanguage\":\"de\",\"@id\":\"https:\/\/kulturonline.tv\/de\/unsere-podcasts\/#primaryimage\",\"url\":\"https:\/\/kulturonline.tv\/wp-content\/uploads\/2024\/07\/podcast.jpg\",\"contentUrl\":\"https:\/\/kulturonline.tv\/wp-content\/uploads\/2024\/07\/podcast.jpg\",\"width\":428,\"height\":316},{\"@type\":\"BreadcrumbList\",\"@id\":\"https:\/\/kulturonline.tv\/de\/unsere-podcasts\/#breadcrumb\",\"itemListElement\":[{\"@type\":\"ListItem\",\"position\":1,\"name\":\"Startseite\",\"item\":\"https:\/\/kulturonline.tv\/de\/\"},{\"@type\":\"ListItem\",\"position\":2,\"name\":\"Unsere Podcasts\"}]},{\"@type\":\"WebSite\",\"@id\":\"https:\/\/kulturonline.tv\/de\/#website\",\"url\":\"https:\/\/kulturonline.tv\/de\/\",\"name\":\"Kultur Online TV &amp; FM\",\"description\":\"Wir sind Kultur 2.0 zum sehen &amp; h\u00f6ren\",\"publisher\":{\"@id\":\"https:\/\/kulturonline.tv\/de\/#organization\"},\"potentialAction\":[{\"@type\":\"SearchAction\",\"target\":{\"@type\":\"EntryPoint\",\"urlTemplate\":\"https:\/\/kulturonline.tv\/de\/?s={search_term_string}\"},\"query-input\":{\"@type\":\"PropertyValueSpecification\",\"valueRequired\":true,\"valueName\":\"search_term_string\"}}],\"inLanguage\":\"de\"},{\"@type\":\"Organization\",\"@id\":\"https:\/\/kulturonline.tv\/de\/#organization\",\"name\":\"Kultur Online TV\",\"url\":\"https:\/\/kulturonline.tv\/de\/\",\"logo\":{\"@type\":\"ImageObject\",\"inLanguage\":\"de\",\"@id\":\"https:\/\/kulturonline.tv\/de\/#\/schema\/logo\/image\/\",\"url\":\"https:\/\/kulturonline.tv\/wp-content\/uploads\/2021\/08\/Kultur-Online-Tv-Logo-Endversion-neu.png\",\"contentUrl\":\"https:\/\/kulturonline.tv\/wp-content\/uploads\/2021\/08\/Kultur-Online-Tv-Logo-Endversion-neu.png\",\"width\":200,\"height\":200,\"caption\":\"Kultur Online TV\"},\"image\":{\"@id\":\"https:\/\/kulturonline.tv\/de\/#\/schema\/logo\/image\/\"},\"sameAs\":[\"https:\/\/www.facebook.com\/kulturonline.tv\",\"https:\/\/www.instagram.com\/kulturonline.tv\"]},{\"@type\":\"Person\",\"@id\":\"https:\/\/kulturonline.tv\/de\/#\/schema\/person\/b0fac729bb9a0c193fb1df23449df4fe\",\"name\":\"guenter.wolfgang\"}]}<\/script>\n<!-- \/ Yoast SEO plugin. -->","yoast_head_json":{"title":"Unsere Podcasts - Kultur Online TV &amp; FM","description":"Neben unserem abwechslungsreichen Radioprogramm bieten wir Ihnen auch eine Vielzahl von spannenden Podcasts zu allen Themen der Kultur.","robots":{"index":"index","follow":"follow","max-snippet":"max-snippet:-1","max-image-preview":"max-image-preview:large","max-video-preview":"max-video-preview:-1"},"canonical":"https:\/\/kulturonline.tv\/de\/unsere-podcasts\/","og_locale":"de_DE","og_type":"article","og_title":"Unsere Podcasts - Kultur Online TV &amp; FM","og_description":"Neben unserem abwechslungsreichen Radioprogramm bieten wir Ihnen auch eine Vielzahl von spannenden Podcasts zu allen Themen der Kultur.","og_url":"https:\/\/kulturonline.tv\/de\/unsere-podcasts\/","og_site_name":"Kultur Online TV &amp; FM","article_publisher":"https:\/\/www.facebook.com\/kulturonline.tv","article_published_time":"2024-07-21T12:43:48+00:00","article_modified_time":"2026-03-17T12:19:59+00:00","og_image":[{"width":428,"height":316,"url":"https:\/\/kulturonline.tv\/wp-content\/uploads\/2024\/07\/podcast.jpg","type":"image\/jpeg"}],"author":"guenter.wolfgang","twitter_card":"summary_large_image","twitter_misc":{"Verfasst von":"guenter.wolfgang","Gesch\u00e4tzte Lesezeit":"1\u00a0Minute"},"schema":{"@context":"https:\/\/schema.org","@graph":[{"@type":"Article","@id":"https:\/\/kulturonline.tv\/de\/unsere-podcasts\/#article","isPartOf":{"@id":"https:\/\/kulturonline.tv\/de\/unsere-podcasts\/"},"author":{"name":"guenter.wolfgang","@id":"https:\/\/kulturonline.tv\/de\/#\/schema\/person\/b0fac729bb9a0c193fb1df23449df4fe"},"headline":"Unsere Podcasts","datePublished":"2024-07-21T12:43:48+00:00","dateModified":"2026-03-17T12:19:59+00:00","mainEntityOfPage":{"@id":"https:\/\/kulturonline.tv\/de\/unsere-podcasts\/"},"wordCount":114,"commentCount":0,"publisher":{"@id":"https:\/\/kulturonline.tv\/de\/#organization"},"image":{"@id":"https:\/\/kulturonline.tv\/de\/unsere-podcasts\/#primaryimage"},"thumbnailUrl":"https:\/\/kulturonline.tv\/wp-content\/uploads\/2024\/07\/podcast.jpg","articleSection":["FM Stories Media-Feed"],"inLanguage":"de","potentialAction":[{"@type":"CommentAction","name":"Comment","target":["https:\/\/kulturonline.tv\/de\/unsere-podcasts\/#respond"]}]},{"@type":"WebPage","@id":"https:\/\/kulturonline.tv\/de\/unsere-podcasts\/","url":"https:\/\/kulturonline.tv\/de\/unsere-podcasts\/","name":"Unsere Podcasts - Kultur Online TV &amp; FM","isPartOf":{"@id":"https:\/\/kulturonline.tv\/de\/#website"},"primaryImageOfPage":{"@id":"https:\/\/kulturonline.tv\/de\/unsere-podcasts\/#primaryimage"},"image":{"@id":"https:\/\/kulturonline.tv\/de\/unsere-podcasts\/#primaryimage"},"thumbnailUrl":"https:\/\/kulturonline.tv\/wp-content\/uploads\/2024\/07\/podcast.jpg","datePublished":"2024-07-21T12:43:48+00:00","dateModified":"2026-03-17T12:19:59+00:00","description":"Neben unserem abwechslungsreichen Radioprogramm bieten wir Ihnen auch eine Vielzahl von spannenden Podcasts zu allen Themen der Kultur.","breadcrumb":{"@id":"https:\/\/kulturonline.tv\/de\/unsere-podcasts\/#breadcrumb"},"inLanguage":"de","potentialAction":[{"@type":"ReadAction","target":["https:\/\/kulturonline.tv\/de\/unsere-podcasts\/"]}]},{"@type":"ImageObject","inLanguage":"de","@id":"https:\/\/kulturonline.tv\/de\/unsere-podcasts\/#primaryimage","url":"https:\/\/kulturonline.tv\/wp-content\/uploads\/2024\/07\/podcast.jpg","contentUrl":"https:\/\/kulturonline.tv\/wp-content\/uploads\/2024\/07\/podcast.jpg","width":428,"height":316},{"@type":"BreadcrumbList","@id":"https:\/\/kulturonline.tv\/de\/unsere-podcasts\/#breadcrumb","itemListElement":[{"@type":"ListItem","position":1,"name":"Startseite","item":"https:\/\/kulturonline.tv\/de\/"},{"@type":"ListItem","position":2,"name":"Unsere Podcasts"}]},{"@type":"WebSite","@id":"https:\/\/kulturonline.tv\/de\/#website","url":"https:\/\/kulturonline.tv\/de\/","name":"Kultur Online TV &amp; FM","description":"Wir sind Kultur 2.0 zum sehen &amp; h\u00f6ren","publisher":{"@id":"https:\/\/kulturonline.tv\/de\/#organization"},"potentialAction":[{"@type":"SearchAction","target":{"@type":"EntryPoint","urlTemplate":"https:\/\/kulturonline.tv\/de\/?s={search_term_string}"},"query-input":{"@type":"PropertyValueSpecification","valueRequired":true,"valueName":"search_term_string"}}],"inLanguage":"de"},{"@type":"Organization","@id":"https:\/\/kulturonline.tv\/de\/#organization","name":"Kultur Online TV","url":"https:\/\/kulturonline.tv\/de\/","logo":{"@type":"ImageObject","inLanguage":"de","@id":"https:\/\/kulturonline.tv\/de\/#\/schema\/logo\/image\/","url":"https:\/\/kulturonline.tv\/wp-content\/uploads\/2021\/08\/Kultur-Online-Tv-Logo-Endversion-neu.png","contentUrl":"https:\/\/kulturonline.tv\/wp-content\/uploads\/2021\/08\/Kultur-Online-Tv-Logo-Endversion-neu.png","width":200,"height":200,"caption":"Kultur Online TV"},"image":{"@id":"https:\/\/kulturonline.tv\/de\/#\/schema\/logo\/image\/"},"sameAs":["https:\/\/www.facebook.com\/kulturonline.tv","https:\/\/www.instagram.com\/kulturonline.tv"]},{"@type":"Person","@id":"https:\/\/kulturonline.tv\/de\/#\/schema\/person\/b0fac729bb9a0c193fb1df23449df4fe","name":"guenter.wolfgang"}]}},"_links":{"self":[{"href":"https:\/\/kulturonline.tv\/de\/wp-json\/wp\/v2\/posts\/95515","targetHints":{"allow":["GET"]}}],"collection":[{"href":"https:\/\/kulturonline.tv\/de\/wp-json\/wp\/v2\/posts"}],"about":[{"href":"https:\/\/kulturonline.tv\/de\/wp-json\/wp\/v2\/types\/post"}],"author":[{"embeddable":true,"href":"https:\/\/kulturonline.tv\/de\/wp-json\/wp\/v2\/users\/2"}],"replies":[{"embeddable":true,"href":"https:\/\/kulturonline.tv\/de\/wp-json\/wp\/v2\/comments?post=95515"}],"version-history":[{"count":1,"href":"https:\/\/kulturonline.tv\/de\/wp-json\/wp\/v2\/posts\/95515\/revisions"}],"predecessor-version":[{"id":106615,"href":"https:\/\/kulturonline.tv\/de\/wp-json\/wp\/v2\/posts\/95515\/revisions\/106615"}],"wp:featuredmedia":[{"embeddable":true,"href":"https:\/\/kulturonline.tv\/de\/wp-json\/wp\/v2\/media\/141937"}],"wp:attachment":[{"href":"https:\/\/kulturonline.tv\/de\/wp-json\/wp\/v2\/media?parent=95515"}],"wp:term":[{"taxonomy":"category","embeddable":true,"href":"https:\/\/kulturonline.tv\/de\/wp-json\/wp\/v2\/categories?post=95515"},{"taxonomy":"post_tag","embeddable":true,"href":"https:\/\/kulturonline.tv\/de\/wp-json\/wp\/v2\/tags?post=95515"}],"curies":[{"name":"wp","href":"https:\/\/api.w.org\/{rel}","templated":true}]}}