{"id":95678,"date":"2024-07-21T20:56:02","date_gmt":"2024-07-21T18:56:02","guid":{"rendered":"https:\/\/kulturonline.tv\/?p=95678"},"modified":"2024-07-21T20:56:21","modified_gmt":"2024-07-21T18:56:21","slug":"drei-farben-blau","status":"publish","type":"post","link":"https:\/\/kulturonline.tv\/de\/drei-farben-blau\/","title":{"rendered":"Drei Farben Blau"},"content":{"rendered":"\n<p>Bei einem Autounfall verliert Julie (Juliette Binoche) ihre Tochter Anna und ihren Ehemann Patrice, der zeitlebens Komponist war. Um ihre Trauer zu bew\u00e4ltigen, beschlie\u00dft sie, einen radikalen Neuanfang zu wagen, zieht nach Paris, will ihren Landsitz verkaufen und sich vollends von ihrer Vergangenheit l\u00f6sen. Doch die Freiheit, die sie sucht, erlangt sie erst, als sie sich schlussendlich doch noch mit Patrice und seiner Musik auseinandersetzt.<\/p>\n\n\n\n<div class=\"wp-block-media-text is-stacked-on-mobile\" style=\"grid-template-columns:32% auto\"><figure class=\"wp-block-media-text__media\"><img fetchpriority=\"high\" decoding=\"async\" width=\"300\" height=\"450\" src=\"https:\/\/kulturonline.tv\/wp-content\/uploads\/2024\/07\/DreiFarbenBlau_2000x3000_webdetail_300.jpg\" alt=\"\" class=\"wp-image-95679 size-full\"\/><\/figure><div class=\"wp-block-media-text__content\">\n<p><\/p>\n\n\n\n<p><\/p>\n\n\n\n<p>Cast &amp; Crew<br>Darsteller: Juliette Binoche, Beno\u00eet R\u00e9gent, Florence Pernel, Charlotte V\u00e9ry, H\u00e9l\u00e8ne Vincent, Philippe Volter, Emmanuelle Riva<br>Regie: Krzysztof Kie\u015b, lowski<br>Drehbuch: Krzysztof Kie\u015b, lowski, Krzysztof Piesiewicz<br>Kamera: S\u0142, awomir Idziak<br>Produktion: Marin Karmitz<\/p>\n<\/div><\/div>\n\n\n\n<p>Im ersten Teil der Drei-Farben-Trilogie fasst der polnische Regisseur Krzysztof Kieslowski das Thema der &#8222;Freiheit&#8220; auf, ganz nach den drei Farben der franz\u00f6sischen Flagge. Das Drama erhielt zahlreiche Preise, Juliette Binoche (Der englische Patient) erhielt 1994 f\u00fcr ihre bewegende Darbietung als trauernde Frau einen C\u00e9sar.<\/p>\n\n\n\n<figure class=\"wp-block-image size-full is-resized\"><img decoding=\"async\" width=\"868\" height=\"490\" src=\"https:\/\/kulturonline.tv\/wp-content\/uploads\/2024\/07\/tipp-transparent.png\" alt=\"\" class=\"wp-image-95316\" style=\"width:253px;height:auto\" srcset=\"https:\/\/kulturonline.tv\/wp-content\/uploads\/2024\/07\/tipp-transparent.png 868w, https:\/\/kulturonline.tv\/wp-content\/uploads\/2024\/07\/tipp-transparent-800x452.png 800w, https:\/\/kulturonline.tv\/wp-content\/uploads\/2024\/07\/tipp-transparent-768x434.png 768w\" sizes=\"(max-width: 868px) 100vw, 868px\" \/><\/figure>\n\n\n\n<p>#podcast filmtipps<\/p>\n","protected":false},"excerpt":{"rendered":"<p>Bei einem Autounfall verliert Julie (Juliette Binoche) ihre Tochter Anna und ihren Ehemann Patrice, der zeitlebens Komponist war. Um ihre Trauer zu bew\u00e4ltigen, beschlie\u00dft sie, einen radikalen Neuanfang zu wagen, zieht nach Paris, will ihren Landsitz verkaufen und sich vollends von ihrer Vergangenheit l\u00f6sen. Doch die Freiheit, die sie sucht, erlangt sie erst, als sie [&hellip;]<\/p>\n","protected":false},"author":2,"featured_media":95681,"comment_status":"open","ping_status":"closed","sticky":false,"template":"","format":"standard","meta":{"_acf_changed":false,"footnotes":""},"categories":[1],"tags":[],"class_list":["post-95678","post","type-post","status-publish","format-standard","has-post-thumbnail","hentry","category-unkategorisiert"],"acf":[],"yoast_head":"<!-- This site is optimized with the Yoast SEO plugin v26.1.1 - https:\/\/yoast.com\/wordpress\/plugins\/seo\/ -->\n<title>Drei Farben Blau - Kultur Online TV &amp; FM<\/title>\n<meta name=\"description\" content=\"Bei einem Autounfall verliert Julie (Juliette Binoche) ihre Tochter Anna und ihren Ehemann Patrice, der zeitlebens Komponist war.\" \/>\n<meta name=\"robots\" content=\"index, follow, max-snippet:-1, max-image-preview:large, max-video-preview:-1\" \/>\n<link rel=\"canonical\" href=\"https:\/\/kulturonline.tv\/de\/drei-farben-blau\/\" \/>\n<meta property=\"og:locale\" content=\"de_DE\" \/>\n<meta property=\"og:type\" content=\"article\" \/>\n<meta property=\"og:title\" content=\"Drei Farben Blau - Kultur Online TV &amp; FM\" \/>\n<meta property=\"og:description\" content=\"Bei einem Autounfall verliert Julie (Juliette Binoche) ihre Tochter Anna und ihren Ehemann Patrice, der zeitlebens Komponist war.\" \/>\n<meta property=\"og:url\" content=\"https:\/\/kulturonline.tv\/de\/drei-farben-blau\/\" \/>\n<meta property=\"og:site_name\" content=\"Kultur Online TV &amp; FM\" \/>\n<meta property=\"article:publisher\" content=\"https:\/\/www.facebook.com\/kulturonline.tv\" \/>\n<meta property=\"article:published_time\" content=\"2024-07-21T18:56:02+00:00\" \/>\n<meta property=\"article:modified_time\" content=\"2024-07-21T18:56:21+00:00\" \/>\n<meta property=\"og:image\" content=\"https:\/\/kulturonline.tv\/wp-content\/uploads\/2024\/07\/tipp.png\" \/>\n\t<meta property=\"og:image:width\" content=\"800\" \/>\n\t<meta property=\"og:image:height\" content=\"800\" \/>\n\t<meta property=\"og:image:type\" content=\"image\/png\" \/>\n<meta name=\"author\" content=\"guenter.wolfgang\" \/>\n<meta name=\"twitter:card\" content=\"summary_large_image\" \/>\n<meta name=\"twitter:label1\" content=\"Verfasst von\" \/>\n\t<meta name=\"twitter:data1\" content=\"guenter.wolfgang\" \/>\n\t<meta name=\"twitter:label2\" content=\"Gesch\u00e4tzte Lesezeit\" \/>\n\t<meta name=\"twitter:data2\" content=\"1\u00a0Minute\" \/>\n<script type=\"application\/ld+json\" class=\"yoast-schema-graph\">{\"@context\":\"https:\/\/schema.org\",\"@graph\":[{\"@type\":\"Article\",\"@id\":\"https:\/\/kulturonline.tv\/de\/drei-farben-blau\/#article\",\"isPartOf\":{\"@id\":\"https:\/\/kulturonline.tv\/de\/drei-farben-blau\/\"},\"author\":{\"name\":\"guenter.wolfgang\",\"@id\":\"https:\/\/kulturonline.tv\/de\/#\/schema\/person\/b0fac729bb9a0c193fb1df23449df4fe\"},\"headline\":\"Drei Farben Blau\",\"datePublished\":\"2024-07-21T18:56:02+00:00\",\"dateModified\":\"2024-07-21T18:56:21+00:00\",\"mainEntityOfPage\":{\"@id\":\"https:\/\/kulturonline.tv\/de\/drei-farben-blau\/\"},\"wordCount\":155,\"commentCount\":4,\"publisher\":{\"@id\":\"https:\/\/kulturonline.tv\/de\/#organization\"},\"image\":{\"@id\":\"https:\/\/kulturonline.tv\/de\/drei-farben-blau\/#primaryimage\"},\"thumbnailUrl\":\"https:\/\/kulturonline.tv\/wp-content\/uploads\/2024\/07\/tipp.png\",\"articleSection\":[\"Unkategorisiert\"],\"inLanguage\":\"de\",\"potentialAction\":[{\"@type\":\"CommentAction\",\"name\":\"Comment\",\"target\":[\"https:\/\/kulturonline.tv\/de\/drei-farben-blau\/#respond\"]}]},{\"@type\":\"WebPage\",\"@id\":\"https:\/\/kulturonline.tv\/de\/drei-farben-blau\/\",\"url\":\"https:\/\/kulturonline.tv\/de\/drei-farben-blau\/\",\"name\":\"Drei Farben Blau - Kultur Online TV &amp; FM\",\"isPartOf\":{\"@id\":\"https:\/\/kulturonline.tv\/de\/#website\"},\"primaryImageOfPage\":{\"@id\":\"https:\/\/kulturonline.tv\/de\/drei-farben-blau\/#primaryimage\"},\"image\":{\"@id\":\"https:\/\/kulturonline.tv\/de\/drei-farben-blau\/#primaryimage\"},\"thumbnailUrl\":\"https:\/\/kulturonline.tv\/wp-content\/uploads\/2024\/07\/tipp.png\",\"datePublished\":\"2024-07-21T18:56:02+00:00\",\"dateModified\":\"2024-07-21T18:56:21+00:00\",\"description\":\"Bei einem Autounfall verliert Julie (Juliette Binoche) ihre Tochter Anna und ihren Ehemann Patrice, der zeitlebens Komponist war.\",\"breadcrumb\":{\"@id\":\"https:\/\/kulturonline.tv\/de\/drei-farben-blau\/#breadcrumb\"},\"inLanguage\":\"de\",\"potentialAction\":[{\"@type\":\"ReadAction\",\"target\":[\"https:\/\/kulturonline.tv\/de\/drei-farben-blau\/\"]}]},{\"@type\":\"ImageObject\",\"inLanguage\":\"de\",\"@id\":\"https:\/\/kulturonline.tv\/de\/drei-farben-blau\/#primaryimage\",\"url\":\"https:\/\/kulturonline.tv\/wp-content\/uploads\/2024\/07\/tipp.png\",\"contentUrl\":\"https:\/\/kulturonline.tv\/wp-content\/uploads\/2024\/07\/tipp.png\",\"width\":800,\"height\":800},{\"@type\":\"BreadcrumbList\",\"@id\":\"https:\/\/kulturonline.tv\/de\/drei-farben-blau\/#breadcrumb\",\"itemListElement\":[{\"@type\":\"ListItem\",\"position\":1,\"name\":\"Startseite\",\"item\":\"https:\/\/kulturonline.tv\/de\/\"},{\"@type\":\"ListItem\",\"position\":2,\"name\":\"Drei Farben Blau\"}]},{\"@type\":\"WebSite\",\"@id\":\"https:\/\/kulturonline.tv\/de\/#website\",\"url\":\"https:\/\/kulturonline.tv\/de\/\",\"name\":\"Kultur Online TV &amp; FM\",\"description\":\"Wir sind Kultur 2.0 zum sehen &amp; h\u00f6ren\",\"publisher\":{\"@id\":\"https:\/\/kulturonline.tv\/de\/#organization\"},\"potentialAction\":[{\"@type\":\"SearchAction\",\"target\":{\"@type\":\"EntryPoint\",\"urlTemplate\":\"https:\/\/kulturonline.tv\/de\/?s={search_term_string}\"},\"query-input\":{\"@type\":\"PropertyValueSpecification\",\"valueRequired\":true,\"valueName\":\"search_term_string\"}}],\"inLanguage\":\"de\"},{\"@type\":\"Organization\",\"@id\":\"https:\/\/kulturonline.tv\/de\/#organization\",\"name\":\"Kultur Online TV\",\"url\":\"https:\/\/kulturonline.tv\/de\/\",\"logo\":{\"@type\":\"ImageObject\",\"inLanguage\":\"de\",\"@id\":\"https:\/\/kulturonline.tv\/de\/#\/schema\/logo\/image\/\",\"url\":\"https:\/\/kulturonline.tv\/wp-content\/uploads\/2021\/08\/Kultur-Online-Tv-Logo-Endversion-neu.png\",\"contentUrl\":\"https:\/\/kulturonline.tv\/wp-content\/uploads\/2021\/08\/Kultur-Online-Tv-Logo-Endversion-neu.png\",\"width\":200,\"height\":200,\"caption\":\"Kultur Online TV\"},\"image\":{\"@id\":\"https:\/\/kulturonline.tv\/de\/#\/schema\/logo\/image\/\"},\"sameAs\":[\"https:\/\/www.facebook.com\/kulturonline.tv\",\"https:\/\/www.instagram.com\/kulturonline.tv\"]},{\"@type\":\"Person\",\"@id\":\"https:\/\/kulturonline.tv\/de\/#\/schema\/person\/b0fac729bb9a0c193fb1df23449df4fe\",\"name\":\"guenter.wolfgang\"}]}<\/script>\n<!-- \/ Yoast SEO plugin. -->","yoast_head_json":{"title":"Drei Farben Blau - Kultur Online TV &amp; FM","description":"Bei einem Autounfall verliert Julie (Juliette Binoche) ihre Tochter Anna und ihren Ehemann Patrice, der zeitlebens Komponist war.","robots":{"index":"index","follow":"follow","max-snippet":"max-snippet:-1","max-image-preview":"max-image-preview:large","max-video-preview":"max-video-preview:-1"},"canonical":"https:\/\/kulturonline.tv\/de\/drei-farben-blau\/","og_locale":"de_DE","og_type":"article","og_title":"Drei Farben Blau - Kultur Online TV &amp; FM","og_description":"Bei einem Autounfall verliert Julie (Juliette Binoche) ihre Tochter Anna und ihren Ehemann Patrice, der zeitlebens Komponist war.","og_url":"https:\/\/kulturonline.tv\/de\/drei-farben-blau\/","og_site_name":"Kultur Online TV &amp; FM","article_publisher":"https:\/\/www.facebook.com\/kulturonline.tv","article_published_time":"2024-07-21T18:56:02+00:00","article_modified_time":"2024-07-21T18:56:21+00:00","og_image":[{"width":800,"height":800,"url":"https:\/\/kulturonline.tv\/wp-content\/uploads\/2024\/07\/tipp.png","type":"image\/png"}],"author":"guenter.wolfgang","twitter_card":"summary_large_image","twitter_misc":{"Verfasst von":"guenter.wolfgang","Gesch\u00e4tzte Lesezeit":"1\u00a0Minute"},"schema":{"@context":"https:\/\/schema.org","@graph":[{"@type":"Article","@id":"https:\/\/kulturonline.tv\/de\/drei-farben-blau\/#article","isPartOf":{"@id":"https:\/\/kulturonline.tv\/de\/drei-farben-blau\/"},"author":{"name":"guenter.wolfgang","@id":"https:\/\/kulturonline.tv\/de\/#\/schema\/person\/b0fac729bb9a0c193fb1df23449df4fe"},"headline":"Drei Farben Blau","datePublished":"2024-07-21T18:56:02+00:00","dateModified":"2024-07-21T18:56:21+00:00","mainEntityOfPage":{"@id":"https:\/\/kulturonline.tv\/de\/drei-farben-blau\/"},"wordCount":155,"commentCount":4,"publisher":{"@id":"https:\/\/kulturonline.tv\/de\/#organization"},"image":{"@id":"https:\/\/kulturonline.tv\/de\/drei-farben-blau\/#primaryimage"},"thumbnailUrl":"https:\/\/kulturonline.tv\/wp-content\/uploads\/2024\/07\/tipp.png","articleSection":["Unkategorisiert"],"inLanguage":"de","potentialAction":[{"@type":"CommentAction","name":"Comment","target":["https:\/\/kulturonline.tv\/de\/drei-farben-blau\/#respond"]}]},{"@type":"WebPage","@id":"https:\/\/kulturonline.tv\/de\/drei-farben-blau\/","url":"https:\/\/kulturonline.tv\/de\/drei-farben-blau\/","name":"Drei Farben Blau - Kultur Online TV &amp; FM","isPartOf":{"@id":"https:\/\/kulturonline.tv\/de\/#website"},"primaryImageOfPage":{"@id":"https:\/\/kulturonline.tv\/de\/drei-farben-blau\/#primaryimage"},"image":{"@id":"https:\/\/kulturonline.tv\/de\/drei-farben-blau\/#primaryimage"},"thumbnailUrl":"https:\/\/kulturonline.tv\/wp-content\/uploads\/2024\/07\/tipp.png","datePublished":"2024-07-21T18:56:02+00:00","dateModified":"2024-07-21T18:56:21+00:00","description":"Bei einem Autounfall verliert Julie (Juliette Binoche) ihre Tochter Anna und ihren Ehemann Patrice, der zeitlebens Komponist war.","breadcrumb":{"@id":"https:\/\/kulturonline.tv\/de\/drei-farben-blau\/#breadcrumb"},"inLanguage":"de","potentialAction":[{"@type":"ReadAction","target":["https:\/\/kulturonline.tv\/de\/drei-farben-blau\/"]}]},{"@type":"ImageObject","inLanguage":"de","@id":"https:\/\/kulturonline.tv\/de\/drei-farben-blau\/#primaryimage","url":"https:\/\/kulturonline.tv\/wp-content\/uploads\/2024\/07\/tipp.png","contentUrl":"https:\/\/kulturonline.tv\/wp-content\/uploads\/2024\/07\/tipp.png","width":800,"height":800},{"@type":"BreadcrumbList","@id":"https:\/\/kulturonline.tv\/de\/drei-farben-blau\/#breadcrumb","itemListElement":[{"@type":"ListItem","position":1,"name":"Startseite","item":"https:\/\/kulturonline.tv\/de\/"},{"@type":"ListItem","position":2,"name":"Drei Farben Blau"}]},{"@type":"WebSite","@id":"https:\/\/kulturonline.tv\/de\/#website","url":"https:\/\/kulturonline.tv\/de\/","name":"Kultur Online TV &amp; FM","description":"Wir sind Kultur 2.0 zum sehen &amp; h\u00f6ren","publisher":{"@id":"https:\/\/kulturonline.tv\/de\/#organization"},"potentialAction":[{"@type":"SearchAction","target":{"@type":"EntryPoint","urlTemplate":"https:\/\/kulturonline.tv\/de\/?s={search_term_string}"},"query-input":{"@type":"PropertyValueSpecification","valueRequired":true,"valueName":"search_term_string"}}],"inLanguage":"de"},{"@type":"Organization","@id":"https:\/\/kulturonline.tv\/de\/#organization","name":"Kultur Online TV","url":"https:\/\/kulturonline.tv\/de\/","logo":{"@type":"ImageObject","inLanguage":"de","@id":"https:\/\/kulturonline.tv\/de\/#\/schema\/logo\/image\/","url":"https:\/\/kulturonline.tv\/wp-content\/uploads\/2021\/08\/Kultur-Online-Tv-Logo-Endversion-neu.png","contentUrl":"https:\/\/kulturonline.tv\/wp-content\/uploads\/2021\/08\/Kultur-Online-Tv-Logo-Endversion-neu.png","width":200,"height":200,"caption":"Kultur Online TV"},"image":{"@id":"https:\/\/kulturonline.tv\/de\/#\/schema\/logo\/image\/"},"sameAs":["https:\/\/www.facebook.com\/kulturonline.tv","https:\/\/www.instagram.com\/kulturonline.tv"]},{"@type":"Person","@id":"https:\/\/kulturonline.tv\/de\/#\/schema\/person\/b0fac729bb9a0c193fb1df23449df4fe","name":"guenter.wolfgang"}]}},"_links":{"self":[{"href":"https:\/\/kulturonline.tv\/de\/wp-json\/wp\/v2\/posts\/95678","targetHints":{"allow":["GET"]}}],"collection":[{"href":"https:\/\/kulturonline.tv\/de\/wp-json\/wp\/v2\/posts"}],"about":[{"href":"https:\/\/kulturonline.tv\/de\/wp-json\/wp\/v2\/types\/post"}],"author":[{"embeddable":true,"href":"https:\/\/kulturonline.tv\/de\/wp-json\/wp\/v2\/users\/2"}],"replies":[{"embeddable":true,"href":"https:\/\/kulturonline.tv\/de\/wp-json\/wp\/v2\/comments?post=95678"}],"version-history":[{"count":0,"href":"https:\/\/kulturonline.tv\/de\/wp-json\/wp\/v2\/posts\/95678\/revisions"}],"wp:featuredmedia":[{"embeddable":true,"href":"https:\/\/kulturonline.tv\/de\/wp-json\/wp\/v2\/media\/95681"}],"wp:attachment":[{"href":"https:\/\/kulturonline.tv\/de\/wp-json\/wp\/v2\/media?parent=95678"}],"wp:term":[{"taxonomy":"category","embeddable":true,"href":"https:\/\/kulturonline.tv\/de\/wp-json\/wp\/v2\/categories?post=95678"},{"taxonomy":"post_tag","embeddable":true,"href":"https:\/\/kulturonline.tv\/de\/wp-json\/wp\/v2\/tags?post=95678"}],"curies":[{"name":"wp","href":"https:\/\/api.w.org\/{rel}","templated":true}]}}