{"id":95690,"date":"2024-07-21T22:48:10","date_gmt":"2024-07-21T20:48:10","guid":{"rendered":"https:\/\/kulturonline.tv\/?p=95690"},"modified":"2024-07-29T01:20:49","modified_gmt":"2024-07-28T23:20:49","slug":"paris-texas","status":"publish","type":"post","link":"https:\/\/kulturonline.tv\/de\/paris-texas\/","title":{"rendered":"PARIS, TEXAS"},"content":{"rendered":"\n<div class=\"wp-block-media-text is-stacked-on-mobile\" style=\"grid-template-columns:39% auto\"><figure class=\"wp-block-media-text__media\"><img fetchpriority=\"high\" decoding=\"async\" width=\"1131\" height=\"1600\" src=\"https:\/\/kulturonline.tv\/wp-content\/uploads\/2024\/07\/Paris-Texas-Poster-Kultur-Online-FM-1131x1600.jpg\" alt=\"\" class=\"wp-image-95692 size-full\" srcset=\"https:\/\/kulturonline.tv\/wp-content\/uploads\/2024\/07\/Paris-Texas-Poster-Kultur-Online-FM-1131x1600.jpg 1131w, https:\/\/kulturonline.tv\/wp-content\/uploads\/2024\/07\/Paris-Texas-Poster-Kultur-Online-FM-566x800.jpg 566w, https:\/\/kulturonline.tv\/wp-content\/uploads\/2024\/07\/Paris-Texas-Poster-Kultur-Online-FM-768x1086.jpg 768w, https:\/\/kulturonline.tv\/wp-content\/uploads\/2024\/07\/Paris-Texas-Poster-Kultur-Online-FM-1086x1536.jpg 1086w, https:\/\/kulturonline.tv\/wp-content\/uploads\/2024\/07\/Paris-Texas-Poster-Kultur-Online-FM.jpg 1240w\" sizes=\"(max-width: 1131px) 100vw, 1131px\" \/><\/figure><div class=\"wp-block-media-text__content\">\n<p><br><br><strong>Kinostart: 25.07.2024<\/strong> <\/p>\n\n\n\n<p>Genre: Drama<\/p>\n\n\n\n<p><\/p>\n<\/div><\/div>\n\n\n\n<p><strong>Kurzinhalt<\/strong><br>Wie aus dem Nichts taucht in der sengenden W\u00fcstenhitze zwischen den USA und Mexiko ein hagerer Mann auf, der einen dunklen Anzug und eine rote Baseballkappe tr\u00e4gt. Travis. Er trinkt den letzten Schluck aus seiner Wasserflasche, dann marschiert er unbeirrt weiter in die \u00d6dnis, die bei den Einheimischen \u201eThe Devil\u2019s Playground\u201c hei\u00dft. Travis scheint stumm und sein Ged\u00e4chtnis weitgehend verloren zu haben, doch er ist getrieben von dem Wunsch, seine Familie wiederzufinden.<\/p>\n\n\n\n<p><br>PARIS, TEXAS gilt als Wenders\u2019 bekanntester und weltweit erfolgreichster Film. Von der Kritik gefeiert, gewann er eine Reihe von wichtigen internationalen Preisen. Der Cannes-Gewinner von 1984, traumhaft aufgenommen vom holl\u00e4ndischen Kameramann Robby M\u00fcller, ist eine Geschichte von Selbstfindung, Verlust, Erl\u00f6sung und der unzerst\u00f6rbaren Bande der Liebe. Herausragende schauspielerische Leistungen von Harry Dean Stanton und Nastassja Kinski, ein meisterliches Drehbuch von Sam Shepard und der eindringliche Soundtrack von Ry Cooder haben dazu beigetragen, dass PARIS, TEXAS auch 40 Jahre sp\u00e4ter noch als Kultfilm gilt. Die 4K-Restaurierung tut das Ihrige dazu, ihn in neuem Glanz erstrahlen zu lassen.<\/p>\n\n\n\n<p>Als Vorreiter des Neuen Deutschen Films der 1970er Jahre erlangte Wim Wenders wie kaum ein zweiter deutscher Regisseur schon fr\u00fch gro\u00dfe internationale Bekanntheit. Wenders gilt als einer der wichtigsten Vertreter des internationalen Gegenwartskinos, der mit poetischen Meisterwerken wie \u201eDer Himmel \u00fcber Berlin\u201c seinen Platz in der Geschichte des Autorenfilms gefunden hat. Gemeinsam mit seiner Frau Donata Wenders gr\u00fcndete er 2012 in D\u00fcsseldorf die gemeinn\u00fctzige Wim Wenders Stiftung, die sein filmisches, photographisches und literarisches Lebenswerk zusammenf\u00fchrt, restauriert und der \u00d6ffentlichkeit dauerhaft zug\u00e4nglich macht. Dar\u00fcber hinaus engagiert sich die Stiftung mit dem Wim Wenders Stipendium f\u00fcr die F\u00f6rderung junger Talente im Bereich der innovativen, filmischen Erz\u00e4hlkunst, sowie in der Filmbildung.<\/p>\n","protected":false},"excerpt":{"rendered":"<p>Kinostart: 25.07.2024 Genre: Drama KurzinhaltWie aus dem Nichts taucht in der sengenden W\u00fcstenhitze zwischen den USA und Mexiko ein hagerer Mann auf, der einen dunklen Anzug und eine rote Baseballkappe tr\u00e4gt. Travis. Er trinkt den letzten Schluck aus seiner Wasserflasche, dann marschiert er unbeirrt weiter in die \u00d6dnis, die bei den Einheimischen \u201eThe Devil\u2019s Playground\u201c [&hellip;]<\/p>\n","protected":false},"author":2,"featured_media":95942,"comment_status":"open","ping_status":"closed","sticky":false,"template":"","format":"standard","meta":{"_acf_changed":false,"footnotes":""},"categories":[1],"tags":[],"class_list":["post-95690","post","type-post","status-publish","format-standard","has-post-thumbnail","hentry","category-unkategorisiert"],"acf":[],"yoast_head":"<!-- This site is optimized with the Yoast SEO plugin v26.1.1 - https:\/\/yoast.com\/wordpress\/plugins\/seo\/ -->\n<title>PARIS, TEXAS - Kultur Online TV &amp; FM<\/title>\n<meta name=\"description\" content=\"Wie aus dem Nichts taucht in der sengenden W\u00fcstenhitze zwischen den USA und Mexiko ein hagerer Mann auf, der einen dunklen Anzug und eine rote Baseballkappe tr\u00e4gt.\" \/>\n<meta name=\"robots\" content=\"index, follow, max-snippet:-1, max-image-preview:large, max-video-preview:-1\" \/>\n<link rel=\"canonical\" href=\"https:\/\/kulturonline.tv\/de\/paris-texas\/\" \/>\n<meta property=\"og:locale\" content=\"de_DE\" \/>\n<meta property=\"og:type\" content=\"article\" \/>\n<meta property=\"og:title\" content=\"PARIS, TEXAS - Kultur Online TV &amp; FM\" \/>\n<meta property=\"og:description\" content=\"Wie aus dem Nichts taucht in der sengenden W\u00fcstenhitze zwischen den USA und Mexiko ein hagerer Mann auf, der einen dunklen Anzug und eine rote Baseballkappe tr\u00e4gt.\" \/>\n<meta property=\"og:url\" content=\"https:\/\/kulturonline.tv\/de\/paris-texas\/\" \/>\n<meta property=\"og:site_name\" content=\"Kultur Online TV &amp; FM\" \/>\n<meta property=\"article:publisher\" content=\"https:\/\/www.facebook.com\/kulturonline.tv\" \/>\n<meta property=\"article:published_time\" content=\"2024-07-21T20:48:10+00:00\" \/>\n<meta property=\"article:modified_time\" content=\"2024-07-28T23:20:49+00:00\" \/>\n<meta property=\"og:image\" content=\"https:\/\/kulturonline.tv\/wp-content\/uploads\/2024\/07\/tipp-4-1.png\" \/>\n\t<meta property=\"og:image:width\" content=\"800\" \/>\n\t<meta property=\"og:image:height\" content=\"800\" \/>\n\t<meta property=\"og:image:type\" content=\"image\/png\" \/>\n<meta name=\"author\" content=\"guenter.wolfgang\" \/>\n<meta name=\"twitter:card\" content=\"summary_large_image\" \/>\n<meta name=\"twitter:label1\" content=\"Verfasst von\" \/>\n\t<meta name=\"twitter:data1\" content=\"guenter.wolfgang\" \/>\n\t<meta name=\"twitter:label2\" content=\"Gesch\u00e4tzte Lesezeit\" \/>\n\t<meta name=\"twitter:data2\" content=\"1\u00a0Minute\" \/>\n<script type=\"application\/ld+json\" class=\"yoast-schema-graph\">{\"@context\":\"https:\/\/schema.org\",\"@graph\":[{\"@type\":\"Article\",\"@id\":\"https:\/\/kulturonline.tv\/de\/paris-texas\/#article\",\"isPartOf\":{\"@id\":\"https:\/\/kulturonline.tv\/de\/paris-texas\/\"},\"author\":{\"name\":\"guenter.wolfgang\",\"@id\":\"https:\/\/kulturonline.tv\/de\/#\/schema\/person\/b0fac729bb9a0c193fb1df23449df4fe\"},\"headline\":\"PARIS, TEXAS\",\"datePublished\":\"2024-07-21T20:48:10+00:00\",\"dateModified\":\"2024-07-28T23:20:49+00:00\",\"mainEntityOfPage\":{\"@id\":\"https:\/\/kulturonline.tv\/de\/paris-texas\/\"},\"wordCount\":300,\"commentCount\":1,\"publisher\":{\"@id\":\"https:\/\/kulturonline.tv\/de\/#organization\"},\"image\":{\"@id\":\"https:\/\/kulturonline.tv\/de\/paris-texas\/#primaryimage\"},\"thumbnailUrl\":\"https:\/\/kulturonline.tv\/wp-content\/uploads\/2024\/07\/tipp-4-1.png\",\"articleSection\":[\"Unkategorisiert\"],\"inLanguage\":\"de\",\"potentialAction\":[{\"@type\":\"CommentAction\",\"name\":\"Comment\",\"target\":[\"https:\/\/kulturonline.tv\/de\/paris-texas\/#respond\"]}]},{\"@type\":\"WebPage\",\"@id\":\"https:\/\/kulturonline.tv\/de\/paris-texas\/\",\"url\":\"https:\/\/kulturonline.tv\/de\/paris-texas\/\",\"name\":\"PARIS, TEXAS - Kultur Online TV &amp; FM\",\"isPartOf\":{\"@id\":\"https:\/\/kulturonline.tv\/de\/#website\"},\"primaryImageOfPage\":{\"@id\":\"https:\/\/kulturonline.tv\/de\/paris-texas\/#primaryimage\"},\"image\":{\"@id\":\"https:\/\/kulturonline.tv\/de\/paris-texas\/#primaryimage\"},\"thumbnailUrl\":\"https:\/\/kulturonline.tv\/wp-content\/uploads\/2024\/07\/tipp-4-1.png\",\"datePublished\":\"2024-07-21T20:48:10+00:00\",\"dateModified\":\"2024-07-28T23:20:49+00:00\",\"description\":\"Wie aus dem Nichts taucht in der sengenden W\u00fcstenhitze zwischen den USA und Mexiko ein hagerer Mann auf, der einen dunklen Anzug und eine rote Baseballkappe tr\u00e4gt.\",\"breadcrumb\":{\"@id\":\"https:\/\/kulturonline.tv\/de\/paris-texas\/#breadcrumb\"},\"inLanguage\":\"de\",\"potentialAction\":[{\"@type\":\"ReadAction\",\"target\":[\"https:\/\/kulturonline.tv\/de\/paris-texas\/\"]}]},{\"@type\":\"ImageObject\",\"inLanguage\":\"de\",\"@id\":\"https:\/\/kulturonline.tv\/de\/paris-texas\/#primaryimage\",\"url\":\"https:\/\/kulturonline.tv\/wp-content\/uploads\/2024\/07\/tipp-4-1.png\",\"contentUrl\":\"https:\/\/kulturonline.tv\/wp-content\/uploads\/2024\/07\/tipp-4-1.png\",\"width\":800,\"height\":800},{\"@type\":\"BreadcrumbList\",\"@id\":\"https:\/\/kulturonline.tv\/de\/paris-texas\/#breadcrumb\",\"itemListElement\":[{\"@type\":\"ListItem\",\"position\":1,\"name\":\"Startseite\",\"item\":\"https:\/\/kulturonline.tv\/de\/\"},{\"@type\":\"ListItem\",\"position\":2,\"name\":\"PARIS, TEXAS\"}]},{\"@type\":\"WebSite\",\"@id\":\"https:\/\/kulturonline.tv\/de\/#website\",\"url\":\"https:\/\/kulturonline.tv\/de\/\",\"name\":\"Kultur Online TV &amp; FM\",\"description\":\"Wir sind Kultur 2.0 zum sehen &amp; h\u00f6ren\",\"publisher\":{\"@id\":\"https:\/\/kulturonline.tv\/de\/#organization\"},\"potentialAction\":[{\"@type\":\"SearchAction\",\"target\":{\"@type\":\"EntryPoint\",\"urlTemplate\":\"https:\/\/kulturonline.tv\/de\/?s={search_term_string}\"},\"query-input\":{\"@type\":\"PropertyValueSpecification\",\"valueRequired\":true,\"valueName\":\"search_term_string\"}}],\"inLanguage\":\"de\"},{\"@type\":\"Organization\",\"@id\":\"https:\/\/kulturonline.tv\/de\/#organization\",\"name\":\"Kultur Online TV\",\"url\":\"https:\/\/kulturonline.tv\/de\/\",\"logo\":{\"@type\":\"ImageObject\",\"inLanguage\":\"de\",\"@id\":\"https:\/\/kulturonline.tv\/de\/#\/schema\/logo\/image\/\",\"url\":\"https:\/\/kulturonline.tv\/wp-content\/uploads\/2021\/08\/Kultur-Online-Tv-Logo-Endversion-neu.png\",\"contentUrl\":\"https:\/\/kulturonline.tv\/wp-content\/uploads\/2021\/08\/Kultur-Online-Tv-Logo-Endversion-neu.png\",\"width\":200,\"height\":200,\"caption\":\"Kultur Online TV\"},\"image\":{\"@id\":\"https:\/\/kulturonline.tv\/de\/#\/schema\/logo\/image\/\"},\"sameAs\":[\"https:\/\/www.facebook.com\/kulturonline.tv\",\"https:\/\/www.instagram.com\/kulturonline.tv\"]},{\"@type\":\"Person\",\"@id\":\"https:\/\/kulturonline.tv\/de\/#\/schema\/person\/b0fac729bb9a0c193fb1df23449df4fe\",\"name\":\"guenter.wolfgang\"}]}<\/script>\n<!-- \/ Yoast SEO plugin. -->","yoast_head_json":{"title":"PARIS, TEXAS - Kultur Online TV &amp; FM","description":"Wie aus dem Nichts taucht in der sengenden W\u00fcstenhitze zwischen den USA und Mexiko ein hagerer Mann auf, der einen dunklen Anzug und eine rote Baseballkappe tr\u00e4gt.","robots":{"index":"index","follow":"follow","max-snippet":"max-snippet:-1","max-image-preview":"max-image-preview:large","max-video-preview":"max-video-preview:-1"},"canonical":"https:\/\/kulturonline.tv\/de\/paris-texas\/","og_locale":"de_DE","og_type":"article","og_title":"PARIS, TEXAS - Kultur Online TV &amp; FM","og_description":"Wie aus dem Nichts taucht in der sengenden W\u00fcstenhitze zwischen den USA und Mexiko ein hagerer Mann auf, der einen dunklen Anzug und eine rote Baseballkappe tr\u00e4gt.","og_url":"https:\/\/kulturonline.tv\/de\/paris-texas\/","og_site_name":"Kultur Online TV &amp; FM","article_publisher":"https:\/\/www.facebook.com\/kulturonline.tv","article_published_time":"2024-07-21T20:48:10+00:00","article_modified_time":"2024-07-28T23:20:49+00:00","og_image":[{"width":800,"height":800,"url":"https:\/\/kulturonline.tv\/wp-content\/uploads\/2024\/07\/tipp-4-1.png","type":"image\/png"}],"author":"guenter.wolfgang","twitter_card":"summary_large_image","twitter_misc":{"Verfasst von":"guenter.wolfgang","Gesch\u00e4tzte Lesezeit":"1\u00a0Minute"},"schema":{"@context":"https:\/\/schema.org","@graph":[{"@type":"Article","@id":"https:\/\/kulturonline.tv\/de\/paris-texas\/#article","isPartOf":{"@id":"https:\/\/kulturonline.tv\/de\/paris-texas\/"},"author":{"name":"guenter.wolfgang","@id":"https:\/\/kulturonline.tv\/de\/#\/schema\/person\/b0fac729bb9a0c193fb1df23449df4fe"},"headline":"PARIS, TEXAS","datePublished":"2024-07-21T20:48:10+00:00","dateModified":"2024-07-28T23:20:49+00:00","mainEntityOfPage":{"@id":"https:\/\/kulturonline.tv\/de\/paris-texas\/"},"wordCount":300,"commentCount":1,"publisher":{"@id":"https:\/\/kulturonline.tv\/de\/#organization"},"image":{"@id":"https:\/\/kulturonline.tv\/de\/paris-texas\/#primaryimage"},"thumbnailUrl":"https:\/\/kulturonline.tv\/wp-content\/uploads\/2024\/07\/tipp-4-1.png","articleSection":["Unkategorisiert"],"inLanguage":"de","potentialAction":[{"@type":"CommentAction","name":"Comment","target":["https:\/\/kulturonline.tv\/de\/paris-texas\/#respond"]}]},{"@type":"WebPage","@id":"https:\/\/kulturonline.tv\/de\/paris-texas\/","url":"https:\/\/kulturonline.tv\/de\/paris-texas\/","name":"PARIS, TEXAS - Kultur Online TV &amp; FM","isPartOf":{"@id":"https:\/\/kulturonline.tv\/de\/#website"},"primaryImageOfPage":{"@id":"https:\/\/kulturonline.tv\/de\/paris-texas\/#primaryimage"},"image":{"@id":"https:\/\/kulturonline.tv\/de\/paris-texas\/#primaryimage"},"thumbnailUrl":"https:\/\/kulturonline.tv\/wp-content\/uploads\/2024\/07\/tipp-4-1.png","datePublished":"2024-07-21T20:48:10+00:00","dateModified":"2024-07-28T23:20:49+00:00","description":"Wie aus dem Nichts taucht in der sengenden W\u00fcstenhitze zwischen den USA und Mexiko ein hagerer Mann auf, der einen dunklen Anzug und eine rote Baseballkappe tr\u00e4gt.","breadcrumb":{"@id":"https:\/\/kulturonline.tv\/de\/paris-texas\/#breadcrumb"},"inLanguage":"de","potentialAction":[{"@type":"ReadAction","target":["https:\/\/kulturonline.tv\/de\/paris-texas\/"]}]},{"@type":"ImageObject","inLanguage":"de","@id":"https:\/\/kulturonline.tv\/de\/paris-texas\/#primaryimage","url":"https:\/\/kulturonline.tv\/wp-content\/uploads\/2024\/07\/tipp-4-1.png","contentUrl":"https:\/\/kulturonline.tv\/wp-content\/uploads\/2024\/07\/tipp-4-1.png","width":800,"height":800},{"@type":"BreadcrumbList","@id":"https:\/\/kulturonline.tv\/de\/paris-texas\/#breadcrumb","itemListElement":[{"@type":"ListItem","position":1,"name":"Startseite","item":"https:\/\/kulturonline.tv\/de\/"},{"@type":"ListItem","position":2,"name":"PARIS, TEXAS"}]},{"@type":"WebSite","@id":"https:\/\/kulturonline.tv\/de\/#website","url":"https:\/\/kulturonline.tv\/de\/","name":"Kultur Online TV &amp; FM","description":"Wir sind Kultur 2.0 zum sehen &amp; h\u00f6ren","publisher":{"@id":"https:\/\/kulturonline.tv\/de\/#organization"},"potentialAction":[{"@type":"SearchAction","target":{"@type":"EntryPoint","urlTemplate":"https:\/\/kulturonline.tv\/de\/?s={search_term_string}"},"query-input":{"@type":"PropertyValueSpecification","valueRequired":true,"valueName":"search_term_string"}}],"inLanguage":"de"},{"@type":"Organization","@id":"https:\/\/kulturonline.tv\/de\/#organization","name":"Kultur Online TV","url":"https:\/\/kulturonline.tv\/de\/","logo":{"@type":"ImageObject","inLanguage":"de","@id":"https:\/\/kulturonline.tv\/de\/#\/schema\/logo\/image\/","url":"https:\/\/kulturonline.tv\/wp-content\/uploads\/2021\/08\/Kultur-Online-Tv-Logo-Endversion-neu.png","contentUrl":"https:\/\/kulturonline.tv\/wp-content\/uploads\/2021\/08\/Kultur-Online-Tv-Logo-Endversion-neu.png","width":200,"height":200,"caption":"Kultur Online TV"},"image":{"@id":"https:\/\/kulturonline.tv\/de\/#\/schema\/logo\/image\/"},"sameAs":["https:\/\/www.facebook.com\/kulturonline.tv","https:\/\/www.instagram.com\/kulturonline.tv"]},{"@type":"Person","@id":"https:\/\/kulturonline.tv\/de\/#\/schema\/person\/b0fac729bb9a0c193fb1df23449df4fe","name":"guenter.wolfgang"}]}},"_links":{"self":[{"href":"https:\/\/kulturonline.tv\/de\/wp-json\/wp\/v2\/posts\/95690","targetHints":{"allow":["GET"]}}],"collection":[{"href":"https:\/\/kulturonline.tv\/de\/wp-json\/wp\/v2\/posts"}],"about":[{"href":"https:\/\/kulturonline.tv\/de\/wp-json\/wp\/v2\/types\/post"}],"author":[{"embeddable":true,"href":"https:\/\/kulturonline.tv\/de\/wp-json\/wp\/v2\/users\/2"}],"replies":[{"embeddable":true,"href":"https:\/\/kulturonline.tv\/de\/wp-json\/wp\/v2\/comments?post=95690"}],"version-history":[{"count":0,"href":"https:\/\/kulturonline.tv\/de\/wp-json\/wp\/v2\/posts\/95690\/revisions"}],"wp:featuredmedia":[{"embeddable":true,"href":"https:\/\/kulturonline.tv\/de\/wp-json\/wp\/v2\/media\/95942"}],"wp:attachment":[{"href":"https:\/\/kulturonline.tv\/de\/wp-json\/wp\/v2\/media?parent=95690"}],"wp:term":[{"taxonomy":"category","embeddable":true,"href":"https:\/\/kulturonline.tv\/de\/wp-json\/wp\/v2\/categories?post=95690"},{"taxonomy":"post_tag","embeddable":true,"href":"https:\/\/kulturonline.tv\/de\/wp-json\/wp\/v2\/tags?post=95690"}],"curies":[{"name":"wp","href":"https:\/\/api.w.org\/{rel}","templated":true}]}}