{"id":95918,"date":"2024-07-23T00:15:15","date_gmt":"2024-07-22T22:15:15","guid":{"rendered":"https:\/\/kulturonline.tv\/?p=95918"},"modified":"2024-07-29T01:14:29","modified_gmt":"2024-07-28T23:14:29","slug":"der-buchspazierer","status":"publish","type":"post","link":"https:\/\/kulturonline.tv\/de\/der-buchspazierer\/","title":{"rendered":"DER BUCHSPAZIERER\u00a0"},"content":{"rendered":"\n<div class=\"wp-block-media-text is-stacked-on-mobile\" style=\"grid-template-columns:39% auto\"><figure class=\"wp-block-media-text__media\"><img fetchpriority=\"high\" decoding=\"async\" width=\"1280\" height=\"1600\" src=\"https:\/\/kulturonline.tv\/wp-content\/uploads\/2024\/07\/Der-Buchspazierer-Poster-SocialFormat-4x5-German-2480x3100-Der-Buchspazierer-Hauptposter-SocialFormat-4x5-jpg-1-1280x1600.jpg\" alt=\"\" class=\"wp-image-95923 size-full\" srcset=\"https:\/\/kulturonline.tv\/wp-content\/uploads\/2024\/07\/Der-Buchspazierer-Poster-SocialFormat-4x5-German-2480x3100-Der-Buchspazierer-Hauptposter-SocialFormat-4x5-jpg-1-1280x1600.jpg 1280w, https:\/\/kulturonline.tv\/wp-content\/uploads\/2024\/07\/Der-Buchspazierer-Poster-SocialFormat-4x5-German-2480x3100-Der-Buchspazierer-Hauptposter-SocialFormat-4x5-jpg-1-640x800.jpg 640w, https:\/\/kulturonline.tv\/wp-content\/uploads\/2024\/07\/Der-Buchspazierer-Poster-SocialFormat-4x5-German-2480x3100-Der-Buchspazierer-Hauptposter-SocialFormat-4x5-jpg-1-768x960.jpg 768w, https:\/\/kulturonline.tv\/wp-content\/uploads\/2024\/07\/Der-Buchspazierer-Poster-SocialFormat-4x5-German-2480x3100-Der-Buchspazierer-Hauptposter-SocialFormat-4x5-jpg-1-1229x1536.jpg 1229w, https:\/\/kulturonline.tv\/wp-content\/uploads\/2024\/07\/Der-Buchspazierer-Poster-SocialFormat-4x5-German-2480x3100-Der-Buchspazierer-Hauptposter-SocialFormat-4x5-jpg-1-1638x2048.jpg 1638w, https:\/\/kulturonline.tv\/wp-content\/uploads\/2024\/07\/Der-Buchspazierer-Poster-SocialFormat-4x5-German-2480x3100-Der-Buchspazierer-Hauptposter-SocialFormat-4x5-jpg-1-scaled.jpg 2048w\" sizes=\"(max-width: 1280px) 100vw, 1280px\" \/><\/figure><div class=\"wp-block-media-text__content\">\n<p><br><strong>Kinostart: 10.10.2024<\/strong><\/p>\n\n\n\n<p>Genre: Kom\u00f6die<\/p>\n\n\n\n<p><\/p>\n<\/div><\/div>\n\n\n\n<p><strong>Kurzinhalt:<\/strong><\/p>\n\n\n\n<p>Tag f\u00fcr Tag steht Carl Kollhoff im Hinterzimmer eines Buchladens und schl\u00e4gt sorgf\u00e4ltig B\u00fccher in Papier ein, um sie zu den Stammkunden in der Stadt zu bringen. B\u00fccher sind das gr\u00f6\u00dfte Gl\u00fcck des wortkargen \u00e4lteren Mannes, der ansonsten jeglichen Kontakt zu anderen Menschen scheut. <\/p>\n\n\n\n<p>Auf einem seiner Rundg\u00e4nge heftet sich die neunj\u00e4hrige Schascha an seine Fersen. Widerwillig l\u00e4sst sich Carl auf das M\u00e4dchen ein, das ihn fortan auf seinen Boteng\u00e4ngen begleitet und ihn den \u201eBuchspazierer\u201c nennt. Schnell gewinnt Schascha auch die Herzen von Carls Stammkunden und wirbelt nicht nur deren Leben geh\u00f6rig durcheinander, sondern bringt auch Carl dazu, aus seiner eigenen Welt auszubrechen.<\/p>\n\n\n\n<p>DER BUCHSPAZIERER, basierend auf dem gleichnamigen Bestseller-Roman von Carsten Henn, ist eine warmherzige Hommage an die Literatur, das Leben und die Liebe, die gro\u00dfe Gef\u00fchle auf die Leinwand zaubert. Ein Feelgood-Movie, das zum Tr\u00e4umen, Weinen und Lachen anregt. Der im November 2020 erschienene Roman begeisterte im deutschsprachigen Raum bislang \u00fcber 500.000 Leser:innen, stand monatelang in den Top 10 der Spiegel Bestseller-Liste und wurde erfolgreich in 29 L\u00e4nder weltweit verkauft. <\/p>\n\n\n\n<p>Die Filmadaption markiert das Kinoregiedeb\u00fct von Ngo The Chau (\u201eDrift: Partners in Crime\u201c), der auch die Kamera verantwortet. Das Drehbuch stammt aus der Feder von Andi Rogenhagen. Christoph Maria Herbst (\u201eEin Fest f\u00fcr\u2019s Leben\u201c) \u00fcbernimmt die Titelrolle des Buchspazierers Carl Kollhoff, an seiner Seiten spielen Ronald Zehrfeld (\u201eSterben\u201c) als Schaschas Vater, Edin Hasanovic (\u201eTrauzeugen\u201c) als \u201eMister Darcy\u201c, Hanna Hilsdorf (\u201eA Thin Line\u201c) als \u201eEffi Briest\u201c, Tristan Seith (\u201eHelen Dorn\u201c) als \u201eHerkules\u201c, das Nachwuchstalent Yuna Bennett (\u201eDas Signal\u201c) in der Rolle der neunj\u00e4hrigen Schascha und als Gast Maren Kroymann (\u201eEnkel f\u00fcr Fortgeschrittene\u201c) als \u201eFrau Langstrumpf\u201c.<\/p>\n\n\n\n<p>REGIE : Ngo The Chau<br>DARSTELLER:INNEN : Christoph Maria Herbst, Yuna Bennett, Ronald Zehrfeld, Edin Hasanovic, Hanna Hilsdorf, Tristan Seith und als Gast Maren Kroymann<br>DREHBUCH : Andi Rogenhagen<br>PRODUKTIONSJAHR : 2023<br>PRODUKTIONSLAND : GERMANY<\/p>\n\n\n\n<p>Kultur Online FM <\/p>\n\n\n\n<p>#kino #audiopodcast #arthausfime<\/p>\n","protected":false},"excerpt":{"rendered":"<p>Kinostart: 10.10.2024 Genre: Kom\u00f6die Kurzinhalt: Tag f\u00fcr Tag steht Carl Kollhoff im Hinterzimmer eines Buchladens und schl\u00e4gt sorgf\u00e4ltig B\u00fccher in Papier ein, um sie zu den Stammkunden in der Stadt zu bringen. B\u00fccher sind das gr\u00f6\u00dfte Gl\u00fcck des wortkargen \u00e4lteren Mannes, der ansonsten jeglichen Kontakt zu anderen Menschen scheut. Auf einem seiner Rundg\u00e4nge heftet sich [&hellip;]<\/p>\n","protected":false},"author":2,"featured_media":95927,"comment_status":"open","ping_status":"closed","sticky":false,"template":"","format":"standard","meta":{"_acf_changed":false,"footnotes":""},"categories":[1],"tags":[],"class_list":["post-95918","post","type-post","status-publish","format-standard","has-post-thumbnail","hentry","category-unkategorisiert"],"acf":[],"yoast_head":"<!-- This site is optimized with the Yoast SEO plugin v26.1.1 - https:\/\/yoast.com\/wordpress\/plugins\/seo\/ -->\n<title>DER BUCHSPAZIERER\u00a0 - Kultur Online TV &amp; FM<\/title>\n<meta name=\"description\" content=\"Kinostart: 10.10.2024 Tag f\u00fcr Tag steht Carl Kollhoff im Hinterzimmer eines Buchladens und schl\u00e4gt sorgf\u00e4ltig B\u00fccher in Papier ein, um sie zu den Stammkunden in der Stadt zu bringen.\" \/>\n<meta name=\"robots\" content=\"index, follow, max-snippet:-1, max-image-preview:large, max-video-preview:-1\" \/>\n<link rel=\"canonical\" href=\"https:\/\/kulturonline.tv\/de\/der-buchspazierer\/\" \/>\n<meta property=\"og:locale\" content=\"de_DE\" \/>\n<meta property=\"og:type\" content=\"article\" \/>\n<meta property=\"og:title\" content=\"DER BUCHSPAZIERER\u00a0 - Kultur Online TV &amp; FM\" \/>\n<meta property=\"og:description\" content=\"Kinostart: 10.10.2024 Tag f\u00fcr Tag steht Carl Kollhoff im Hinterzimmer eines Buchladens und schl\u00e4gt sorgf\u00e4ltig B\u00fccher in Papier ein, um sie zu den Stammkunden in der Stadt zu bringen.\" \/>\n<meta property=\"og:url\" content=\"https:\/\/kulturonline.tv\/de\/der-buchspazierer\/\" \/>\n<meta property=\"og:site_name\" content=\"Kultur Online TV &amp; FM\" \/>\n<meta property=\"article:publisher\" content=\"https:\/\/www.facebook.com\/kulturonline.tv\" \/>\n<meta property=\"article:published_time\" content=\"2024-07-22T22:15:15+00:00\" \/>\n<meta property=\"article:modified_time\" content=\"2024-07-28T23:14:29+00:00\" \/>\n<meta property=\"og:image\" content=\"https:\/\/kulturonline.tv\/wp-content\/uploads\/2024\/07\/tipp-2.png\" \/>\n\t<meta property=\"og:image:width\" content=\"800\" \/>\n\t<meta property=\"og:image:height\" content=\"800\" \/>\n\t<meta property=\"og:image:type\" content=\"image\/png\" \/>\n<meta name=\"author\" content=\"guenter.wolfgang\" \/>\n<meta name=\"twitter:card\" content=\"summary_large_image\" \/>\n<meta name=\"twitter:label1\" content=\"Verfasst von\" \/>\n\t<meta name=\"twitter:data1\" content=\"guenter.wolfgang\" \/>\n\t<meta name=\"twitter:label2\" content=\"Gesch\u00e4tzte Lesezeit\" \/>\n\t<meta name=\"twitter:data2\" content=\"2\u00a0Minuten\" \/>\n<script type=\"application\/ld+json\" class=\"yoast-schema-graph\">{\"@context\":\"https:\/\/schema.org\",\"@graph\":[{\"@type\":\"Article\",\"@id\":\"https:\/\/kulturonline.tv\/de\/der-buchspazierer\/#article\",\"isPartOf\":{\"@id\":\"https:\/\/kulturonline.tv\/de\/der-buchspazierer\/\"},\"author\":{\"name\":\"guenter.wolfgang\",\"@id\":\"https:\/\/kulturonline.tv\/de\/#\/schema\/person\/b0fac729bb9a0c193fb1df23449df4fe\"},\"headline\":\"DER BUCHSPAZIERER\u00a0\",\"datePublished\":\"2024-07-22T22:15:15+00:00\",\"dateModified\":\"2024-07-28T23:14:29+00:00\",\"mainEntityOfPage\":{\"@id\":\"https:\/\/kulturonline.tv\/de\/der-buchspazierer\/\"},\"wordCount\":325,\"commentCount\":2,\"publisher\":{\"@id\":\"https:\/\/kulturonline.tv\/de\/#organization\"},\"image\":{\"@id\":\"https:\/\/kulturonline.tv\/de\/der-buchspazierer\/#primaryimage\"},\"thumbnailUrl\":\"https:\/\/kulturonline.tv\/wp-content\/uploads\/2024\/07\/tipp-2.png\",\"articleSection\":[\"Unkategorisiert\"],\"inLanguage\":\"de\",\"potentialAction\":[{\"@type\":\"CommentAction\",\"name\":\"Comment\",\"target\":[\"https:\/\/kulturonline.tv\/de\/der-buchspazierer\/#respond\"]}]},{\"@type\":\"WebPage\",\"@id\":\"https:\/\/kulturonline.tv\/de\/der-buchspazierer\/\",\"url\":\"https:\/\/kulturonline.tv\/de\/der-buchspazierer\/\",\"name\":\"DER BUCHSPAZIERER\u00a0 - Kultur Online TV &amp; FM\",\"isPartOf\":{\"@id\":\"https:\/\/kulturonline.tv\/de\/#website\"},\"primaryImageOfPage\":{\"@id\":\"https:\/\/kulturonline.tv\/de\/der-buchspazierer\/#primaryimage\"},\"image\":{\"@id\":\"https:\/\/kulturonline.tv\/de\/der-buchspazierer\/#primaryimage\"},\"thumbnailUrl\":\"https:\/\/kulturonline.tv\/wp-content\/uploads\/2024\/07\/tipp-2.png\",\"datePublished\":\"2024-07-22T22:15:15+00:00\",\"dateModified\":\"2024-07-28T23:14:29+00:00\",\"description\":\"Kinostart: 10.10.2024 Tag f\u00fcr Tag steht Carl Kollhoff im Hinterzimmer eines Buchladens und schl\u00e4gt sorgf\u00e4ltig B\u00fccher in Papier ein, um sie zu den Stammkunden in der Stadt zu bringen.\",\"breadcrumb\":{\"@id\":\"https:\/\/kulturonline.tv\/de\/der-buchspazierer\/#breadcrumb\"},\"inLanguage\":\"de\",\"potentialAction\":[{\"@type\":\"ReadAction\",\"target\":[\"https:\/\/kulturonline.tv\/de\/der-buchspazierer\/\"]}]},{\"@type\":\"ImageObject\",\"inLanguage\":\"de\",\"@id\":\"https:\/\/kulturonline.tv\/de\/der-buchspazierer\/#primaryimage\",\"url\":\"https:\/\/kulturonline.tv\/wp-content\/uploads\/2024\/07\/tipp-2.png\",\"contentUrl\":\"https:\/\/kulturonline.tv\/wp-content\/uploads\/2024\/07\/tipp-2.png\",\"width\":800,\"height\":800},{\"@type\":\"BreadcrumbList\",\"@id\":\"https:\/\/kulturonline.tv\/de\/der-buchspazierer\/#breadcrumb\",\"itemListElement\":[{\"@type\":\"ListItem\",\"position\":1,\"name\":\"Startseite\",\"item\":\"https:\/\/kulturonline.tv\/de\/\"},{\"@type\":\"ListItem\",\"position\":2,\"name\":\"DER BUCHSPAZIERER\u00a0\"}]},{\"@type\":\"WebSite\",\"@id\":\"https:\/\/kulturonline.tv\/de\/#website\",\"url\":\"https:\/\/kulturonline.tv\/de\/\",\"name\":\"Kultur Online TV &amp; FM\",\"description\":\"Wir sind Kultur 2.0 zum sehen &amp; h\u00f6ren\",\"publisher\":{\"@id\":\"https:\/\/kulturonline.tv\/de\/#organization\"},\"potentialAction\":[{\"@type\":\"SearchAction\",\"target\":{\"@type\":\"EntryPoint\",\"urlTemplate\":\"https:\/\/kulturonline.tv\/de\/?s={search_term_string}\"},\"query-input\":{\"@type\":\"PropertyValueSpecification\",\"valueRequired\":true,\"valueName\":\"search_term_string\"}}],\"inLanguage\":\"de\"},{\"@type\":\"Organization\",\"@id\":\"https:\/\/kulturonline.tv\/de\/#organization\",\"name\":\"Kultur Online TV\",\"url\":\"https:\/\/kulturonline.tv\/de\/\",\"logo\":{\"@type\":\"ImageObject\",\"inLanguage\":\"de\",\"@id\":\"https:\/\/kulturonline.tv\/de\/#\/schema\/logo\/image\/\",\"url\":\"https:\/\/kulturonline.tv\/wp-content\/uploads\/2021\/08\/Kultur-Online-Tv-Logo-Endversion-neu.png\",\"contentUrl\":\"https:\/\/kulturonline.tv\/wp-content\/uploads\/2021\/08\/Kultur-Online-Tv-Logo-Endversion-neu.png\",\"width\":200,\"height\":200,\"caption\":\"Kultur Online TV\"},\"image\":{\"@id\":\"https:\/\/kulturonline.tv\/de\/#\/schema\/logo\/image\/\"},\"sameAs\":[\"https:\/\/www.facebook.com\/kulturonline.tv\",\"https:\/\/www.instagram.com\/kulturonline.tv\"]},{\"@type\":\"Person\",\"@id\":\"https:\/\/kulturonline.tv\/de\/#\/schema\/person\/b0fac729bb9a0c193fb1df23449df4fe\",\"name\":\"guenter.wolfgang\"}]}<\/script>\n<!-- \/ Yoast SEO plugin. -->","yoast_head_json":{"title":"DER BUCHSPAZIERER\u00a0 - Kultur Online TV &amp; FM","description":"Kinostart: 10.10.2024 Tag f\u00fcr Tag steht Carl Kollhoff im Hinterzimmer eines Buchladens und schl\u00e4gt sorgf\u00e4ltig B\u00fccher in Papier ein, um sie zu den Stammkunden in der Stadt zu bringen.","robots":{"index":"index","follow":"follow","max-snippet":"max-snippet:-1","max-image-preview":"max-image-preview:large","max-video-preview":"max-video-preview:-1"},"canonical":"https:\/\/kulturonline.tv\/de\/der-buchspazierer\/","og_locale":"de_DE","og_type":"article","og_title":"DER BUCHSPAZIERER\u00a0 - Kultur Online TV &amp; FM","og_description":"Kinostart: 10.10.2024 Tag f\u00fcr Tag steht Carl Kollhoff im Hinterzimmer eines Buchladens und schl\u00e4gt sorgf\u00e4ltig B\u00fccher in Papier ein, um sie zu den Stammkunden in der Stadt zu bringen.","og_url":"https:\/\/kulturonline.tv\/de\/der-buchspazierer\/","og_site_name":"Kultur Online TV &amp; FM","article_publisher":"https:\/\/www.facebook.com\/kulturonline.tv","article_published_time":"2024-07-22T22:15:15+00:00","article_modified_time":"2024-07-28T23:14:29+00:00","og_image":[{"width":800,"height":800,"url":"https:\/\/kulturonline.tv\/wp-content\/uploads\/2024\/07\/tipp-2.png","type":"image\/png"}],"author":"guenter.wolfgang","twitter_card":"summary_large_image","twitter_misc":{"Verfasst von":"guenter.wolfgang","Gesch\u00e4tzte Lesezeit":"2\u00a0Minuten"},"schema":{"@context":"https:\/\/schema.org","@graph":[{"@type":"Article","@id":"https:\/\/kulturonline.tv\/de\/der-buchspazierer\/#article","isPartOf":{"@id":"https:\/\/kulturonline.tv\/de\/der-buchspazierer\/"},"author":{"name":"guenter.wolfgang","@id":"https:\/\/kulturonline.tv\/de\/#\/schema\/person\/b0fac729bb9a0c193fb1df23449df4fe"},"headline":"DER BUCHSPAZIERER\u00a0","datePublished":"2024-07-22T22:15:15+00:00","dateModified":"2024-07-28T23:14:29+00:00","mainEntityOfPage":{"@id":"https:\/\/kulturonline.tv\/de\/der-buchspazierer\/"},"wordCount":325,"commentCount":2,"publisher":{"@id":"https:\/\/kulturonline.tv\/de\/#organization"},"image":{"@id":"https:\/\/kulturonline.tv\/de\/der-buchspazierer\/#primaryimage"},"thumbnailUrl":"https:\/\/kulturonline.tv\/wp-content\/uploads\/2024\/07\/tipp-2.png","articleSection":["Unkategorisiert"],"inLanguage":"de","potentialAction":[{"@type":"CommentAction","name":"Comment","target":["https:\/\/kulturonline.tv\/de\/der-buchspazierer\/#respond"]}]},{"@type":"WebPage","@id":"https:\/\/kulturonline.tv\/de\/der-buchspazierer\/","url":"https:\/\/kulturonline.tv\/de\/der-buchspazierer\/","name":"DER BUCHSPAZIERER\u00a0 - Kultur Online TV &amp; FM","isPartOf":{"@id":"https:\/\/kulturonline.tv\/de\/#website"},"primaryImageOfPage":{"@id":"https:\/\/kulturonline.tv\/de\/der-buchspazierer\/#primaryimage"},"image":{"@id":"https:\/\/kulturonline.tv\/de\/der-buchspazierer\/#primaryimage"},"thumbnailUrl":"https:\/\/kulturonline.tv\/wp-content\/uploads\/2024\/07\/tipp-2.png","datePublished":"2024-07-22T22:15:15+00:00","dateModified":"2024-07-28T23:14:29+00:00","description":"Kinostart: 10.10.2024 Tag f\u00fcr Tag steht Carl Kollhoff im Hinterzimmer eines Buchladens und schl\u00e4gt sorgf\u00e4ltig B\u00fccher in Papier ein, um sie zu den Stammkunden in der Stadt zu bringen.","breadcrumb":{"@id":"https:\/\/kulturonline.tv\/de\/der-buchspazierer\/#breadcrumb"},"inLanguage":"de","potentialAction":[{"@type":"ReadAction","target":["https:\/\/kulturonline.tv\/de\/der-buchspazierer\/"]}]},{"@type":"ImageObject","inLanguage":"de","@id":"https:\/\/kulturonline.tv\/de\/der-buchspazierer\/#primaryimage","url":"https:\/\/kulturonline.tv\/wp-content\/uploads\/2024\/07\/tipp-2.png","contentUrl":"https:\/\/kulturonline.tv\/wp-content\/uploads\/2024\/07\/tipp-2.png","width":800,"height":800},{"@type":"BreadcrumbList","@id":"https:\/\/kulturonline.tv\/de\/der-buchspazierer\/#breadcrumb","itemListElement":[{"@type":"ListItem","position":1,"name":"Startseite","item":"https:\/\/kulturonline.tv\/de\/"},{"@type":"ListItem","position":2,"name":"DER BUCHSPAZIERER\u00a0"}]},{"@type":"WebSite","@id":"https:\/\/kulturonline.tv\/de\/#website","url":"https:\/\/kulturonline.tv\/de\/","name":"Kultur Online TV &amp; FM","description":"Wir sind Kultur 2.0 zum sehen &amp; h\u00f6ren","publisher":{"@id":"https:\/\/kulturonline.tv\/de\/#organization"},"potentialAction":[{"@type":"SearchAction","target":{"@type":"EntryPoint","urlTemplate":"https:\/\/kulturonline.tv\/de\/?s={search_term_string}"},"query-input":{"@type":"PropertyValueSpecification","valueRequired":true,"valueName":"search_term_string"}}],"inLanguage":"de"},{"@type":"Organization","@id":"https:\/\/kulturonline.tv\/de\/#organization","name":"Kultur Online TV","url":"https:\/\/kulturonline.tv\/de\/","logo":{"@type":"ImageObject","inLanguage":"de","@id":"https:\/\/kulturonline.tv\/de\/#\/schema\/logo\/image\/","url":"https:\/\/kulturonline.tv\/wp-content\/uploads\/2021\/08\/Kultur-Online-Tv-Logo-Endversion-neu.png","contentUrl":"https:\/\/kulturonline.tv\/wp-content\/uploads\/2021\/08\/Kultur-Online-Tv-Logo-Endversion-neu.png","width":200,"height":200,"caption":"Kultur Online TV"},"image":{"@id":"https:\/\/kulturonline.tv\/de\/#\/schema\/logo\/image\/"},"sameAs":["https:\/\/www.facebook.com\/kulturonline.tv","https:\/\/www.instagram.com\/kulturonline.tv"]},{"@type":"Person","@id":"https:\/\/kulturonline.tv\/de\/#\/schema\/person\/b0fac729bb9a0c193fb1df23449df4fe","name":"guenter.wolfgang"}]}},"_links":{"self":[{"href":"https:\/\/kulturonline.tv\/de\/wp-json\/wp\/v2\/posts\/95918","targetHints":{"allow":["GET"]}}],"collection":[{"href":"https:\/\/kulturonline.tv\/de\/wp-json\/wp\/v2\/posts"}],"about":[{"href":"https:\/\/kulturonline.tv\/de\/wp-json\/wp\/v2\/types\/post"}],"author":[{"embeddable":true,"href":"https:\/\/kulturonline.tv\/de\/wp-json\/wp\/v2\/users\/2"}],"replies":[{"embeddable":true,"href":"https:\/\/kulturonline.tv\/de\/wp-json\/wp\/v2\/comments?post=95918"}],"version-history":[{"count":0,"href":"https:\/\/kulturonline.tv\/de\/wp-json\/wp\/v2\/posts\/95918\/revisions"}],"wp:featuredmedia":[{"embeddable":true,"href":"https:\/\/kulturonline.tv\/de\/wp-json\/wp\/v2\/media\/95927"}],"wp:attachment":[{"href":"https:\/\/kulturonline.tv\/de\/wp-json\/wp\/v2\/media?parent=95918"}],"wp:term":[{"taxonomy":"category","embeddable":true,"href":"https:\/\/kulturonline.tv\/de\/wp-json\/wp\/v2\/categories?post=95918"},{"taxonomy":"post_tag","embeddable":true,"href":"https:\/\/kulturonline.tv\/de\/wp-json\/wp\/v2\/tags?post=95918"}],"curies":[{"name":"wp","href":"https:\/\/api.w.org\/{rel}","templated":true}]}}