{"id":97333,"date":"2024-08-01T22:35:10","date_gmt":"2024-08-01T20:35:10","guid":{"rendered":"https:\/\/kulturonline.tv\/?p=97333"},"modified":"2024-08-01T22:35:11","modified_gmt":"2024-08-01T20:35:11","slug":"deutscher-buchhandlungspreis-fuer-buchhandlungen-in-nrw","status":"publish","type":"post","link":"https:\/\/kulturonline.tv\/de\/deutscher-buchhandlungspreis-fuer-buchhandlungen-in-nrw\/","title":{"rendered":"Deutscher Buchhandlungspreis f\u00fcr Buchhandlungen in NRW"},"content":{"rendered":"\n<figure class=\"wp-block-image size-full\"><img fetchpriority=\"high\" decoding=\"async\" width=\"1280\" height=\"853\" src=\"https:\/\/kulturonline.tv\/wp-content\/uploads\/2024\/08\/books-5211309_1280.jpg\" alt=\"\" class=\"wp-image-97334\" srcset=\"https:\/\/kulturonline.tv\/wp-content\/uploads\/2024\/08\/books-5211309_1280.jpg 1280w, https:\/\/kulturonline.tv\/wp-content\/uploads\/2024\/08\/books-5211309_1280-800x533.jpg 800w, https:\/\/kulturonline.tv\/wp-content\/uploads\/2024\/08\/books-5211309_1280-768x512.jpg 768w\" sizes=\"(max-width: 1280px) 100vw, 1280px\" \/><\/figure>\n\n\n\n<p>bild \/ pixabay<\/p>\n\n\n\n<p>Bei der Verleihung des Buchhandlungspreises 2024 in Berlin konnten sich gleich mehrere Buchhandlungen aus Nordrhein-Westfalen \u00fcber eine Auszeichnung freuen. Die Barbara Buchhandlung in Moers, die Buchhandlung LESART in Rheda-Wiedenbr\u00fcck und die Ronsdorfer B\u00fccherstube in Wuppertal wurden f\u00fcr ihr Engagement und ihr vielf\u00e4ltiges Angebot geehrt.<\/p>\n\n\n\n<p>Besonders hervorzuheben ist, dass die Buchhandlungen Jost in Bonn und der Buchladen Neusser Stra\u00dfe in K\u00f6ln ein G\u00fctesiegel f\u00fcr ihren \u00fcberdurchschnittlichen Umsatz erhielten.<\/p>\n\n\n\n<p>Diese Auszeichnungen zeigen einmal mehr, wie wichtig lokale Buchhandlungen f\u00fcr das kulturelle Leben sind. Sie sind nicht nur Orte zum B\u00fccherkaufen, sondern auch Treffpunkte f\u00fcr Literaturfreunde und wichtige Kulturtr\u00e4ger in ihren Gemeinden.<\/p>\n\n\n\n<p>Kultur Online TV-FM<\/p>\n\n\n\n<p># b\u00fccher #preise #berlin<\/p>\n","protected":false},"excerpt":{"rendered":"<p>bild \/ pixabay Bei der Verleihung des Buchhandlungspreises 2024 in Berlin konnten sich gleich mehrere Buchhandlungen aus Nordrhein-Westfalen \u00fcber eine Auszeichnung freuen. Die Barbara Buchhandlung in Moers, die Buchhandlung LESART in Rheda-Wiedenbr\u00fcck und die Ronsdorfer B\u00fccherstube in Wuppertal wurden f\u00fcr ihr Engagement und ihr vielf\u00e4ltiges Angebot geehrt. Besonders hervorzuheben ist, dass die Buchhandlungen Jost in [&hellip;]<\/p>\n","protected":false},"author":2,"featured_media":97334,"comment_status":"open","ping_status":"closed","sticky":false,"template":"","format":"standard","meta":{"_acf_changed":false,"footnotes":""},"categories":[106],"tags":[],"class_list":["post-97333","post","type-post","status-publish","format-standard","has-post-thumbnail","hentry","category-literatur"],"acf":[],"yoast_head":"<!-- This site is optimized with the Yoast SEO plugin v26.1.1 - https:\/\/yoast.com\/wordpress\/plugins\/seo\/ -->\n<title>Deutscher Buchhandlungspreis f\u00fcr Buchhandlungen in NRW - Kultur Online TV &amp; FM<\/title>\n<meta name=\"description\" content=\"Kultur sehen und H\u00f6ren\" \/>\n<meta name=\"robots\" content=\"index, follow, max-snippet:-1, max-image-preview:large, max-video-preview:-1\" \/>\n<link rel=\"canonical\" href=\"https:\/\/kulturonline.tv\/de\/deutscher-buchhandlungspreis-fuer-buchhandlungen-in-nrw\/\" \/>\n<meta property=\"og:locale\" content=\"de_DE\" \/>\n<meta property=\"og:type\" content=\"article\" \/>\n<meta property=\"og:title\" content=\"Deutscher Buchhandlungspreis f\u00fcr Buchhandlungen in NRW - Kultur Online TV &amp; FM\" \/>\n<meta property=\"og:description\" content=\"Kultur sehen und H\u00f6ren\" \/>\n<meta property=\"og:url\" content=\"https:\/\/kulturonline.tv\/de\/deutscher-buchhandlungspreis-fuer-buchhandlungen-in-nrw\/\" \/>\n<meta property=\"og:site_name\" content=\"Kultur Online TV &amp; FM\" \/>\n<meta property=\"article:publisher\" content=\"https:\/\/www.facebook.com\/kulturonline.tv\" \/>\n<meta property=\"article:published_time\" content=\"2024-08-01T20:35:10+00:00\" \/>\n<meta property=\"article:modified_time\" content=\"2024-08-01T20:35:11+00:00\" \/>\n<meta property=\"og:image\" content=\"https:\/\/kulturonline.tv\/wp-content\/uploads\/2024\/08\/books-5211309_1280.jpg\" \/>\n\t<meta property=\"og:image:width\" content=\"1280\" \/>\n\t<meta property=\"og:image:height\" content=\"853\" \/>\n\t<meta property=\"og:image:type\" content=\"image\/jpeg\" \/>\n<meta name=\"author\" content=\"guenter.wolfgang\" \/>\n<meta name=\"twitter:card\" content=\"summary_large_image\" \/>\n<meta name=\"twitter:label1\" content=\"Verfasst von\" \/>\n\t<meta name=\"twitter:data1\" content=\"guenter.wolfgang\" \/>\n\t<meta name=\"twitter:label2\" content=\"Gesch\u00e4tzte Lesezeit\" \/>\n\t<meta name=\"twitter:data2\" content=\"1\u00a0Minute\" \/>\n<script type=\"application\/ld+json\" class=\"yoast-schema-graph\">{\"@context\":\"https:\/\/schema.org\",\"@graph\":[{\"@type\":\"Article\",\"@id\":\"https:\/\/kulturonline.tv\/de\/deutscher-buchhandlungspreis-fuer-buchhandlungen-in-nrw\/#article\",\"isPartOf\":{\"@id\":\"https:\/\/kulturonline.tv\/de\/deutscher-buchhandlungspreis-fuer-buchhandlungen-in-nrw\/\"},\"author\":{\"name\":\"guenter.wolfgang\",\"@id\":\"https:\/\/kulturonline.tv\/de\/#\/schema\/person\/b0fac729bb9a0c193fb1df23449df4fe\"},\"headline\":\"Deutscher Buchhandlungspreis f\u00fcr Buchhandlungen in NRW\",\"datePublished\":\"2024-08-01T20:35:10+00:00\",\"dateModified\":\"2024-08-01T20:35:11+00:00\",\"mainEntityOfPage\":{\"@id\":\"https:\/\/kulturonline.tv\/de\/deutscher-buchhandlungspreis-fuer-buchhandlungen-in-nrw\/\"},\"wordCount\":126,\"commentCount\":3,\"publisher\":{\"@id\":\"https:\/\/kulturonline.tv\/de\/#organization\"},\"image\":{\"@id\":\"https:\/\/kulturonline.tv\/de\/deutscher-buchhandlungspreis-fuer-buchhandlungen-in-nrw\/#primaryimage\"},\"thumbnailUrl\":\"https:\/\/kulturonline.tv\/wp-content\/uploads\/2024\/08\/books-5211309_1280.jpg\",\"articleSection\":[\"Literatur\"],\"inLanguage\":\"de\",\"potentialAction\":[{\"@type\":\"CommentAction\",\"name\":\"Comment\",\"target\":[\"https:\/\/kulturonline.tv\/de\/deutscher-buchhandlungspreis-fuer-buchhandlungen-in-nrw\/#respond\"]}]},{\"@type\":\"WebPage\",\"@id\":\"https:\/\/kulturonline.tv\/de\/deutscher-buchhandlungspreis-fuer-buchhandlungen-in-nrw\/\",\"url\":\"https:\/\/kulturonline.tv\/de\/deutscher-buchhandlungspreis-fuer-buchhandlungen-in-nrw\/\",\"name\":\"Deutscher Buchhandlungspreis f\u00fcr Buchhandlungen in NRW - Kultur Online TV &amp; FM\",\"isPartOf\":{\"@id\":\"https:\/\/kulturonline.tv\/de\/#website\"},\"primaryImageOfPage\":{\"@id\":\"https:\/\/kulturonline.tv\/de\/deutscher-buchhandlungspreis-fuer-buchhandlungen-in-nrw\/#primaryimage\"},\"image\":{\"@id\":\"https:\/\/kulturonline.tv\/de\/deutscher-buchhandlungspreis-fuer-buchhandlungen-in-nrw\/#primaryimage\"},\"thumbnailUrl\":\"https:\/\/kulturonline.tv\/wp-content\/uploads\/2024\/08\/books-5211309_1280.jpg\",\"datePublished\":\"2024-08-01T20:35:10+00:00\",\"dateModified\":\"2024-08-01T20:35:11+00:00\",\"description\":\"Kultur sehen und H\u00f6ren\",\"breadcrumb\":{\"@id\":\"https:\/\/kulturonline.tv\/de\/deutscher-buchhandlungspreis-fuer-buchhandlungen-in-nrw\/#breadcrumb\"},\"inLanguage\":\"de\",\"potentialAction\":[{\"@type\":\"ReadAction\",\"target\":[\"https:\/\/kulturonline.tv\/de\/deutscher-buchhandlungspreis-fuer-buchhandlungen-in-nrw\/\"]}]},{\"@type\":\"ImageObject\",\"inLanguage\":\"de\",\"@id\":\"https:\/\/kulturonline.tv\/de\/deutscher-buchhandlungspreis-fuer-buchhandlungen-in-nrw\/#primaryimage\",\"url\":\"https:\/\/kulturonline.tv\/wp-content\/uploads\/2024\/08\/books-5211309_1280.jpg\",\"contentUrl\":\"https:\/\/kulturonline.tv\/wp-content\/uploads\/2024\/08\/books-5211309_1280.jpg\",\"width\":1280,\"height\":853},{\"@type\":\"BreadcrumbList\",\"@id\":\"https:\/\/kulturonline.tv\/de\/deutscher-buchhandlungspreis-fuer-buchhandlungen-in-nrw\/#breadcrumb\",\"itemListElement\":[{\"@type\":\"ListItem\",\"position\":1,\"name\":\"Startseite\",\"item\":\"https:\/\/kulturonline.tv\/de\/\"},{\"@type\":\"ListItem\",\"position\":2,\"name\":\"Deutscher Buchhandlungspreis f\u00fcr Buchhandlungen in NRW\"}]},{\"@type\":\"WebSite\",\"@id\":\"https:\/\/kulturonline.tv\/de\/#website\",\"url\":\"https:\/\/kulturonline.tv\/de\/\",\"name\":\"Kultur Online TV &amp; FM\",\"description\":\"Wir sind Kultur 2.0 zum sehen &amp; h\u00f6ren\",\"publisher\":{\"@id\":\"https:\/\/kulturonline.tv\/de\/#organization\"},\"potentialAction\":[{\"@type\":\"SearchAction\",\"target\":{\"@type\":\"EntryPoint\",\"urlTemplate\":\"https:\/\/kulturonline.tv\/de\/?s={search_term_string}\"},\"query-input\":{\"@type\":\"PropertyValueSpecification\",\"valueRequired\":true,\"valueName\":\"search_term_string\"}}],\"inLanguage\":\"de\"},{\"@type\":\"Organization\",\"@id\":\"https:\/\/kulturonline.tv\/de\/#organization\",\"name\":\"Kultur Online TV\",\"url\":\"https:\/\/kulturonline.tv\/de\/\",\"logo\":{\"@type\":\"ImageObject\",\"inLanguage\":\"de\",\"@id\":\"https:\/\/kulturonline.tv\/de\/#\/schema\/logo\/image\/\",\"url\":\"https:\/\/kulturonline.tv\/wp-content\/uploads\/2021\/08\/Kultur-Online-Tv-Logo-Endversion-neu.png\",\"contentUrl\":\"https:\/\/kulturonline.tv\/wp-content\/uploads\/2021\/08\/Kultur-Online-Tv-Logo-Endversion-neu.png\",\"width\":200,\"height\":200,\"caption\":\"Kultur Online TV\"},\"image\":{\"@id\":\"https:\/\/kulturonline.tv\/de\/#\/schema\/logo\/image\/\"},\"sameAs\":[\"https:\/\/www.facebook.com\/kulturonline.tv\",\"https:\/\/www.instagram.com\/kulturonline.tv\"]},{\"@type\":\"Person\",\"@id\":\"https:\/\/kulturonline.tv\/de\/#\/schema\/person\/b0fac729bb9a0c193fb1df23449df4fe\",\"name\":\"guenter.wolfgang\"}]}<\/script>\n<!-- \/ Yoast SEO plugin. -->","yoast_head_json":{"title":"Deutscher Buchhandlungspreis f\u00fcr Buchhandlungen in NRW - Kultur Online TV &amp; FM","description":"Kultur sehen und H\u00f6ren","robots":{"index":"index","follow":"follow","max-snippet":"max-snippet:-1","max-image-preview":"max-image-preview:large","max-video-preview":"max-video-preview:-1"},"canonical":"https:\/\/kulturonline.tv\/de\/deutscher-buchhandlungspreis-fuer-buchhandlungen-in-nrw\/","og_locale":"de_DE","og_type":"article","og_title":"Deutscher Buchhandlungspreis f\u00fcr Buchhandlungen in NRW - Kultur Online TV &amp; FM","og_description":"Kultur sehen und H\u00f6ren","og_url":"https:\/\/kulturonline.tv\/de\/deutscher-buchhandlungspreis-fuer-buchhandlungen-in-nrw\/","og_site_name":"Kultur Online TV &amp; FM","article_publisher":"https:\/\/www.facebook.com\/kulturonline.tv","article_published_time":"2024-08-01T20:35:10+00:00","article_modified_time":"2024-08-01T20:35:11+00:00","og_image":[{"width":1280,"height":853,"url":"https:\/\/kulturonline.tv\/wp-content\/uploads\/2024\/08\/books-5211309_1280.jpg","type":"image\/jpeg"}],"author":"guenter.wolfgang","twitter_card":"summary_large_image","twitter_misc":{"Verfasst von":"guenter.wolfgang","Gesch\u00e4tzte Lesezeit":"1\u00a0Minute"},"schema":{"@context":"https:\/\/schema.org","@graph":[{"@type":"Article","@id":"https:\/\/kulturonline.tv\/de\/deutscher-buchhandlungspreis-fuer-buchhandlungen-in-nrw\/#article","isPartOf":{"@id":"https:\/\/kulturonline.tv\/de\/deutscher-buchhandlungspreis-fuer-buchhandlungen-in-nrw\/"},"author":{"name":"guenter.wolfgang","@id":"https:\/\/kulturonline.tv\/de\/#\/schema\/person\/b0fac729bb9a0c193fb1df23449df4fe"},"headline":"Deutscher Buchhandlungspreis f\u00fcr Buchhandlungen in NRW","datePublished":"2024-08-01T20:35:10+00:00","dateModified":"2024-08-01T20:35:11+00:00","mainEntityOfPage":{"@id":"https:\/\/kulturonline.tv\/de\/deutscher-buchhandlungspreis-fuer-buchhandlungen-in-nrw\/"},"wordCount":126,"commentCount":3,"publisher":{"@id":"https:\/\/kulturonline.tv\/de\/#organization"},"image":{"@id":"https:\/\/kulturonline.tv\/de\/deutscher-buchhandlungspreis-fuer-buchhandlungen-in-nrw\/#primaryimage"},"thumbnailUrl":"https:\/\/kulturonline.tv\/wp-content\/uploads\/2024\/08\/books-5211309_1280.jpg","articleSection":["Literatur"],"inLanguage":"de","potentialAction":[{"@type":"CommentAction","name":"Comment","target":["https:\/\/kulturonline.tv\/de\/deutscher-buchhandlungspreis-fuer-buchhandlungen-in-nrw\/#respond"]}]},{"@type":"WebPage","@id":"https:\/\/kulturonline.tv\/de\/deutscher-buchhandlungspreis-fuer-buchhandlungen-in-nrw\/","url":"https:\/\/kulturonline.tv\/de\/deutscher-buchhandlungspreis-fuer-buchhandlungen-in-nrw\/","name":"Deutscher Buchhandlungspreis f\u00fcr Buchhandlungen in NRW - Kultur Online TV &amp; FM","isPartOf":{"@id":"https:\/\/kulturonline.tv\/de\/#website"},"primaryImageOfPage":{"@id":"https:\/\/kulturonline.tv\/de\/deutscher-buchhandlungspreis-fuer-buchhandlungen-in-nrw\/#primaryimage"},"image":{"@id":"https:\/\/kulturonline.tv\/de\/deutscher-buchhandlungspreis-fuer-buchhandlungen-in-nrw\/#primaryimage"},"thumbnailUrl":"https:\/\/kulturonline.tv\/wp-content\/uploads\/2024\/08\/books-5211309_1280.jpg","datePublished":"2024-08-01T20:35:10+00:00","dateModified":"2024-08-01T20:35:11+00:00","description":"Kultur sehen und H\u00f6ren","breadcrumb":{"@id":"https:\/\/kulturonline.tv\/de\/deutscher-buchhandlungspreis-fuer-buchhandlungen-in-nrw\/#breadcrumb"},"inLanguage":"de","potentialAction":[{"@type":"ReadAction","target":["https:\/\/kulturonline.tv\/de\/deutscher-buchhandlungspreis-fuer-buchhandlungen-in-nrw\/"]}]},{"@type":"ImageObject","inLanguage":"de","@id":"https:\/\/kulturonline.tv\/de\/deutscher-buchhandlungspreis-fuer-buchhandlungen-in-nrw\/#primaryimage","url":"https:\/\/kulturonline.tv\/wp-content\/uploads\/2024\/08\/books-5211309_1280.jpg","contentUrl":"https:\/\/kulturonline.tv\/wp-content\/uploads\/2024\/08\/books-5211309_1280.jpg","width":1280,"height":853},{"@type":"BreadcrumbList","@id":"https:\/\/kulturonline.tv\/de\/deutscher-buchhandlungspreis-fuer-buchhandlungen-in-nrw\/#breadcrumb","itemListElement":[{"@type":"ListItem","position":1,"name":"Startseite","item":"https:\/\/kulturonline.tv\/de\/"},{"@type":"ListItem","position":2,"name":"Deutscher Buchhandlungspreis f\u00fcr Buchhandlungen in NRW"}]},{"@type":"WebSite","@id":"https:\/\/kulturonline.tv\/de\/#website","url":"https:\/\/kulturonline.tv\/de\/","name":"Kultur Online TV &amp; FM","description":"Wir sind Kultur 2.0 zum sehen &amp; h\u00f6ren","publisher":{"@id":"https:\/\/kulturonline.tv\/de\/#organization"},"potentialAction":[{"@type":"SearchAction","target":{"@type":"EntryPoint","urlTemplate":"https:\/\/kulturonline.tv\/de\/?s={search_term_string}"},"query-input":{"@type":"PropertyValueSpecification","valueRequired":true,"valueName":"search_term_string"}}],"inLanguage":"de"},{"@type":"Organization","@id":"https:\/\/kulturonline.tv\/de\/#organization","name":"Kultur Online TV","url":"https:\/\/kulturonline.tv\/de\/","logo":{"@type":"ImageObject","inLanguage":"de","@id":"https:\/\/kulturonline.tv\/de\/#\/schema\/logo\/image\/","url":"https:\/\/kulturonline.tv\/wp-content\/uploads\/2021\/08\/Kultur-Online-Tv-Logo-Endversion-neu.png","contentUrl":"https:\/\/kulturonline.tv\/wp-content\/uploads\/2021\/08\/Kultur-Online-Tv-Logo-Endversion-neu.png","width":200,"height":200,"caption":"Kultur Online TV"},"image":{"@id":"https:\/\/kulturonline.tv\/de\/#\/schema\/logo\/image\/"},"sameAs":["https:\/\/www.facebook.com\/kulturonline.tv","https:\/\/www.instagram.com\/kulturonline.tv"]},{"@type":"Person","@id":"https:\/\/kulturonline.tv\/de\/#\/schema\/person\/b0fac729bb9a0c193fb1df23449df4fe","name":"guenter.wolfgang"}]}},"_links":{"self":[{"href":"https:\/\/kulturonline.tv\/de\/wp-json\/wp\/v2\/posts\/97333","targetHints":{"allow":["GET"]}}],"collection":[{"href":"https:\/\/kulturonline.tv\/de\/wp-json\/wp\/v2\/posts"}],"about":[{"href":"https:\/\/kulturonline.tv\/de\/wp-json\/wp\/v2\/types\/post"}],"author":[{"embeddable":true,"href":"https:\/\/kulturonline.tv\/de\/wp-json\/wp\/v2\/users\/2"}],"replies":[{"embeddable":true,"href":"https:\/\/kulturonline.tv\/de\/wp-json\/wp\/v2\/comments?post=97333"}],"version-history":[{"count":0,"href":"https:\/\/kulturonline.tv\/de\/wp-json\/wp\/v2\/posts\/97333\/revisions"}],"wp:featuredmedia":[{"embeddable":true,"href":"https:\/\/kulturonline.tv\/de\/wp-json\/wp\/v2\/media\/97334"}],"wp:attachment":[{"href":"https:\/\/kulturonline.tv\/de\/wp-json\/wp\/v2\/media?parent=97333"}],"wp:term":[{"taxonomy":"category","embeddable":true,"href":"https:\/\/kulturonline.tv\/de\/wp-json\/wp\/v2\/categories?post=97333"},{"taxonomy":"post_tag","embeddable":true,"href":"https:\/\/kulturonline.tv\/de\/wp-json\/wp\/v2\/tags?post=97333"}],"curies":[{"name":"wp","href":"https:\/\/api.w.org\/{rel}","templated":true}]}}