{"id":97340,"date":"2024-08-07T15:55:38","date_gmt":"2024-08-07T13:55:38","guid":{"rendered":"https:\/\/kulturonline.tv\/?p=97340"},"modified":"2024-09-07T08:37:36","modified_gmt":"2024-09-07T06:37:36","slug":"neues-radio-und-podcastformat-kaiserzeit","status":"publish","type":"post","link":"https:\/\/kulturonline.tv\/de\/neues-radio-und-podcastformat-kaiserzeit\/","title":{"rendered":"Neues Radio-und Podcastformat: TREFFPUNKT"},"content":{"rendered":"\n<p>Das Reiseformat entdeckt die jeweiligen Regionen hautnah. Uli Kaiser besucht interessante Winkel, spricht unter anderem mit Menschen, die dort aufgewachsen sind und nimmt die Leser, H\u00f6rer und Zuschauer dahin mit, wo das Herz der jeweiligen Region schl\u00e4gt. Dabei beschreibt er auf einzigartige Weise, was er sieht und f\u00fchlt. Lockere, aber auch tiefsinnige Gespr\u00e4che \u00f6ffnen die Schatzkammer der Geschichte oder lassen uns die Passion der Menschen vor Ort entdecken. <\/p>\n\n\n\n<figure class=\"wp-block-image size-large is-resized\"><img fetchpriority=\"high\" decoding=\"async\" width=\"1600\" height=\"901\" src=\"https:\/\/kulturonline.tv\/wp-content\/uploads\/2024\/08\/Kultur-Online-TV-FM-1600x901.png\" alt=\"\" class=\"wp-image-98180\" style=\"width:866px;height:auto\" srcset=\"https:\/\/kulturonline.tv\/wp-content\/uploads\/2024\/08\/Kultur-Online-TV-FM-1600x901.png 1600w, https:\/\/kulturonline.tv\/wp-content\/uploads\/2024\/08\/Kultur-Online-TV-FM-800x451.png 800w, https:\/\/kulturonline.tv\/wp-content\/uploads\/2024\/08\/Kultur-Online-TV-FM-768x433.png 768w, https:\/\/kulturonline.tv\/wp-content\/uploads\/2024\/08\/Kultur-Online-TV-FM-1536x865.png 1536w, https:\/\/kulturonline.tv\/wp-content\/uploads\/2024\/08\/Kultur-Online-TV-FM.png 1640w\" sizes=\"(max-width: 1600px) 100vw, 1600px\" \/><\/figure>\n\n\n\n<p>Traditionelles Handwerk, wunderbare Feste und spannende Heimatgeschichte schlagen Verbindungen zu den Herzen der der Zuh\u00f6rer, Zuschauer oder Leser. Es gibt so vieles, was selbst entfernteste Regionen miteinander verbindet. Es gibt viel altes Wissen, dass uns alle miteinander verbindet und es gibt viel Freude, die beim Treffpunkt in den Menschen ausl\u00f6st.<\/p>\n\n\n\n<p><br>Freude, Liebe zu den Menschen und die Freiheit, wunderbare Flecken unserer Erde auf seine eigene Art zu entdecken. Das m\u00f6chte Uli Kaiser in der Kaiserzeit vermitteln und damit Menschen neugierig machen, eventuell ihre ferne und nahe Heimat, aber vielleicht die eine oder andere eigene Wurzel in fernen Regionen zu entdecken.<\/p>\n\n\n\n<p>Uli Kaiser hat f\u00fcr lokale Radiosender in Oberbayern gearbeitet und unter anderem auch als Sportreporter bei SAT.1 Bayern und TV M\u00fcnchen, gearbeitet. Sein Interesse an der Kultur und an spannenden Regionen brachte ihn schlie\u00dflich mit dem &#8222;Kaiserwinkl&#8220; zusammen, wo er f\u00fcr das Online-Magazin Geschichten schreibt.<\/p>\n\n\n\n<p><br>Das neue Format bei Kultur Online TV-FM &#8222;Treffpunkt&#8220; ist die Erf\u00fcllung eines Traumes, dessen wahrhaftige Geschichten emotional stark, aber immer locker und authentisch den Weg in die Herzen der Leser, H\u00f6rer und Zuschauer finden. Seine nat\u00fcrliche Art begeistert sowohl die portraitierten Menschen, als jeden, der den Weg zum &#8222;Treffpunkt&#8220; findet. Heimatgeschichten, bekannte Gesichter und die Menschen, die eine Region durch ihren Tatendrang und Heimatverbundenheit tragen &#8211; das ist es, was Uli Kaiser vermittelt.<\/p>\n\n\n\n<p>Wir freuen uns Ulrich Kaiser f\u00fcr dieses Format gewinnen zu k\u00f6nnen was von uns-Kultur Online TV-FM &amp; OneNow Media in Zusammenarbeit mit Ullrich Kaiser produziert wird.<\/p>\n\n\n\n<h2 class=\"wp-block-heading\"><a href=\"https:\/\/kulturonline.tv\/de\/kaiserzeit\">Hier geht es zu ersten Ausgabe!<\/a><\/h2>\n\n\n\n<p>Kultur Online TV-FM<\/p>\n\n\n\n<p>#news #podcast #radio #treffpunkt<\/p>\n\n\n\n<h1 class=\"wp-block-heading\"><\/h1>\n\n\n\n<figure class=\"wp-block-image size-large\"><img decoding=\"async\" width=\"1600\" height=\"505\" src=\"https:\/\/kulturonline.tv\/wp-content\/uploads\/2024\/08\/Lass-auch-du-dich-finden-1600x505.png\" alt=\"\" class=\"wp-image-97345\" srcset=\"https:\/\/kulturonline.tv\/wp-content\/uploads\/2024\/08\/Lass-auch-du-dich-finden-1600x505.png 1600w, https:\/\/kulturonline.tv\/wp-content\/uploads\/2024\/08\/Lass-auch-du-dich-finden-800x253.png 800w, https:\/\/kulturonline.tv\/wp-content\/uploads\/2024\/08\/Lass-auch-du-dich-finden-768x243.png 768w, https:\/\/kulturonline.tv\/wp-content\/uploads\/2024\/08\/Lass-auch-du-dich-finden-1536x485.png 1536w, https:\/\/kulturonline.tv\/wp-content\/uploads\/2024\/08\/Lass-auch-du-dich-finden.png 1900w\" sizes=\"(max-width: 1600px) 100vw, 1600px\" \/><\/figure>\n","protected":false},"excerpt":{"rendered":"<p>Das Reiseformat entdeckt die jeweiligen Regionen hautnah. Uli Kaiser besucht interessante Winkel, spricht unter anderem mit Menschen, die dort aufgewachsen sind und nimmt die Leser, H\u00f6rer und Zuschauer dahin mit, wo das Herz der jeweiligen Region schl\u00e4gt. Dabei beschreibt er auf einzigartige Weise, was er sieht und f\u00fchlt. Lockere, aber auch tiefsinnige Gespr\u00e4che \u00f6ffnen die [&hellip;]<\/p>\n","protected":false},"author":2,"featured_media":98189,"comment_status":"open","ping_status":"closed","sticky":false,"template":"","format":"standard","meta":{"_acf_changed":false,"footnotes":""},"categories":[646,3,214],"tags":[],"class_list":["post-97340","post","type-post","status-publish","format-standard","has-post-thumbnail","hentry","category-lifestyle","category-newsflash","category-radio-news-aktuell"],"acf":[],"yoast_head":"<!-- This site is optimized with the Yoast SEO plugin v26.1.1 - https:\/\/yoast.com\/wordpress\/plugins\/seo\/ -->\n<title>Neues Radio-und Podcastformat: TREFFPUNKT - Kultur Online TV &amp; FM<\/title>\n<meta name=\"description\" content=\"Das Reiseformat entdeckt die jeweiligen Regionen hautnah. Uli Kaiser besucht interessante Winkel.\" \/>\n<meta name=\"robots\" content=\"index, follow, max-snippet:-1, max-image-preview:large, max-video-preview:-1\" \/>\n<link rel=\"canonical\" href=\"https:\/\/kulturonline.tv\/de\/neues-radio-und-podcastformat-kaiserzeit\/\" \/>\n<meta property=\"og:locale\" content=\"de_DE\" \/>\n<meta property=\"og:type\" content=\"article\" \/>\n<meta property=\"og:title\" content=\"Neues Radio-und Podcastformat: TREFFPUNKT - Kultur Online TV &amp; FM\" \/>\n<meta property=\"og:description\" content=\"Das Reiseformat entdeckt die jeweiligen Regionen hautnah. Uli Kaiser besucht interessante Winkel.\" \/>\n<meta property=\"og:url\" content=\"https:\/\/kulturonline.tv\/de\/neues-radio-und-podcastformat-kaiserzeit\/\" \/>\n<meta property=\"og:site_name\" content=\"Kultur Online TV &amp; FM\" \/>\n<meta property=\"article:publisher\" content=\"https:\/\/www.facebook.com\/kulturonline.tv\" \/>\n<meta property=\"article:published_time\" content=\"2024-08-07T13:55:38+00:00\" \/>\n<meta property=\"article:modified_time\" content=\"2024-09-07T06:37:36+00:00\" \/>\n<meta property=\"og:image\" content=\"https:\/\/kulturonline.tv\/wp-content\/uploads\/2024\/08\/KTV-1.png\" \/>\n\t<meta property=\"og:image:width\" content=\"1640\" \/>\n\t<meta property=\"og:image:height\" content=\"924\" \/>\n\t<meta property=\"og:image:type\" content=\"image\/png\" \/>\n<meta name=\"author\" content=\"guenter.wolfgang\" \/>\n<meta name=\"twitter:card\" content=\"summary_large_image\" \/>\n<meta name=\"twitter:label1\" content=\"Verfasst von\" \/>\n\t<meta name=\"twitter:data1\" content=\"guenter.wolfgang\" \/>\n\t<meta name=\"twitter:label2\" content=\"Gesch\u00e4tzte Lesezeit\" \/>\n\t<meta name=\"twitter:data2\" content=\"2\u00a0Minuten\" \/>\n<script type=\"application\/ld+json\" class=\"yoast-schema-graph\">{\"@context\":\"https:\/\/schema.org\",\"@graph\":[{\"@type\":\"Article\",\"@id\":\"https:\/\/kulturonline.tv\/de\/neues-radio-und-podcastformat-kaiserzeit\/#article\",\"isPartOf\":{\"@id\":\"https:\/\/kulturonline.tv\/de\/neues-radio-und-podcastformat-kaiserzeit\/\"},\"author\":{\"name\":\"guenter.wolfgang\",\"@id\":\"https:\/\/kulturonline.tv\/de\/#\/schema\/person\/b0fac729bb9a0c193fb1df23449df4fe\"},\"headline\":\"Neues Radio-und Podcastformat: TREFFPUNKT\",\"datePublished\":\"2024-08-07T13:55:38+00:00\",\"dateModified\":\"2024-09-07T06:37:36+00:00\",\"mainEntityOfPage\":{\"@id\":\"https:\/\/kulturonline.tv\/de\/neues-radio-und-podcastformat-kaiserzeit\/\"},\"wordCount\":345,\"commentCount\":4,\"publisher\":{\"@id\":\"https:\/\/kulturonline.tv\/de\/#organization\"},\"image\":{\"@id\":\"https:\/\/kulturonline.tv\/de\/neues-radio-und-podcastformat-kaiserzeit\/#primaryimage\"},\"thumbnailUrl\":\"https:\/\/kulturonline.tv\/wp-content\/uploads\/2024\/08\/KTV-1.png\",\"articleSection\":[\"Lifestyle\",\"Newsflash\",\"Radio News-Aktuell\"],\"inLanguage\":\"de\",\"potentialAction\":[{\"@type\":\"CommentAction\",\"name\":\"Comment\",\"target\":[\"https:\/\/kulturonline.tv\/de\/neues-radio-und-podcastformat-kaiserzeit\/#respond\"]}]},{\"@type\":\"WebPage\",\"@id\":\"https:\/\/kulturonline.tv\/de\/neues-radio-und-podcastformat-kaiserzeit\/\",\"url\":\"https:\/\/kulturonline.tv\/de\/neues-radio-und-podcastformat-kaiserzeit\/\",\"name\":\"Neues Radio-und Podcastformat: TREFFPUNKT - Kultur Online TV &amp; FM\",\"isPartOf\":{\"@id\":\"https:\/\/kulturonline.tv\/de\/#website\"},\"primaryImageOfPage\":{\"@id\":\"https:\/\/kulturonline.tv\/de\/neues-radio-und-podcastformat-kaiserzeit\/#primaryimage\"},\"image\":{\"@id\":\"https:\/\/kulturonline.tv\/de\/neues-radio-und-podcastformat-kaiserzeit\/#primaryimage\"},\"thumbnailUrl\":\"https:\/\/kulturonline.tv\/wp-content\/uploads\/2024\/08\/KTV-1.png\",\"datePublished\":\"2024-08-07T13:55:38+00:00\",\"dateModified\":\"2024-09-07T06:37:36+00:00\",\"description\":\"Das Reiseformat entdeckt die jeweiligen Regionen hautnah. Uli Kaiser besucht interessante Winkel.\",\"breadcrumb\":{\"@id\":\"https:\/\/kulturonline.tv\/de\/neues-radio-und-podcastformat-kaiserzeit\/#breadcrumb\"},\"inLanguage\":\"de\",\"potentialAction\":[{\"@type\":\"ReadAction\",\"target\":[\"https:\/\/kulturonline.tv\/de\/neues-radio-und-podcastformat-kaiserzeit\/\"]}]},{\"@type\":\"ImageObject\",\"inLanguage\":\"de\",\"@id\":\"https:\/\/kulturonline.tv\/de\/neues-radio-und-podcastformat-kaiserzeit\/#primaryimage\",\"url\":\"https:\/\/kulturonline.tv\/wp-content\/uploads\/2024\/08\/KTV-1.png\",\"contentUrl\":\"https:\/\/kulturonline.tv\/wp-content\/uploads\/2024\/08\/KTV-1.png\",\"width\":1640,\"height\":924},{\"@type\":\"BreadcrumbList\",\"@id\":\"https:\/\/kulturonline.tv\/de\/neues-radio-und-podcastformat-kaiserzeit\/#breadcrumb\",\"itemListElement\":[{\"@type\":\"ListItem\",\"position\":1,\"name\":\"Startseite\",\"item\":\"https:\/\/kulturonline.tv\/de\/\"},{\"@type\":\"ListItem\",\"position\":2,\"name\":\"Neues Radio-und Podcastformat: TREFFPUNKT\"}]},{\"@type\":\"WebSite\",\"@id\":\"https:\/\/kulturonline.tv\/de\/#website\",\"url\":\"https:\/\/kulturonline.tv\/de\/\",\"name\":\"Kultur Online TV &amp; FM\",\"description\":\"Wir sind Kultur 2.0 zum sehen &amp; h\u00f6ren\",\"publisher\":{\"@id\":\"https:\/\/kulturonline.tv\/de\/#organization\"},\"potentialAction\":[{\"@type\":\"SearchAction\",\"target\":{\"@type\":\"EntryPoint\",\"urlTemplate\":\"https:\/\/kulturonline.tv\/de\/?s={search_term_string}\"},\"query-input\":{\"@type\":\"PropertyValueSpecification\",\"valueRequired\":true,\"valueName\":\"search_term_string\"}}],\"inLanguage\":\"de\"},{\"@type\":\"Organization\",\"@id\":\"https:\/\/kulturonline.tv\/de\/#organization\",\"name\":\"Kultur Online TV\",\"url\":\"https:\/\/kulturonline.tv\/de\/\",\"logo\":{\"@type\":\"ImageObject\",\"inLanguage\":\"de\",\"@id\":\"https:\/\/kulturonline.tv\/de\/#\/schema\/logo\/image\/\",\"url\":\"https:\/\/kulturonline.tv\/wp-content\/uploads\/2021\/08\/Kultur-Online-Tv-Logo-Endversion-neu.png\",\"contentUrl\":\"https:\/\/kulturonline.tv\/wp-content\/uploads\/2021\/08\/Kultur-Online-Tv-Logo-Endversion-neu.png\",\"width\":200,\"height\":200,\"caption\":\"Kultur Online TV\"},\"image\":{\"@id\":\"https:\/\/kulturonline.tv\/de\/#\/schema\/logo\/image\/\"},\"sameAs\":[\"https:\/\/www.facebook.com\/kulturonline.tv\",\"https:\/\/www.instagram.com\/kulturonline.tv\"]},{\"@type\":\"Person\",\"@id\":\"https:\/\/kulturonline.tv\/de\/#\/schema\/person\/b0fac729bb9a0c193fb1df23449df4fe\",\"name\":\"guenter.wolfgang\"}]}<\/script>\n<!-- \/ Yoast SEO plugin. -->","yoast_head_json":{"title":"Neues Radio-und Podcastformat: TREFFPUNKT - Kultur Online TV &amp; FM","description":"Das Reiseformat entdeckt die jeweiligen Regionen hautnah. Uli Kaiser besucht interessante Winkel.","robots":{"index":"index","follow":"follow","max-snippet":"max-snippet:-1","max-image-preview":"max-image-preview:large","max-video-preview":"max-video-preview:-1"},"canonical":"https:\/\/kulturonline.tv\/de\/neues-radio-und-podcastformat-kaiserzeit\/","og_locale":"de_DE","og_type":"article","og_title":"Neues Radio-und Podcastformat: TREFFPUNKT - Kultur Online TV &amp; FM","og_description":"Das Reiseformat entdeckt die jeweiligen Regionen hautnah. Uli Kaiser besucht interessante Winkel.","og_url":"https:\/\/kulturonline.tv\/de\/neues-radio-und-podcastformat-kaiserzeit\/","og_site_name":"Kultur Online TV &amp; FM","article_publisher":"https:\/\/www.facebook.com\/kulturonline.tv","article_published_time":"2024-08-07T13:55:38+00:00","article_modified_time":"2024-09-07T06:37:36+00:00","og_image":[{"width":1640,"height":924,"url":"https:\/\/kulturonline.tv\/wp-content\/uploads\/2024\/08\/KTV-1.png","type":"image\/png"}],"author":"guenter.wolfgang","twitter_card":"summary_large_image","twitter_misc":{"Verfasst von":"guenter.wolfgang","Gesch\u00e4tzte Lesezeit":"2\u00a0Minuten"},"schema":{"@context":"https:\/\/schema.org","@graph":[{"@type":"Article","@id":"https:\/\/kulturonline.tv\/de\/neues-radio-und-podcastformat-kaiserzeit\/#article","isPartOf":{"@id":"https:\/\/kulturonline.tv\/de\/neues-radio-und-podcastformat-kaiserzeit\/"},"author":{"name":"guenter.wolfgang","@id":"https:\/\/kulturonline.tv\/de\/#\/schema\/person\/b0fac729bb9a0c193fb1df23449df4fe"},"headline":"Neues Radio-und Podcastformat: TREFFPUNKT","datePublished":"2024-08-07T13:55:38+00:00","dateModified":"2024-09-07T06:37:36+00:00","mainEntityOfPage":{"@id":"https:\/\/kulturonline.tv\/de\/neues-radio-und-podcastformat-kaiserzeit\/"},"wordCount":345,"commentCount":4,"publisher":{"@id":"https:\/\/kulturonline.tv\/de\/#organization"},"image":{"@id":"https:\/\/kulturonline.tv\/de\/neues-radio-und-podcastformat-kaiserzeit\/#primaryimage"},"thumbnailUrl":"https:\/\/kulturonline.tv\/wp-content\/uploads\/2024\/08\/KTV-1.png","articleSection":["Lifestyle","Newsflash","Radio News-Aktuell"],"inLanguage":"de","potentialAction":[{"@type":"CommentAction","name":"Comment","target":["https:\/\/kulturonline.tv\/de\/neues-radio-und-podcastformat-kaiserzeit\/#respond"]}]},{"@type":"WebPage","@id":"https:\/\/kulturonline.tv\/de\/neues-radio-und-podcastformat-kaiserzeit\/","url":"https:\/\/kulturonline.tv\/de\/neues-radio-und-podcastformat-kaiserzeit\/","name":"Neues Radio-und Podcastformat: TREFFPUNKT - Kultur Online TV &amp; FM","isPartOf":{"@id":"https:\/\/kulturonline.tv\/de\/#website"},"primaryImageOfPage":{"@id":"https:\/\/kulturonline.tv\/de\/neues-radio-und-podcastformat-kaiserzeit\/#primaryimage"},"image":{"@id":"https:\/\/kulturonline.tv\/de\/neues-radio-und-podcastformat-kaiserzeit\/#primaryimage"},"thumbnailUrl":"https:\/\/kulturonline.tv\/wp-content\/uploads\/2024\/08\/KTV-1.png","datePublished":"2024-08-07T13:55:38+00:00","dateModified":"2024-09-07T06:37:36+00:00","description":"Das Reiseformat entdeckt die jeweiligen Regionen hautnah. Uli Kaiser besucht interessante Winkel.","breadcrumb":{"@id":"https:\/\/kulturonline.tv\/de\/neues-radio-und-podcastformat-kaiserzeit\/#breadcrumb"},"inLanguage":"de","potentialAction":[{"@type":"ReadAction","target":["https:\/\/kulturonline.tv\/de\/neues-radio-und-podcastformat-kaiserzeit\/"]}]},{"@type":"ImageObject","inLanguage":"de","@id":"https:\/\/kulturonline.tv\/de\/neues-radio-und-podcastformat-kaiserzeit\/#primaryimage","url":"https:\/\/kulturonline.tv\/wp-content\/uploads\/2024\/08\/KTV-1.png","contentUrl":"https:\/\/kulturonline.tv\/wp-content\/uploads\/2024\/08\/KTV-1.png","width":1640,"height":924},{"@type":"BreadcrumbList","@id":"https:\/\/kulturonline.tv\/de\/neues-radio-und-podcastformat-kaiserzeit\/#breadcrumb","itemListElement":[{"@type":"ListItem","position":1,"name":"Startseite","item":"https:\/\/kulturonline.tv\/de\/"},{"@type":"ListItem","position":2,"name":"Neues Radio-und Podcastformat: TREFFPUNKT"}]},{"@type":"WebSite","@id":"https:\/\/kulturonline.tv\/de\/#website","url":"https:\/\/kulturonline.tv\/de\/","name":"Kultur Online TV &amp; FM","description":"Wir sind Kultur 2.0 zum sehen &amp; h\u00f6ren","publisher":{"@id":"https:\/\/kulturonline.tv\/de\/#organization"},"potentialAction":[{"@type":"SearchAction","target":{"@type":"EntryPoint","urlTemplate":"https:\/\/kulturonline.tv\/de\/?s={search_term_string}"},"query-input":{"@type":"PropertyValueSpecification","valueRequired":true,"valueName":"search_term_string"}}],"inLanguage":"de"},{"@type":"Organization","@id":"https:\/\/kulturonline.tv\/de\/#organization","name":"Kultur Online TV","url":"https:\/\/kulturonline.tv\/de\/","logo":{"@type":"ImageObject","inLanguage":"de","@id":"https:\/\/kulturonline.tv\/de\/#\/schema\/logo\/image\/","url":"https:\/\/kulturonline.tv\/wp-content\/uploads\/2021\/08\/Kultur-Online-Tv-Logo-Endversion-neu.png","contentUrl":"https:\/\/kulturonline.tv\/wp-content\/uploads\/2021\/08\/Kultur-Online-Tv-Logo-Endversion-neu.png","width":200,"height":200,"caption":"Kultur Online TV"},"image":{"@id":"https:\/\/kulturonline.tv\/de\/#\/schema\/logo\/image\/"},"sameAs":["https:\/\/www.facebook.com\/kulturonline.tv","https:\/\/www.instagram.com\/kulturonline.tv"]},{"@type":"Person","@id":"https:\/\/kulturonline.tv\/de\/#\/schema\/person\/b0fac729bb9a0c193fb1df23449df4fe","name":"guenter.wolfgang"}]}},"_links":{"self":[{"href":"https:\/\/kulturonline.tv\/de\/wp-json\/wp\/v2\/posts\/97340","targetHints":{"allow":["GET"]}}],"collection":[{"href":"https:\/\/kulturonline.tv\/de\/wp-json\/wp\/v2\/posts"}],"about":[{"href":"https:\/\/kulturonline.tv\/de\/wp-json\/wp\/v2\/types\/post"}],"author":[{"embeddable":true,"href":"https:\/\/kulturonline.tv\/de\/wp-json\/wp\/v2\/users\/2"}],"replies":[{"embeddable":true,"href":"https:\/\/kulturonline.tv\/de\/wp-json\/wp\/v2\/comments?post=97340"}],"version-history":[{"count":0,"href":"https:\/\/kulturonline.tv\/de\/wp-json\/wp\/v2\/posts\/97340\/revisions"}],"wp:featuredmedia":[{"embeddable":true,"href":"https:\/\/kulturonline.tv\/de\/wp-json\/wp\/v2\/media\/98189"}],"wp:attachment":[{"href":"https:\/\/kulturonline.tv\/de\/wp-json\/wp\/v2\/media?parent=97340"}],"wp:term":[{"taxonomy":"category","embeddable":true,"href":"https:\/\/kulturonline.tv\/de\/wp-json\/wp\/v2\/categories?post=97340"},{"taxonomy":"post_tag","embeddable":true,"href":"https:\/\/kulturonline.tv\/de\/wp-json\/wp\/v2\/tags?post=97340"}],"curies":[{"name":"wp","href":"https:\/\/api.w.org\/{rel}","templated":true}]}}